{"id":281506,"date":"2025-07-29T08:43:10","date_gmt":"2025-07-29T08:43:10","guid":{"rendered":"https:\/\/www.europesays.com\/fr\/281506\/"},"modified":"2025-07-29T08:43:10","modified_gmt":"2025-07-29T08:43:10","slug":"la-strategie-de-rachida-dati-pour-eviter-la-correctionnelle","status":"publish","type":"post","link":"https:\/\/www.europesays.com\/fr\/281506\/","title":{"rendered":"la strat\u00e9gie de Rachida Dati pour \u00e9viter la correctionnelle"},"content":{"rendered":"<p><strong>INFO LE FIGARO &#8211; <\/strong>La ministre demande \u00e0 nouveau l\u2019annulation de l\u2019ordonnance de renvoi. Dans son viseur\u00a0: la prescription, qui r\u00e9duirait les poursuites \u00e0 n\u00e9ant.<\/p>\n<p class=\"fig-paragraph\"><a href=\"http:\/\/www.lefigaro.fr\/politique\/renvoyee-en-proces-dans-l-affaire-renault-dati-s-interroge-sur-une-coincidence-entre-le-timing-judiciaire-et-l-agenda-politique-20250722\" data-fig-type=\"NewsFlash\" data-gtm-custom-categorie=\"navigation\" data-gtm-custom-action=\"crossclick\" data-gtm-custom-label=\"Contextuel\" data-gtm-event=\"customEventSPE\" data-fig-domain=\"LEFIGARO\" target=\"_blank\" rel=\"noopener\">Renvoy\u00e9e devant la justice<\/a>\u00a0depuis le 22\u00a0juillet pour recel d\u2019abus de pouvoir et d\u2019abus de confiance, corruption, trafic d\u2019influence &#8211;\u00a0charges qu\u2019elle r\u00e9fute avec la derni\u00e8re \u00e9nergie\u00a0-,\u00a0<a href=\"http:\/\/www.lefigaro.fr\/politique\/rachida-dati-renvoyee-en-proces-pour-francois-bayrou-le-respect-de-l-institution-judiciaire-doit-etre-un-devoir-d-etat-20250724\" data-fig-type=\"NewsFlash\" data-gtm-custom-categorie=\"navigation\" data-gtm-custom-action=\"crossclick\" data-gtm-custom-label=\"Contextuel\" data-gtm-event=\"customEventSPE\" data-fig-domain=\"LEFIGARO\" target=\"_blank\" rel=\"noopener\">Rachida Dati<\/a>\u00a0continue son offensive proc\u00e9durale afin de d\u00e9jouer la perspective d\u2019un proc\u00e8s.<\/p>\n<p class=\"fig-paragraph\">La ministre a une nouvelle fois saisi, lundi, la chambre de l\u2019instruction. La requ\u00eate sign\u00e9e par l\u2019un de ses avocats, Me\u00a0Olivier Bluche, demande aux magistrats d\u2019annuler l\u2019ordonnance de renvoi devant le tribunal correctionnel (ORTC), ce qui entra\u00eenerait la r\u00e9ouverture des investigations. Au c\u0153ur de cette d\u00e9marche\u00a0: le cheval de bataille de la d\u00e9fense, autrement dit la cote fant\u00f4me du dossier. Et en ligne de mire, la prescription qui ferait s\u2019effondrer l\u2019accusation.<\/p>\n<p class=\"fig-paragraph\">Mme\u00a0Dati, devenue avocate d\u00e9but 2010, soutient que ses prestations au service de Renault de 2010 \u00e0 2012, pour un montant total de 900.000\u00a0euros, \u00e9taient r\u00e9elles, quand les juges d\u2019instruction, qui mettent en doute la mat\u00e9rialit\u00e9 de ses diligences, souhaitent\u2026<\/p>\n<p class=\"fig-premium-paywall__infos\">\n        Cet article est r\u00e9serv\u00e9 aux abonn\u00e9s.        Il vous reste 79% \u00e0 d\u00e9couvrir.\n    <\/p>\n<p>                <img  data- alt=\"Le Figaro\" class=\"fig-img--complete fig-img\"\/><\/p>\n<p class=\"fig-premium-paywall__title\">Vous avez envie de lire la suite ?<\/p>\n<p class=\"fig-premium-paywall__subtitle\">D\u00e9bloquez tous les articles imm\u00e9diatement.<\/p>\n<p class=\"fig-premium-paywall__connect\">\n                D\u00e9j\u00e0 abonn\u00e9\u00a0?                <a class=\"fig-premium-paywall__connect-link\" href=\"https:\/\/connect.lefigaro.fr\/login?client=horizon_web&amp;type=main&amp;redirect_uri=https%3A%2F%2Fwww.lefigaro.fr%2Fpolitique%2Faffaire-renault-nissan-la-strategie-de-rachida-dati-pour-eviter-la-correctionnelle-20250729\" data-js-gtm=\"{&quot;customCategorie&quot;: &quot;conversion&quot;, &quot;customAction&quot;: &quot;before_Landing_Connexion_paywall_auto&quot;, &quot;customLabel&quot;: &quot;bGVmaWdhcm8uZnJfXzFmMDZiYTcyLTFkMjktNmNiMC1iZDMxLWRkNjM4NDE5N2IzNl9fQXJ0aWNsZQ==_Affaire Renault-Nissan\u00a0: la strat\u00e9gie de Rachida Dati pour \u00e9viter la correctionnelle_250&quot;, &quot;customIDSPE&quot;: &quot;bGVmaWdhcm8uZnJfXzFmMDZiYTcyLTFkMjktNmNiMC1iZDMxLWRkNjM4NDE5N2IzNl9fQXJ0aWNsZQ==&quot;, &quot;event&quot;: &quot;customEventSPE&quot;}\" target=\"_blank\" rel=\"noopener\"><br \/>\n                    Connectez-vous<br \/>\n                <\/a>\n            <\/p>\n","protected":false},"excerpt":{"rendered":"INFO LE FIGARO &#8211; La ministre demande \u00e0 nouveau l\u2019annulation de l\u2019ordonnance de renvoi. Dans son viseur\u00a0: la&hellip;\n","protected":false},"author":2,"featured_media":281507,"comment_status":"","ping_status":"","sticky":false,"template":"","format":"standard","meta":{"footnotes":""},"categories":[2],"tags":[11,1011,27,12,2657,417,10651],"class_list":{"0":"post-281506","1":"post","2":"type-post","3":"status-publish","4":"format-standard","5":"has-post-thumbnail","7":"category-actualites","8":"tag-actualites","9":"tag-fr","10":"tag-france","11":"tag-news","12":"tag-nissan","13":"tag-rachida-dati","14":"tag-renault"},"share_on_mastodon":{"url":"https:\/\/pubeurope.com\/@fr\/114935641023671357","error":""},"_links":{"self":[{"href":"https:\/\/www.europesays.com\/fr\/wp-json\/wp\/v2\/posts\/281506","targetHints":{"allow":["GET"]}}],"collection":[{"href":"https:\/\/www.europesays.com\/fr\/wp-json\/wp\/v2\/posts"}],"about":[{"href":"https:\/\/www.europesays.com\/fr\/wp-json\/wp\/v2\/types\/post"}],"author":[{"embeddable":true,"href":"https:\/\/www.europesays.com\/fr\/wp-json\/wp\/v2\/users\/2"}],"replies":[{"embeddable":true,"href":"https:\/\/www.europesays.com\/fr\/wp-json\/wp\/v2\/comments?post=281506"}],"version-history":[{"count":0,"href":"https:\/\/www.europesays.com\/fr\/wp-json\/wp\/v2\/posts\/281506\/revisions"}],"wp:featuredmedia":[{"embeddable":true,"href":"https:\/\/www.europesays.com\/fr\/wp-json\/wp\/v2\/media\/281507"}],"wp:attachment":[{"href":"https:\/\/www.europesays.com\/fr\/wp-json\/wp\/v2\/media?parent=281506"}],"wp:term":[{"taxonomy":"category","embeddable":true,"href":"https:\/\/www.europesays.com\/fr\/wp-json\/wp\/v2\/categories?post=281506"},{"taxonomy":"post_tag","embeddable":true,"href":"https:\/\/www.europesays.com\/fr\/wp-json\/wp\/v2\/tags?post=281506"}],"curies":[{"name":"wp","href":"https:\/\/api.w.org\/{rel}","templated":true}]}}