{"id":281518,"date":"2025-07-29T08:57:09","date_gmt":"2025-07-29T08:57:09","guid":{"rendered":"https:\/\/www.europesays.com\/fr\/281518\/"},"modified":"2025-07-29T08:57:09","modified_gmt":"2025-07-29T08:57:09","slug":"un-homme-de-20-ans-dans-un-etat-grave","status":"publish","type":"post","link":"https:\/\/www.europesays.com\/fr\/281518\/","title":{"rendered":"un homme de 20 ans dans un \u00e9tat grave"},"content":{"rendered":"<p>            Par<br \/>\n        <strong><br \/>\n            <a href=\"https:\/\/actu.fr\/auteur\/lisa-rodrigues\" title=\"Consulter tous les articles de Lisa Rodrigues\" rel=\"nofollow noopener\" target=\"_blank\">Lisa Rodrigues<\/a><br \/>\n        <\/strong><\/p>\n<p>        Publi\u00e9 le<\/p>\n<p>            29 juil. 2025 \u00e0 10h49        <\/p>\n<p>Nouvelle agression \u00e0 l\u2019arme blanche sur la voie publique \u00e0 <a href=\"https:\/\/actu.fr\/auvergne-rhone-alpes\/grenoble_38185\" rel=\"nofollow noopener\" target=\"_blank\">Grenoble<\/a>.<\/p>\n<p class=\" wall-content\">Comme r\u00e9v\u00e9l\u00e9 par <a href=\"https:\/\/c.ledauphine.com\/faits-divers-justice\/2025\/07\/29\/un-jeune-homme-gravement-blesse-a-coups-de-couteau\" rel=\"nofollow noopener\" target=\"_blank\">Le Dauphin\u00e9 Lib\u00e9r\u00e9<\/a> et confirm\u00e9 \u00e0 la r\u00e9daction, un jeune homme \u00e2g\u00e9 de 20 ans a \u00e9t\u00e9 victime de <strong>plusieurs coups de couteau<\/strong>, rue Amp\u00e8re, lundi 28 juillet en milieu d\u2019apr\u00e8s-midi.<\/p>\n<p>    <a href=\"https:\/\/www.google.com\/maps\/embed?pb=!1m18!1m12!1m3!1d2812.1376638857423!2d5.703061175023832!3d45.18430947107071!2m3!1f0!2f0!3f0!3m2!1i1024!2i768!4f13.1!3m3!1m2!1s0x478af363437b57f3%3A0xb81081851b4098cf!2sRue%20Amp%C3%A8re%2C%20Grenoble!5e0!3m2!1sfr!2sfr!4v1753778363489!5m2!1sfr!2sfr\" title=\"Ouvrie le lien\" rel=\"nofollow noopener\" target=\"_blank\">Cliquez ici pour visualiser le contenu<\/a><\/p>\n<p class=\" wall-content\">L\u2019homme a d\u00fb \u00eatre transport\u00e9 dans un <strong>\u00e9tat grave<\/strong> au <a href=\"https:\/\/actu.fr\/tag\/chu-grenoble-alpes\" rel=\"nofollow noopener\" target=\"_blank\">CHU Grenoble-Alpes<\/a> pour y recevoir des soins.<\/p>\n<p>Une enqu\u00eate ouverte<\/p>\n<p class=\" wall-content\">Les circonstances de cette nouvelle agression en plein jour sont, pour le moment, inconnues. Une enqu\u00eate a \u00e9t\u00e9 ouverte par les services de la police nationale.<\/p>\n<p class=\" wall-content\">Suivez toute l\u2019actualit\u00e9 de vos villes et m\u00e9dias favoris en vous inscrivant \u00e0 <a href=\"https:\/\/moncompte.actu.fr\" title=\"D\u00e9couvez Mon Actu\" rel=\"nofollow noopener\" data-trk=\"{&quot;cta&quot;:{&quot;action&quot;:&quot;https:\\\/\\\/moncompte.actu.fr&quot;,&quot;category&quot;:&quot;mon compte&quot;,&quot;from&quot;:&quot;article footer&quot;,&quot;name&quot;:&quot;Mon actu&quot;,&quot;type&quot;:&quot;cta&quot;}}\" target=\"_blank\">Mon Actu<\/a>.<\/p>\n","protected":false},"excerpt":{"rendered":"Par Lisa Rodrigues Publi\u00e9 le 29 juil. 2025 \u00e0 10h49 Nouvelle agression \u00e0 l\u2019arme blanche sur la voie&hellip;\n","protected":false},"author":2,"featured_media":281519,"comment_status":"","ping_status":"","sticky":false,"template":"","format":"standard","meta":{"footnotes":""},"categories":[9566],"tags":[1111,11,2430,1777,674,118,1011,27,2731,12,1072,1311,25],"class_list":{"0":"post-281518","1":"post","2":"type-post","3":"status-publish","4":"format-standard","5":"has-post-thumbnail","7":"category-grenoble","8":"tag-actu","9":"tag-actualites","10":"tag-auvergne-rhone-alpes","11":"tag-eu","12":"tag-europe","13":"tag-faits-divers","14":"tag-fr","15":"tag-france","16":"tag-grenoble","17":"tag-news","18":"tag-police","19":"tag-pompiers","20":"tag-republique-francaise"},"share_on_mastodon":{"url":"https:\/\/pubeurope.com\/@fr\/114935696124485150","error":""},"_links":{"self":[{"href":"https:\/\/www.europesays.com\/fr\/wp-json\/wp\/v2\/posts\/281518","targetHints":{"allow":["GET"]}}],"collection":[{"href":"https:\/\/www.europesays.com\/fr\/wp-json\/wp\/v2\/posts"}],"about":[{"href":"https:\/\/www.europesays.com\/fr\/wp-json\/wp\/v2\/types\/post"}],"author":[{"embeddable":true,"href":"https:\/\/www.europesays.com\/fr\/wp-json\/wp\/v2\/users\/2"}],"replies":[{"embeddable":true,"href":"https:\/\/www.europesays.com\/fr\/wp-json\/wp\/v2\/comments?post=281518"}],"version-history":[{"count":0,"href":"https:\/\/www.europesays.com\/fr\/wp-json\/wp\/v2\/posts\/281518\/revisions"}],"wp:featuredmedia":[{"embeddable":true,"href":"https:\/\/www.europesays.com\/fr\/wp-json\/wp\/v2\/media\/281519"}],"wp:attachment":[{"href":"https:\/\/www.europesays.com\/fr\/wp-json\/wp\/v2\/media?parent=281518"}],"wp:term":[{"taxonomy":"category","embeddable":true,"href":"https:\/\/www.europesays.com\/fr\/wp-json\/wp\/v2\/categories?post=281518"},{"taxonomy":"post_tag","embeddable":true,"href":"https:\/\/www.europesays.com\/fr\/wp-json\/wp\/v2\/tags?post=281518"}],"curies":[{"name":"wp","href":"https:\/\/api.w.org\/{rel}","templated":true}]}}