{"id":281520,"date":"2025-07-29T08:58:12","date_gmt":"2025-07-29T08:58:12","guid":{"rendered":"https:\/\/www.europesays.com\/fr\/281520\/"},"modified":"2025-07-29T08:58:12","modified_gmt":"2025-07-29T08:58:12","slug":"vezin-le-coquet-les-rangs-de-la-liste-vezin-nouvel-elan-se-remplissent","status":"publish","type":"post","link":"https:\/\/www.europesays.com\/fr\/281520\/","title":{"rendered":"Vezin-le-Coquet. Les rangs de la liste Vezin nouvel \u00e9lan se remplissent"},"content":{"rendered":"<p>La liste Vezin nouvel \u00e9lan, initi\u00e9e par Paul Le Meut et Marie-France Lahaye, poursuit sa mise en \u0153uvre. Le groupe initial a \u00e9t\u00e9 renforc\u00e9 par des \u00e9lus de la majorit\u00e9 sortante, qui ne souhaitent pas rejoindre la liste parrain\u00e9e par le maire, Ren\u00e9-Fran\u00e7ois Houssin. Plusieurs habitants de la commune ont \u00e9galement rejoint la liste.<\/p>\n<p>Dans l\u2019objectif de d\u00e9finir pr\u00e9cis\u00e9ment son programme, plusieurs\u00a0groupes de travail ont \u00e9t\u00e9 mis en place\u00a0: coh\u00e9sion sociale, vie \u00e9conomique, environnement et cadre de vie, communication et participation citoyenne. \u00a0Chaque groupe est anim\u00e9 pas un trin\u00f4me comp\u00e9tent dans ces domaines,explique Marie-France Lahaye. Toute personne qui souhaite mettre ses envies, ses comp\u00e9tences, son \u00e9nergie au service d\u2019un projet collectif de dynamisation de la commune peut rejoindre le groupe de son choix.\u00a0<\/p>\n<p>\u00a0Elle reposera sur le triptyque\u00a0: le souhaitable, le r\u00e9alisable, le finan\u00e7able, sans tabou initial, car les belles avanc\u00e9es ont besoin d\u2019\u00eatre port\u00e9es par l\u2019enthousiasme\u00a0\u00bb, pr\u00e9cise Paul Le Meut.<\/p>\n<p>Deux r\u00e9unions auront lieu \u00e0 l\u2019automne pour pr\u00e9senter aux Vezinois la liste Vezin nouvel \u00e9lan et ses orientations.<\/p>\n<p><strong>Contact\u00a0:<\/strong> Vezin2026@gmail.com<\/p>\n<p>\u00a0<\/p>\n","protected":false},"excerpt":{"rendered":"La liste Vezin nouvel \u00e9lan, initi\u00e9e par Paul Le Meut et Marie-France Lahaye, poursuit sa mise en \u0153uvre.&hellip;\n","protected":false},"author":2,"featured_media":281521,"comment_status":"","ping_status":"","sticky":false,"template":"","format":"standard","meta":{"footnotes":""},"categories":[2821],"tags":[1111,11,829,13243,1777,674,1011,27,5110,12,10542,42099,3086,42101,584,25,42100,15047],"class_list":{"0":"post-281520","1":"post","2":"type-post","3":"status-publish","4":"format-standard","5":"has-post-thumbnail","7":"category-rennes","8":"tag-actu","9":"tag-actualites","10":"tag-bretagne","11":"tag-elan","12":"tag-eu","13":"tag-europe","14":"tag-fr","15":"tag-france","16":"tag-liste","17":"tag-news","18":"tag-nouvel","19":"tag-rangs","20":"tag-redon","21":"tag-remplissent","22":"tag-rennes","23":"tag-republique-francaise","24":"tag-vezin","25":"tag-vezin-le-coquet"},"share_on_mastodon":{"url":"https:\/\/pubeurope.com\/@fr\/114935700079846255","error":""},"_links":{"self":[{"href":"https:\/\/www.europesays.com\/fr\/wp-json\/wp\/v2\/posts\/281520","targetHints":{"allow":["GET"]}}],"collection":[{"href":"https:\/\/www.europesays.com\/fr\/wp-json\/wp\/v2\/posts"}],"about":[{"href":"https:\/\/www.europesays.com\/fr\/wp-json\/wp\/v2\/types\/post"}],"author":[{"embeddable":true,"href":"https:\/\/www.europesays.com\/fr\/wp-json\/wp\/v2\/users\/2"}],"replies":[{"embeddable":true,"href":"https:\/\/www.europesays.com\/fr\/wp-json\/wp\/v2\/comments?post=281520"}],"version-history":[{"count":0,"href":"https:\/\/www.europesays.com\/fr\/wp-json\/wp\/v2\/posts\/281520\/revisions"}],"wp:featuredmedia":[{"embeddable":true,"href":"https:\/\/www.europesays.com\/fr\/wp-json\/wp\/v2\/media\/281521"}],"wp:attachment":[{"href":"https:\/\/www.europesays.com\/fr\/wp-json\/wp\/v2\/media?parent=281520"}],"wp:term":[{"taxonomy":"category","embeddable":true,"href":"https:\/\/www.europesays.com\/fr\/wp-json\/wp\/v2\/categories?post=281520"},{"taxonomy":"post_tag","embeddable":true,"href":"https:\/\/www.europesays.com\/fr\/wp-json\/wp\/v2\/tags?post=281520"}],"curies":[{"name":"wp","href":"https:\/\/api.w.org\/{rel}","templated":true}]}}