{"id":281524,"date":"2025-07-29T09:00:13","date_gmt":"2025-07-29T09:00:13","guid":{"rendered":"https:\/\/www.europesays.com\/fr\/281524\/"},"modified":"2025-07-29T09:00:13","modified_gmt":"2025-07-29T09:00:13","slug":"bas-rhin-operation-de-demoustication-a-strasbourg-et-truchtersheim-apres-la-decouverte-dun-cas-de-zika","status":"publish","type":"post","link":"https:\/\/www.europesays.com\/fr\/281524\/","title":{"rendered":"Bas-Rhin. Op\u00e9ration de d\u00e9moustication \u00e0 Strasbourg et Truchtersheim apr\u00e8s la d\u00e9couverte d&rsquo;un cas de Zika"},"content":{"rendered":"<p>Un cas de Zika a \u00e9t\u00e9 d\u00e9tect\u00e9 chez une personne r\u00e9cemment revenue d\u2019un pays tropical, o\u00f9 le virus circule activement, rapporte l\u2019Agence r\u00e9gionale de sant\u00e9 du Grand Est. En cons\u00e9quence, une op\u00e9ration de d\u00e9moustication est programm\u00e9e dans la nuit du mardi 29 au mercredi 30 juillet 2025 \u00e0 Strasbourg et \u00e0 Truchtersheim.<\/p>\n<p>La personne infect\u00e9e a \u00e9t\u00e9 identifi\u00e9e comme ayant circul\u00e9, durant sa p\u00e9riode de vir\u00e9mie &#8211; lorsque le virus est pr\u00e9sent dans le sang et peut \u00eatre transmis \u00e0 un moustique &#8211; dans deux zones : le secteur du cimeti\u00e8re Nord \u00e0 Strasbourg (quartier de la Robertsau) et le quartier du centre commercial \u00e0 Truchtersheim.<\/p>\n<p>\u00a0<\/p>\n<p>Pour d\u00e9truire et emp\u00eacher la prolif\u00e9ration des moustiques tigres, le traitement par insecticide aura lieu dans les zones concern\u00e9es dans la nuit, sous r\u00e9serve de conditions m\u00e9t\u00e9orologiques ad\u00e9quates. Une action d\u00e9cid\u00e9e \u00ab\u00a0en concertation avec les autorit\u00e9s sanitaires, municipales et pr\u00e9fectorales\u00a0\u00bb, pr\u00e9cise l&rsquo;ARS Grand Est.<\/p>\n<p>Les habitants des rues concern\u00e9es ont \u00e9t\u00e9 inform\u00e9s des mesures \u00e0 prendre : rester \u00e0 l\u2019int\u00e9rieur, fermer les fen\u00eatres, rentrer les gamelles des animaux et rincer le mobilier de jardin apr\u00e8s l\u2019intervention. Un p\u00e9rim\u00e8tre de s\u00e9curit\u00e9 sera mis en place durant le traitement et maintenu les 30 minutes suivantes.<\/p>\n<p>L&rsquo;op\u00e9ration lanc\u00e9e \u00e0 Strasbourg et Truchtersheim n\u2019est pas une premi\u00e8re dans la r\u00e9gion. Ces derni\u00e8res semaines, <a href=\"https:\/\/www.dna.fr\/environnement\/2025\/07\/01\/operation-de-traitement-contre-le-moustique-tigre-apres-un-cas-de-dengue-a-colmar\" target=\"_blank\" rel=\"noopener\">plusieurs interventions similaires ont eu lieu dans le Bas-Rhin<\/a>, notamment \u00e0 Lipsheim, apr\u00e8s la d\u00e9couverte du premier cas autochtone de chikungunya en Alsace. Le moustique tigre, d\u00e9sormais bien implant\u00e9, y avait \u00e9t\u00e9 d\u00e9tect\u00e9, d\u00e9clenchant une d\u00e9moustication cibl\u00e9e dans un p\u00e9rim\u00e8tre de 150 m\u00e8tres autour du domicile de la personne infect\u00e9e.<\/p>\n<p data-start=\"632\" data-end=\"956\">Dans le Haut-Rhin, <a href=\"https:\/\/www.dna.fr\/environnement\/2025\/07\/01\/operation-de-traitement-contre-le-moustique-tigre-apres-un-cas-de-dengue-a-colmar\" target=\"_blank\" rel=\"noopener\">Colmar a \u00e9galement \u00e9t\u00e9 concern\u00e9e d\u00e9but juillet<\/a>, apr\u00e8s un cas import\u00e9 de dengue. Le quartier Sainte-Marie a \u00e9t\u00e9 trait\u00e9 par pulv\u00e9risation nocturne.<\/p>\n<p data-start=\"632\" data-end=\"956\">Selon l\u2019ARS, dix op\u00e9rations de d\u00e9moustication (six dans le Bas-Rhin et quatre dans le Haut-Rhin) ont \u00e9t\u00e9 r\u00e9alis\u00e9es autour de six cas humains de dengue en 2024 afin d\u2019emp\u00eacher tout d\u00e9part d\u2019\u00e9pid\u00e9mie.<\/p>\n","protected":false},"excerpt":{"rendered":"Un cas de Zika a \u00e9t\u00e9 d\u00e9tect\u00e9 chez une personne r\u00e9cemment revenue d\u2019un pays tropical, o\u00f9 le virus&hellip;\n","protected":false},"author":2,"featured_media":281525,"comment_status":"","ping_status":"","sticky":false,"template":"","format":"standard","meta":{"footnotes":""},"categories":[2820],"tags":[1111,11,2649,2880,1777,674,274,107,1011,27,775,12,25,71,640,18463],"class_list":{"0":"post-281524","1":"post","2":"type-post","3":"status-publish","4":"format-standard","5":"has-post-thumbnail","7":"category-strasbourg","8":"tag-actu","9":"tag-actualites","10":"tag-bas-rhin","11":"tag-edition-strasbourg","12":"tag-eu","13":"tag-europe","14":"tag-faits-divers-justice","15":"tag-fil-info","16":"tag-fr","17":"tag-france","18":"tag-grand-est","19":"tag-news","20":"tag-republique-francaise","21":"tag-sante","22":"tag-strasbourg","23":"tag-truchtersheim"},"share_on_mastodon":{"url":"https:\/\/pubeurope.com\/@fr\/114935707941080141","error":""},"_links":{"self":[{"href":"https:\/\/www.europesays.com\/fr\/wp-json\/wp\/v2\/posts\/281524","targetHints":{"allow":["GET"]}}],"collection":[{"href":"https:\/\/www.europesays.com\/fr\/wp-json\/wp\/v2\/posts"}],"about":[{"href":"https:\/\/www.europesays.com\/fr\/wp-json\/wp\/v2\/types\/post"}],"author":[{"embeddable":true,"href":"https:\/\/www.europesays.com\/fr\/wp-json\/wp\/v2\/users\/2"}],"replies":[{"embeddable":true,"href":"https:\/\/www.europesays.com\/fr\/wp-json\/wp\/v2\/comments?post=281524"}],"version-history":[{"count":0,"href":"https:\/\/www.europesays.com\/fr\/wp-json\/wp\/v2\/posts\/281524\/revisions"}],"wp:featuredmedia":[{"embeddable":true,"href":"https:\/\/www.europesays.com\/fr\/wp-json\/wp\/v2\/media\/281525"}],"wp:attachment":[{"href":"https:\/\/www.europesays.com\/fr\/wp-json\/wp\/v2\/media?parent=281524"}],"wp:term":[{"taxonomy":"category","embeddable":true,"href":"https:\/\/www.europesays.com\/fr\/wp-json\/wp\/v2\/categories?post=281524"},{"taxonomy":"post_tag","embeddable":true,"href":"https:\/\/www.europesays.com\/fr\/wp-json\/wp\/v2\/tags?post=281524"}],"curies":[{"name":"wp","href":"https:\/\/api.w.org\/{rel}","templated":true}]}}