{"id":281526,"date":"2025-07-29T09:01:15","date_gmt":"2025-07-29T09:01:15","guid":{"rendered":"https:\/\/www.europesays.com\/fr\/281526\/"},"modified":"2025-07-29T09:01:15","modified_gmt":"2025-07-29T09:01:15","slug":"un-homme-mis-en-examen-pour-tentative-de-meurtre-sur-son-ex-belle-fille-de-15-ans","status":"publish","type":"post","link":"https:\/\/www.europesays.com\/fr\/281526\/","title":{"rendered":"un homme mis en examen pour tentative de meurtre sur son ex-belle fille de 15 ans"},"content":{"rendered":"<p>Le suspect s\u2019est rendu samedi au domicile de son ex-conjointe. Pour des raisons encore inconnues, il s\u2019en est pris \u00e0 la fille de cette derni\u00e8re.<\/p>\n<p class=\"fig-paragraph\">Un homme \u00e2g\u00e9 de 35 ans a \u00e9t\u00e9 plac\u00e9 en d\u00e9tention provisoire ce lundi pour tentative de meurtre sur mineur de 15 ans \u00e0\u00a0<a href=\"http:\/\/www.lefigaro.fr\/faits-divers\/strasbourg-un-ex-agent-de-la-dgse-ecroue-soupconne-d-avoir-commandite-des-viols-d-enfants-en-afrique-20250726\" data-fig-type=\"NewsFlash\" data-gtm-custom-categorie=\"navigation\" data-gtm-custom-action=\"crossclick\" data-gtm-custom-label=\"Contextuel\" data-gtm-event=\"customEventSPE\" data-fig-domain=\"LEFIGARO\" target=\"_blank\" rel=\"noopener\">Strasbourg<\/a>, a appris l\u2019AFP aupr\u00e8s du parquet.<\/p>\n<p class=\"fig-paragraph\">L\u2019individu s\u2019est rendu au domicile de son ex-conjointe et a bless\u00e9 son ex-belle fille d\u2019un\u00a0<a href=\"http:\/\/www.lefigaro.fr\/nantes\/face-a-une-lame-on-n-est-rien-a-nantes-7-coups-de-couteau-pour-avoir-refuse-de-donner-son-telephone-20250514\" data-fig-type=\"NewsFlash\" data-gtm-custom-categorie=\"navigation\" data-gtm-custom-action=\"crossclick\" data-gtm-custom-label=\"Contextuel\" data-gtm-event=\"customEventSPE\" data-fig-domain=\"LEFIGARO\" target=\"_blank\" rel=\"noopener\">coup de couteau<\/a>. D\u2019apr\u00e8s les \u00e9l\u00e9ments du parquet, le trentenaire qui a \u00e9t\u00e9 mis en examen, n\u2019a aucun ant\u00e9c\u00e9dent judiciaire.<\/p>\n<p>                                    <a class=\"fig-a11y-skip a11y-hidden\" href=\"#fig-a11y-skip-main-inarticle\"><br \/>\n        Passer la publicit\u00e9<br \/>\n    <\/a><\/p>\n<p><strong>Coup de couteau dans les cervicales<\/strong><\/p>\n<p class=\"fig-paragraph\">Ce samedi, alors que le mis en cause \u00e9tait venu rendre visite \u00e0 son ex-compagne avec qui il a un enfant de deux ans, il s&rsquo;en est pris \u00e0 la fille de cette femme, une adolescente de 15 ans. Au moment des faits, cette derni\u00e8re \u00e9tait accompagn\u00e9e de son petit ami et d&rsquo;un ami.<\/p>\n<p class=\"fig-paragraph\">Pour des raisons que l\u2019on ignore, l\u2019homme s&rsquo;est empar\u00e9 d&rsquo;un couteau dans la cuisine et a pourchass\u00e9 les deux gar\u00e7ons qui ont pris la fuite. Il a ensuite attaqu\u00e9 l&rsquo;adolescente, lui ass\u00e9nant un coup de couteau dans les cervicales. Pour lui \u00e9chapper, la jeune fille s&rsquo;est d\u00e9fenestr\u00e9e du premier \u00e9tage. Souffrant de fractures, elle a d\u00fb \u00eatre hospitalis\u00e9e mais ses jours ne sont pas en danger.<\/p>\n","protected":false},"excerpt":{"rendered":"Le suspect s\u2019est rendu samedi au domicile de son ex-conjointe. Pour des raisons encore inconnues, il s\u2019en est&hellip;\n","protected":false},"author":2,"featured_media":281527,"comment_status":"","ping_status":"","sticky":false,"template":"","format":"standard","meta":{"footnotes":""},"categories":[2820],"tags":[119,1111,11,3694,271,2951,3695,1777,674,3696,118,1011,27,775,2825,1253,303,12,1072,2694,25,640,2949],"class_list":{"0":"post-281526","1":"post","2":"type-post","3":"status-publish","4":"format-standard","5":"has-post-thumbnail","7":"category-strasbourg","8":"tag-accident","9":"tag-actu","10":"tag-actualites","11":"tag-affaires","12":"tag-crime","13":"tag-criminalite","14":"tag-enquetes","15":"tag-eu","16":"tag-europe","17":"tag-evenements","18":"tag-faits-divers","19":"tag-fr","20":"tag-france","21":"tag-grand-est","22":"tag-insecurite","23":"tag-islamisme","24":"tag-justice","25":"tag-news","26":"tag-police","27":"tag-proces","28":"tag-republique-francaise","29":"tag-strasbourg","30":"tag-violences"},"share_on_mastodon":{"url":"https:\/\/pubeurope.com\/@fr\/114935711873320566","error":""},"_links":{"self":[{"href":"https:\/\/www.europesays.com\/fr\/wp-json\/wp\/v2\/posts\/281526","targetHints":{"allow":["GET"]}}],"collection":[{"href":"https:\/\/www.europesays.com\/fr\/wp-json\/wp\/v2\/posts"}],"about":[{"href":"https:\/\/www.europesays.com\/fr\/wp-json\/wp\/v2\/types\/post"}],"author":[{"embeddable":true,"href":"https:\/\/www.europesays.com\/fr\/wp-json\/wp\/v2\/users\/2"}],"replies":[{"embeddable":true,"href":"https:\/\/www.europesays.com\/fr\/wp-json\/wp\/v2\/comments?post=281526"}],"version-history":[{"count":0,"href":"https:\/\/www.europesays.com\/fr\/wp-json\/wp\/v2\/posts\/281526\/revisions"}],"wp:featuredmedia":[{"embeddable":true,"href":"https:\/\/www.europesays.com\/fr\/wp-json\/wp\/v2\/media\/281527"}],"wp:attachment":[{"href":"https:\/\/www.europesays.com\/fr\/wp-json\/wp\/v2\/media?parent=281526"}],"wp:term":[{"taxonomy":"category","embeddable":true,"href":"https:\/\/www.europesays.com\/fr\/wp-json\/wp\/v2\/categories?post=281526"},{"taxonomy":"post_tag","embeddable":true,"href":"https:\/\/www.europesays.com\/fr\/wp-json\/wp\/v2\/tags?post=281526"}],"curies":[{"name":"wp","href":"https:\/\/api.w.org\/{rel}","templated":true}]}}