{"id":281530,"date":"2025-07-29T09:03:11","date_gmt":"2025-07-29T09:03:11","guid":{"rendered":"https:\/\/www.europesays.com\/fr\/281530\/"},"modified":"2025-07-29T09:03:11","modified_gmt":"2025-07-29T09:03:11","slug":"feu-chatterton-au-nice-jazz-fest-apercu-de-labyrinthe-leur-virage-pop-de-la-rentree-2","status":"publish","type":"post","link":"https:\/\/www.europesays.com\/fr\/281530\/","title":{"rendered":"Feu! Chatterton au Nice Jazz Fest: aper\u00e7u de \u00ab\u00a0Labyrinthe\u00a0\u00bb, leur virage pop de la rentr\u00e9e"},"content":{"rendered":"<p>Quand on regarde le paysage musical actuel, on constate que les groupes sont quasiment absents. Et ceux ayant un certain succ\u00e8s, encore plus rare. Feu! Chatterton, c\u2019est du solide. <strong>Quatorze ans de service<\/strong>, avec exactement la m\u00eame formation, s\u2019il vous pla\u00eet.<\/p>\n<p>Quelques heures avant<strong> leur show pr\u00e9vu au Nice Jazz Fest<\/strong>, dimanche dernier, trois des cinq membres, d\u00e9contract\u00e9s, ont r\u00e9pondu \u00e0 nos questions. Par ordre d\u2019apparition, S\u00e9bastien Wolf et Cl\u00e9ment Doumic, guitaristes et clavi\u00e9ristes, puis Arthur Teboul, le chanteur.<\/p>\n<p>Alors les gars, c\u2019est quoi la recette pour durer ensemble? \u00ab\u00a0Il y a <strong>un effort de coh\u00e9sion<\/strong>. Mais je pense qu\u2019on a d\u00e9velopp\u00e9 une intelligence commune. On sait que ce qu\u2019on b\u00e2tit ensemble est pr\u00e9cieux\u00a0\u00bb, estime S\u00e9bastien Wolf.<\/p>\n<p>Envie de premi\u00e8res fois<\/p>\n<p>Des paroles aux actes, il n\u2019y a qu\u2019un pas. Ou plut\u00f4t un disque. <strong>Le 12 septembre<\/strong>, Labyrinthe, le quatri\u00e8me long format de Feu! Chatterton arrivera dans les bacs. Ce souhait de rafra\u00eechir la peinture, on l\u2019a ressenti \u00e0 l\u2019\u00e9coute, en avant-premi\u00e8re des 13 titres qui le composent. Eux qui s\u2019aventuraient surtout dans le registre rock, avec un go\u00fbt prononc\u00e9 pour les paroles raffin\u00e9es flirtant avec la po\u00e9sie, ont pos\u00e9 quelques orteils <strong>dans le champ pop.<\/strong><\/p>\n<p>\u00ab\u00a0On a travaill\u00e9 avec le producteur Alexis Delong, qui a notamment collabor\u00e9 avec Zaho de Sagazan. Il vient d\u2019une autre \u00e9cole et avec lui, on a essay\u00e9 de faire des choses dont on n\u2019avait pas l\u2019habitude. Il y a un morceau qui sonne new wave, un autre presque reggaeton\u00a0\u00bb, expliquent S\u00e9bastien Wolf et Cl\u00e9ment Doumic.<\/p>\n<p>Quand on demande au trio pr\u00e9sent face \u00e0 nous si l\u2019id\u00e9e est de multiplier les occasions de vivre des premi\u00e8res fois, Arthur Teboul rel\u00e8ve la t\u00eate. \u00ab\u00a0On ne se l\u2019\u00e9tait pas formul\u00e9 comme \u00e7a, mais c\u2019est une bonne mani\u00e8re de voir les choses. Presque quinze ans de vie commune, <strong>\u00e7a ressemble \u00e0 une histoire de couple<\/strong>. Et dans un couple, il faut continuer \u00e0 s\u2019admirer mutuellement, \u00e0 se surprendre, \u00e0 se renouveler. Si l\u2019album s\u2019appelle Labyrinthe, c\u2019est aussi parce que c\u2019est une ode \u00e0 l\u2019exploration, \u00e0 oser aller s\u2019aventurer ensemble.\u00a0\u00bb<\/p>\n<p>Entre envol\u00e9es sc\u00e9niques et passages plus intimes<\/p>\n<p>Pour entretenir la flamme, rien de mieux que le live. Surtout pour un \u00e9quipage comme celui-ci, r\u00e9put\u00e9 pour ses prestations sc\u00e9niques percutantes. L\u2019\u00e9t\u00e9 de Feu! Chatterton prend la forme de douze dates, \u00ab\u00a0une pr\u00e9-tourn\u00e9e, un ap\u00e9ro\u00a0\u00bb, s\u2019amusent Arthur, S\u00e9bastien et Cl\u00e9ment.<\/p>\n<p>En novembre, ils reprendront la route pour de bon, avec un album tout neuf \u00e0 d\u00e9fendre. \u00e0 Nice, comme lors de leurs pr\u00e9c\u00e9dents shows, ils ne se sont pas priv\u00e9s de jouer certains titres in\u00e9dits. \u00ab\u00a0Au d\u00e9but, c\u2019\u00e9tait flippant. Et <strong>maintenant, c\u2019est excitant<\/strong>\u00ab\u00a0, analyse S\u00e9bastien Wolf.<\/p>\n<p>\u00ab\u00a0Quand tu fais des festivals, tu te retrouves aussi devant <strong>des gens qui ne sont pas forc\u00e9ment int\u00e9ress\u00e9s par ta musique<\/strong> au d\u00e9part. On est contents parce qu\u2019on voit qu\u2019il y a <strong>des morceaux qui r\u00e9sonnent vraiment aupr\u00e8s du public<\/strong>. C\u2019est le cas d\u2019Allons voir, notre premier single, mais aussi de morceaux moins festifs, plus intimes. Jusqu\u2019ici, on n\u2019avait jamais tent\u00e9 \u00e7a. D\u00e8s le premier concert, on a vu que \u00e7a cr\u00e9ait des moments de grande attention, de grande intimit\u00e9. C\u2019est ce qu\u2019on recherche.\u00a0\u00bb<\/p>\n<p>Dans ce registre, il y a Mille vagues. Une guitare, une basse et une voix pour rendre hommage \u00e0 Jean-Philippe Allard, le manager du groupe, disparu en mai 2024. \u00ab\u00a0Avant de nous accompagner, il a \u00e9t\u00e9 <strong>un grand monsieur du jazz en France<\/strong>. Il a beaucoup travaill\u00e9 avec S\u00e9bastien Vidal, le directeur artistique du Nice Jazz Fest. Pendant des ann\u00e9es, Jean-Philippe nous avait dit qu\u2019il fallait absolument qu\u2019on joue ici. C\u2019est assez sp\u00e9cial pour nous de finalement nous retrouver l\u00e0\u00a0\u00bb, explique S\u00e9bastien Wolf.<\/p>\n<p>En qu\u00eate de simplicit\u00e9 dans l\u2019\u00e9criture<\/p>\n<p>Souvent salu\u00e9 pour la beaut\u00e9 de sa plume, Arthur Teboul a un peu chamboul\u00e9 sa mani\u00e8re d\u2019\u00e9crire pour ce nouveau projet, avec l\u2019intention d\u2019aller vers <strong>un style plus \u00e9pur\u00e9<\/strong>.<\/p>\n<p>\u00ab\u00a0Avec le pianiste de jazz Baptiste Trotignon, j\u2019ai fait un album de reprises (intitul\u00e9 Piano voix) de grandes chansons fran\u00e7aises, du Brel, du Ferr\u00e9, du Barbara. En entrant vraiment dans la fabrication des morceaux, j\u2019ai d\u00e9couvert \u00e0 quel point ils \u00e9taient simples, dans leur structure et leur \u00e9criture. \u00e7a m\u2019a un peu troubl\u00e9 parce que <strong>je les \u00e9coute depuis l\u2019enfance<\/strong>. Et je n\u2019avais jamais r\u00e9alis\u00e9 \u00e0 quel point cette simplicit\u00e9 pouvait mener \u00e0 la profondeur. L\u2019\u00e2ge, le fait d\u2019avoir des enfants et l\u2019\u00e9poque m\u2019ont fait dire que j\u2019avais envie d\u2019aller \u00e0 l\u2019essentiel, d\u2019exprimer les choses plus directement. Pour moi qui aime \u00e9crire de mani\u00e8re sophistiqu\u00e9e, par plaisir et par pudeur, c\u2019\u00e9tait un vrai enjeu.\u00a0\u00bb<\/p>\n","protected":false},"excerpt":{"rendered":"Quand on regarde le paysage musical actuel, on constate que les groupes sont quasiment absents. Et ceux ayant&hellip;\n","protected":false},"author":2,"featured_media":281529,"comment_status":"","ping_status":"","sticky":false,"template":"","format":"standard","meta":{"footnotes":""},"categories":[2819],"tags":[1111,11,251,1777,674,1011,27,873,12,2401,882,25],"class_list":{"0":"post-281530","1":"post","2":"type-post","3":"status-publish","4":"format-standard","5":"has-post-thumbnail","7":"category-nice","8":"tag-actu","9":"tag-actualites","10":"tag-culture","11":"tag-eu","12":"tag-europe","13":"tag-fr","14":"tag-france","15":"tag-musique","16":"tag-news","17":"tag-nice","18":"tag-provence-alpes-cote-dazur","19":"tag-republique-francaise"},"share_on_mastodon":{"url":"https:\/\/pubeurope.com\/@fr\/114935719739225466","error":""},"_links":{"self":[{"href":"https:\/\/www.europesays.com\/fr\/wp-json\/wp\/v2\/posts\/281530","targetHints":{"allow":["GET"]}}],"collection":[{"href":"https:\/\/www.europesays.com\/fr\/wp-json\/wp\/v2\/posts"}],"about":[{"href":"https:\/\/www.europesays.com\/fr\/wp-json\/wp\/v2\/types\/post"}],"author":[{"embeddable":true,"href":"https:\/\/www.europesays.com\/fr\/wp-json\/wp\/v2\/users\/2"}],"replies":[{"embeddable":true,"href":"https:\/\/www.europesays.com\/fr\/wp-json\/wp\/v2\/comments?post=281530"}],"version-history":[{"count":0,"href":"https:\/\/www.europesays.com\/fr\/wp-json\/wp\/v2\/posts\/281530\/revisions"}],"wp:featuredmedia":[{"embeddable":true,"href":"https:\/\/www.europesays.com\/fr\/wp-json\/wp\/v2\/media\/281529"}],"wp:attachment":[{"href":"https:\/\/www.europesays.com\/fr\/wp-json\/wp\/v2\/media?parent=281530"}],"wp:term":[{"taxonomy":"category","embeddable":true,"href":"https:\/\/www.europesays.com\/fr\/wp-json\/wp\/v2\/categories?post=281530"},{"taxonomy":"post_tag","embeddable":true,"href":"https:\/\/www.europesays.com\/fr\/wp-json\/wp\/v2\/tags?post=281530"}],"curies":[{"name":"wp","href":"https:\/\/api.w.org\/{rel}","templated":true}]}}