{"id":281533,"date":"2025-07-29T09:05:12","date_gmt":"2025-07-29T09:05:12","guid":{"rendered":"https:\/\/www.europesays.com\/fr\/281533\/"},"modified":"2025-07-29T09:05:12","modified_gmt":"2025-07-29T09:05:12","slug":"le-fc-nantes-realise-le-plus-gros-transfert-de-son-histoire","status":"publish","type":"post","link":"https:\/\/www.europesays.com\/fr\/281533\/","title":{"rendered":"Le FC Nantes r\u00e9alise le plus gros transfert de son histoire\u00a0"},"content":{"rendered":"\n<p><strong>Nathan Z\u00e9z\u00e9, le d\u00e9fenseur central des canaris, a sign\u00e9 \u00e0 un contrat de 5 ans au Neom SC, en Arabie Saoudite. Un transfert pour 20 millions d&rsquo;euros, hors bonus pour le FC Nantes. Le club a sign\u00e9 sa plus grosse vente.<\/strong><\/p>\n<p>Le FC Nantes avait besoin de renflouer ses caisses, c&rsquo;est chose faite. Le club vient de r\u00e9aliser une belle affaire. Certes, il laisse partir Nathan Z\u00e9z\u00e9, un de ses joueurs form\u00e9 \u00e0 la Joneli\u00e8re, mais il enregistre surtout <strong>la plus grosse vente de son histoire<\/strong>. Le d\u00e9fenseur a sign\u00e9 un <strong>contrat de 5 ans au Neom SC en Arabie Saoudite<\/strong> pour <strong>20 millions d\u2019euros<\/strong> hors bonus. Nantes percevra \u00e9galement 20% sur la plus-value d\u2019une \u00e9ventuelle revente.<\/p>\n<p><strong>Z\u00e9z\u00e9 r\u00e9alis\u00e9 une belle affaire \u00e9galement<\/strong>. Lui qui touchait 25 000 euros par mois chez les Canaris, <strong>gagnera d\u00e9sormais 5 millions par an<\/strong>. Sur place, il retrouvera d\u2019autres Fran\u00e7ais comme Alexandre Lacazette ou l\u2019entra\u00eeneur Christophe Galtier.<\/p>\n<p>Avec cette vente, le FC Nantes r\u00e9alise <strong>un double record<\/strong> : le <strong>plus gros transfert de son histoire<\/strong>, d\u00e9passant les 15 millions d&rsquo;euros de Ludovic Blas au Stade Rennais ou de Diego Carlos. Mais il r\u00e9alise \u00e9galement <strong>le mercato estival le plus lucratif <\/strong>de son histoire, avec <strong>40 millions d\u2019euros g\u00e9n\u00e9r\u00e9s depuis le d\u00e9but de l\u2019\u00e9t\u00e9.<\/strong><\/p>\n","protected":false},"excerpt":{"rendered":"Nathan Z\u00e9z\u00e9, le d\u00e9fenseur central des canaris, a sign\u00e9 \u00e0 un contrat de 5 ans au Neom SC,&hellip;\n","protected":false},"author":2,"featured_media":281534,"comment_status":"","ping_status":"","sticky":false,"template":"","format":"standard","meta":{"footnotes":""},"categories":[2818],"tags":[40842,29273,1111,11,4947,3108,1777,674,4658,462,2257,1011,27,3047,766,41425,42103,12,2636,25,969],"class_list":{"0":"post-281533","1":"post","2":"type-post","3":"status-publish","4":"format-standard","5":"has-post-thumbnail","7":"category-nantes","8":"tag-20-millions","9":"tag-5-ans","10":"tag-actu","11":"tag-actualites","12":"tag-arabie-saoudite","13":"tag-contrat","14":"tag-eu","15":"tag-europe","16":"tag-euros","17":"tag-fc-nantes","18":"tag-foot","19":"tag-fr","20":"tag-france","21":"tag-loire-atlantique","22":"tag-nantes","23":"tag-nathan-zeze","24":"tag-neom-sc","25":"tag-news","26":"tag-pays-de-la-loire","27":"tag-republique-francaise","28":"tag-transfert"},"share_on_mastodon":{"url":"https:\/\/pubeurope.com\/@fr\/114935727625203643","error":""},"_links":{"self":[{"href":"https:\/\/www.europesays.com\/fr\/wp-json\/wp\/v2\/posts\/281533","targetHints":{"allow":["GET"]}}],"collection":[{"href":"https:\/\/www.europesays.com\/fr\/wp-json\/wp\/v2\/posts"}],"about":[{"href":"https:\/\/www.europesays.com\/fr\/wp-json\/wp\/v2\/types\/post"}],"author":[{"embeddable":true,"href":"https:\/\/www.europesays.com\/fr\/wp-json\/wp\/v2\/users\/2"}],"replies":[{"embeddable":true,"href":"https:\/\/www.europesays.com\/fr\/wp-json\/wp\/v2\/comments?post=281533"}],"version-history":[{"count":0,"href":"https:\/\/www.europesays.com\/fr\/wp-json\/wp\/v2\/posts\/281533\/revisions"}],"wp:featuredmedia":[{"embeddable":true,"href":"https:\/\/www.europesays.com\/fr\/wp-json\/wp\/v2\/media\/281534"}],"wp:attachment":[{"href":"https:\/\/www.europesays.com\/fr\/wp-json\/wp\/v2\/media?parent=281533"}],"wp:term":[{"taxonomy":"category","embeddable":true,"href":"https:\/\/www.europesays.com\/fr\/wp-json\/wp\/v2\/categories?post=281533"},{"taxonomy":"post_tag","embeddable":true,"href":"https:\/\/www.europesays.com\/fr\/wp-json\/wp\/v2\/tags?post=281533"}],"curies":[{"name":"wp","href":"https:\/\/api.w.org\/{rel}","templated":true}]}}