{"id":281547,"date":"2025-07-29T09:12:11","date_gmt":"2025-07-29T09:12:11","guid":{"rendered":"https:\/\/www.europesays.com\/fr\/281547\/"},"modified":"2025-07-29T09:12:11","modified_gmt":"2025-07-29T09:12:11","slug":"une-47eme-maison-du-bel-age-a-marseille-saint-anne","status":"publish","type":"post","link":"https:\/\/www.europesays.com\/fr\/281547\/","title":{"rendered":"Une 47\u00e8me Maison du Bel \u00c2ge \u00e0 Marseille Saint-Anne"},"content":{"rendered":"<p>                    <img loading=\"lazy\" decoding=\"async\" src=\"https:\/\/www.europesays.com\/fr\/wp-content\/uploads\/2025\/07\/7dfaa409dd0408202cece1aab9e463.jpg\" class=\"img-responsive post-image\" width=\"680\" height=\"510\" alt=\"Une 47\u00e8me Maison du (\u2026)\" title=\"Une 47\u00e8me Maison du Bel \u00c2ge \u00e0 Marseille Saint-Anne\"\/><\/p>\n<p class=\"chapo\">V\u00e9ritables lieux d\u2019accueil et de convivialit\u00e9 pour les seniors de plus de 60 ans, les Maisons du Bel \u00c2ge offrent un cadre moderne pour les accompagner dans leurs d\u00e9marches, leurs proposer des activit\u00e9s et rompre ainsi l\u2019isolement.<\/p>\n<p>La Maison du Bel \u00c2ge de Marseille Saint-Anne \u00e9tend le r\u00e9seau d\u00e9partemental \u00e0 47 Maisons du Bel \u00c2ge dont 21 \u00e0 Marseille. Elle implant\u00e9e dans un b\u00e2timent de deux niveaux r\u00e9habilit\u00e9s. D\u2019une surface de 329 m\u00b2, elle offre un cadre moderne, chaleureux et conforme aux normes d\u2019accessibilit\u00e9. Les travaux, men\u00e9s par le D\u00e9partement pour un montant de plus de 395 000\u20ac, ont permis de cr\u00e9er des espaces optimis\u00e9s, accueillants et s\u00e9curis\u00e9s.<br class=\"texte\"\/><br \/>\n<strong><br class=\"autobr\"\/><br \/>\n\u00c0 Marseille et dans 23 autres communes du territoire, comme \u00e0 Fuveau il y a quelques mois, les Maisons du Bel \u00c2ge tiennent leur r\u00f4le de guichet unique d\u2019accueil pour les personnes \u00e2g\u00e9es de 60 ans ou plus, pour leurs proches et leurs aidants.<\/strong> Avec 47 maisons d\u00e9j\u00e0 ouvertes, le D\u00e9partement poursuit son engagement pour am\u00e9liorer la qualit\u00e9 de vie au quotidien des personnes du Bel \u00c2ge et r\u00e9inventer le service public comme lieu cr\u00e9ateur de lien social. <br class=\"autobr\"\/><br \/>\n<strong>Sur l\u2019ensemble du territoire, les Maisons du Bel \u00c2ge comptent aujourd\u2019hui 41 000 adh\u00e9rents.<\/strong><\/p>\n<p>Dans chaque Maison du Bel \u00c2ge, les \u00e9quipes sont disponibles pour r\u00e9pondre aux questions, orienter dans les recherches et accompagner dans les d\u00e9marches administratives. Certaines d\u2019entre elles proposent aussi un guichet postal, en partenariat avec La Poste o\u00f9 les personnes du Bel \u00c2ge, mais aussi le public de passage, peuvent b\u00e9n\u00e9ficier de ce service essentiel (achat de timbres, retrait\/d\u00e9p\u00f4t de colis ou de recommand\u00e9, retrait\/d\u00e9p\u00f4t d\u2019argent). Elles assurent une veille sanitaire, particuli\u00e8rement en ces p\u00e9riodes de grosse chaleur, et agissent contre l\u2019isolement et en faveur de la pr\u00e9vention de la d\u00e9pendance des personnes fragilis\u00e9es ou isol\u00e9es.<\/p>\n<p>Les Maisons du Bel \u00c2ge proposent aussi une offre de loisirs, sportive et culturelle ainsi que des animations hebdomadaires, des sorties ou des ateliers (m\u00e9moire, nutrition, sant\u00e9, num\u00e9rique\u2026) et des conf\u00e9rences cibl\u00e9es sur les probl\u00e9matiques li\u00e9es au vieillissement.<\/p>\n<p>Photo de Une \u00a9D\u00e9partement des Bouches-du-Rh\u00f4ne.<\/p>\n","protected":false},"excerpt":{"rendered":"V\u00e9ritables lieux d\u2019accueil et de convivialit\u00e9 pour les seniors de plus de 60 ans, les Maisons du Bel&hellip;\n","protected":false},"author":2,"featured_media":281548,"comment_status":"","ping_status":"","sticky":false,"template":"","format":"standard","meta":{"footnotes":""},"categories":[2814],"tags":[1111,11,2408,1777,674,1011,27,884,12,882,25],"class_list":{"0":"post-281547","1":"post","2":"type-post","3":"status-publish","4":"format-standard","5":"has-post-thumbnail","7":"category-marseille","8":"tag-actu","9":"tag-actualites","10":"tag-appels-d","11":"tag-eu","12":"tag-europe","13":"tag-fr","14":"tag-france","15":"tag-marseille","16":"tag-news","17":"tag-provence-alpes-cote-dazur","18":"tag-republique-francaise"},"share_on_mastodon":{"url":"https:\/\/pubeurope.com\/@fr\/114935755198587766","error":""},"_links":{"self":[{"href":"https:\/\/www.europesays.com\/fr\/wp-json\/wp\/v2\/posts\/281547","targetHints":{"allow":["GET"]}}],"collection":[{"href":"https:\/\/www.europesays.com\/fr\/wp-json\/wp\/v2\/posts"}],"about":[{"href":"https:\/\/www.europesays.com\/fr\/wp-json\/wp\/v2\/types\/post"}],"author":[{"embeddable":true,"href":"https:\/\/www.europesays.com\/fr\/wp-json\/wp\/v2\/users\/2"}],"replies":[{"embeddable":true,"href":"https:\/\/www.europesays.com\/fr\/wp-json\/wp\/v2\/comments?post=281547"}],"version-history":[{"count":0,"href":"https:\/\/www.europesays.com\/fr\/wp-json\/wp\/v2\/posts\/281547\/revisions"}],"wp:featuredmedia":[{"embeddable":true,"href":"https:\/\/www.europesays.com\/fr\/wp-json\/wp\/v2\/media\/281548"}],"wp:attachment":[{"href":"https:\/\/www.europesays.com\/fr\/wp-json\/wp\/v2\/media?parent=281547"}],"wp:term":[{"taxonomy":"category","embeddable":true,"href":"https:\/\/www.europesays.com\/fr\/wp-json\/wp\/v2\/categories?post=281547"},{"taxonomy":"post_tag","embeddable":true,"href":"https:\/\/www.europesays.com\/fr\/wp-json\/wp\/v2\/tags?post=281547"}],"curies":[{"name":"wp","href":"https:\/\/api.w.org\/{rel}","templated":true}]}}