{"id":281549,"date":"2025-07-29T09:13:12","date_gmt":"2025-07-29T09:13:12","guid":{"rendered":"https:\/\/www.europesays.com\/fr\/281549\/"},"modified":"2025-07-29T09:13:12","modified_gmt":"2025-07-29T09:13:12","slug":"les-plages-de-lhuveaune-de-borely-et-de-bonneveine-rouvertes-a-la-baignade","status":"publish","type":"post","link":"https:\/\/www.europesays.com\/fr\/281549\/","title":{"rendered":"les plages de l&rsquo;Huveaune, de Bor\u00e9ly et de Bonneveine rouvertes \u00e0 la baignade"},"content":{"rendered":"<p>Le drapeau vert est hiss\u00e9 sur toutes les plages de Marseille ce mardi.<\/p>\n<p>Apr\u00e8s une semaine de fermeture suite \u00e0 de mauvaises analyses de l&rsquo;eau, les plages de l&rsquo;Huveaune, de Bor\u00e9ly et de Bonneveine sont \u00e0 nouveau accessibles pour les baigneurs. <a href=\"https:\/\/maritima.fr\/actualites\/environnement\/marseille\/8193\/pollution-de-leau-baignades-interdites-sur-plusieurs-plages-de-marseille\" target=\"_blank\" rel=\"noopener\">Plusieurs plages<\/a> avaient fait l&rsquo;objet de fermetures suite \u00e0 de fortes de pluie. Apr\u00e8s de nouvelles analyses, il appara\u00eet que l&rsquo;eau est de nouveau de bonne qualit\u00e9.\u00a0<\/p>\n<p>Toutes les plages de Marseille sont donc ouvertes \u00e0 la baignade suite aux analyses du d\u00e9but de matin\u00e9e. La Ville de Marseille met en place des contr\u00f4les gr\u00e2ce \u00e0 un dispositif de gestion active et d\u2019analyse par biologie mol\u00e9culaire\u00a0\u00ab\u00a0tr\u00e8s performant\u00a0\u00bb. Ce dispositif permet de conna\u00eetre la qualit\u00e9 des eaux de baignade le matin-m\u00eame,<strong>\u00a0<\/strong>en seulement 3h.<\/p>\n","protected":false},"excerpt":{"rendered":"Le drapeau vert est hiss\u00e9 sur toutes les plages de Marseille ce mardi. Apr\u00e8s une semaine de fermeture&hellip;\n","protected":false},"author":2,"featured_media":281550,"comment_status":"","ping_status":"","sticky":false,"template":"","format":"standard","meta":{"footnotes":""},"categories":[2814],"tags":[1111,11,15109,15181,4858,1777,674,1011,27,42104,884,6127,12,15656,882,20185,25],"class_list":{"0":"post-281549","1":"post","2":"type-post","3":"status-publish","4":"format-standard","5":"has-post-thumbnail","7":"category-marseille","8":"tag-actu","9":"tag-actualites","10":"tag-baignade","11":"tag-bonneveine","12":"tag-eau","13":"tag-eu","14":"tag-europe","15":"tag-fr","16":"tag-france","17":"tag-huveaune","18":"tag-marseille","19":"tag-mer","20":"tag-news","21":"tag-plage","22":"tag-provence-alpes-cote-dazur","23":"tag-qualite","24":"tag-republique-francaise"},"share_on_mastodon":{"url":"https:\/\/pubeurope.com\/@fr\/114935759173590529","error":""},"_links":{"self":[{"href":"https:\/\/www.europesays.com\/fr\/wp-json\/wp\/v2\/posts\/281549","targetHints":{"allow":["GET"]}}],"collection":[{"href":"https:\/\/www.europesays.com\/fr\/wp-json\/wp\/v2\/posts"}],"about":[{"href":"https:\/\/www.europesays.com\/fr\/wp-json\/wp\/v2\/types\/post"}],"author":[{"embeddable":true,"href":"https:\/\/www.europesays.com\/fr\/wp-json\/wp\/v2\/users\/2"}],"replies":[{"embeddable":true,"href":"https:\/\/www.europesays.com\/fr\/wp-json\/wp\/v2\/comments?post=281549"}],"version-history":[{"count":0,"href":"https:\/\/www.europesays.com\/fr\/wp-json\/wp\/v2\/posts\/281549\/revisions"}],"wp:featuredmedia":[{"embeddable":true,"href":"https:\/\/www.europesays.com\/fr\/wp-json\/wp\/v2\/media\/281550"}],"wp:attachment":[{"href":"https:\/\/www.europesays.com\/fr\/wp-json\/wp\/v2\/media?parent=281549"}],"wp:term":[{"taxonomy":"category","embeddable":true,"href":"https:\/\/www.europesays.com\/fr\/wp-json\/wp\/v2\/categories?post=281549"},{"taxonomy":"post_tag","embeddable":true,"href":"https:\/\/www.europesays.com\/fr\/wp-json\/wp\/v2\/tags?post=281549"}],"curies":[{"name":"wp","href":"https:\/\/api.w.org\/{rel}","templated":true}]}}