{"id":281551,"date":"2025-07-29T09:14:10","date_gmt":"2025-07-29T09:14:10","guid":{"rendered":"https:\/\/www.europesays.com\/fr\/281551\/"},"modified":"2025-07-29T09:14:10","modified_gmt":"2025-07-29T09:14:10","slug":"une-candidate-aux-municipales-fait-une-proposition-radicale-pour-bellecour","status":"publish","type":"post","link":"https:\/\/www.europesays.com\/fr\/281551\/","title":{"rendered":"une candidate aux municipales fait une proposition radicale pour Bellecour"},"content":{"rendered":"<p>            Par<br \/>\n        <strong><br \/>\n            <a href=\"https:\/\/actu.fr\/auteur\/nicolas-zaugra\" title=\"Consulter tous les articles de Nicolas Zaugra\" target=\"_blank\" rel=\"noopener\">Nicolas Zaugra<\/a><br \/>\n        <\/strong><\/p>\n<p>        Publi\u00e9 le<\/p>\n<p>            29 juil. 2025 \u00e0 10h58        <\/p>\n<p>L\u2019oeuvre <a href=\"https:\/\/actu.fr\/auvergne-rhone-alpes\/lyon_69123\/lyon-efficace-rate-l-oeuvre-polemique-place-bellecour-divise-les-lyonnais_62896298.html\" target=\"_blank\" rel=\"noopener\">Tissage urbain de la place Bellecour<\/a> continue d\u2019agiter le d\u00e9bat estival \u00e0 <a href=\"https:\/\/actu.fr\/auvergne-rhone-alpes\/lyon_69123\" target=\"_blank\" rel=\"noopener\">Lyon<\/a>. Une candidate aux municipales 2026, l\u2019ex-adjointe de gauche <a href=\"https:\/\/actu.fr\/auvergne-rhone-alpes\/lyon_69123\/lyon-tcl-ztl-stationnement-nathalie-perrin-gilbert-devoile-son-programme-pour-2026_62728476.html\" target=\"_blank\" rel=\"noopener\">Nathalie-Perrin Gilbert<\/a>, persiste et signe : en cas d\u2019\u00e9lection \u00e0 la mairie l\u2019ann\u00e9e prochaine, l\u2019ancienne alli\u00e9e du maire <a href=\"https:\/\/actu.fr\/auvergne-rhone-alpes\/lyon_69123\/lyon-gregory-doucet-a-tranche-le-debat-inflammable-du-desarmement-de-la-police-municipale_62956454.html\" target=\"_blank\" rel=\"noopener\">Gr\u00e9gory Doucet<\/a> <strong>d\u00e9montera l\u2019\u0153uvre<\/strong> achev\u00e9e ce mois de juillet pour faire de l\u2019ombre et rafra\u00eechir les passants.<br \/>\u00ab\u00a0Apr\u00e8s avoir vot\u00e9 contre ce projet l\u2019an dernier en commission d\u2019appel d\u2019offres, je prends l\u2019engagement en cas d\u2019\u00e9lection \u00e0 la mairie de Lyon de faire proc\u00e9der au <a href=\"https:\/\/actu.fr\/auvergne-rhone-alpes\/lyon_69123\/lyon-c-est-nul-une-candidate-aux-municipales-2026-veut-retirer-l-oeuvre-de-bellecour_62824534.html\" target=\"_blank\" rel=\"noopener\">d\u00e9montage de l\u2019installation Tissage urbain place Bellecour<\/a>\u00ab\u00a0, dit-elle sur les r\u00e9seaux sociaux. \u00ab\u00a0Lyon m\u00e9rite mieux, la place Bellecour aussi\u00a0\u00bb, attaque l\u2019ancienne adjointe \u00e0 la Culture de nouveau candidate comme en 2020. Elle fait des propositions alternatives pour l\u2019avenir de la place Bellecour.<\/p>\n<p>\u00ab\u00a0Ce n\u2019est pas une \u0153uvre artistique\u00a0\u00bb<\/p>\n<p class=\" wall-content\">Pour la candidate, l\u2019installation de Bellecour \u00ab\u00a0n\u2019est pas une \u0153uvre artistique mais la r\u00e9ponse maladroite \u00e0 une commande politique inadapt\u00e9e\u00a0\u00bb. Nathalie Perrin-Gilbert assure que Tissage urbain \u00ab\u00a0ne r\u00e9pond pas \u00e0 la demande des habitants et habitantes de v\u00e9g\u00e9talisation de la place\u00a0\u00bb.<\/p>\n<p>    <img   decoding=\"async\" loading=\"lazy\" src=\"https:\/\/www.europesays.com\/fr\/wp-content\/uploads\/2025\/07\/nathalie-perrin-gilbert-lyon-960x640.jpg\" alt=\"Nathalie Perrin-Gilbert, candidate \u00e0 la mairie de Lyon.\" width=\"960\" height=\"640\"\/><br \/>\n    Nathalie Perrin-Gilbert, candidate \u00e0 la mairie de Lyon. (\u00a9Nicolas Zaugra\/ actu Lyon)<\/p>\n<blockquote class=\"ac-article-quote wall-content\">\n<p>Elle n&rsquo;apporte pas de r\u00e9ponse probante en terme d&rsquo;ombrage et de rafraichissement et pose des probl\u00e8mes de s\u00e9curit\u00e9, elle ne met pas en valeur la place Bellecour ni les diff\u00e9rents \u00e9l\u00e9ments qui la composent ; elle ne r\u00e9sout pas la question de l&rsquo;insertion paysag\u00e8re des entr\u00e9es et sorties de m\u00e9tro.<\/p>\n<p>    <strong>Nathalie Perrin-Gilbert, candidate \u00e0 la mairie de Lyon<\/strong>\n            <\/p><\/blockquote>\n<p>\u00ab\u00a0Un concours d\u2019architecture lanc\u00e9\u00a0\u00bb pour la place Bellecour<\/p>\n<p class=\" wall-content\">Pour l\u2019ancienne adjointe au maire, apr\u00e8s ce d\u00e9montage qu\u2019elle appelle de ses v\u0153ux, \u00ab\u00a0nous lancerons en lien avec la M\u00e9tropole de Lyon et l\u2019Etat un concours d\u2019architecture pour cette place centrale et historique.\u00a0\u00bb<\/p>\n<p class=\" wall-content\">Elle ne dit pas comment elle imagine l\u2019am\u00e9nagement de Bellecour, laissant le soin aux experts de faire des propositions. \u00ab\u00a0Oui, Lyon doit \u00e9voluer et s\u2019adapter aux enjeux du 21e si\u00e8cle, notamment les enjeux climatiques. Mais cette adaptation ne se fera pas durablement si nous ne respectons pas l\u2019esprit des lieux que nous am\u00e9nageons. Notre ville m\u00e9rite que nous prenions soin d\u2019elle !\u00a0\u00bb.<\/p>\n<p class=\" wall-content\">L\u2019installation de Bellecour n\u2019en finit pas de faire r\u00e9agir avec <strong>une quasi unanimit\u00e9 contre elle.<\/strong> Seuls les \u00e9lus \u00e9cologistes d\u00e9fendent le concept. M\u00eame dans la majorit\u00e9 municipale les critiques pleuvent, la d\u00e9put\u00e9e PS et conseill\u00e8re municipale Sandrine Runel a vivement critiqu\u00e9 l\u2019\u0153uvre en conseil municipal, d\u00e9non\u00e7ant \u00ab\u00a0le m2 d\u2019ombre le plus cher de Lyon\u00a0\u00bb. L\u2019installation a co\u00fbt\u00e9 1,6 million d\u2019euros et doit rester 5 ans sur la place Bellecour.<\/p>\n<p class=\" wall-content\">Suivez toute l\u2019actualit\u00e9 de vos villes et m\u00e9dias favoris en vous inscrivant \u00e0 <a href=\"https:\/\/moncompte.actu.fr\" title=\"D\u00e9couvez Mon Actu\" rel=\"nofollow noopener\" data-trk=\"{&quot;cta&quot;:{&quot;action&quot;:&quot;https:\\\/\\\/moncompte.actu.fr&quot;,&quot;category&quot;:&quot;mon compte&quot;,&quot;from&quot;:&quot;article footer&quot;,&quot;name&quot;:&quot;Mon actu&quot;,&quot;type&quot;:&quot;cta&quot;}}\" target=\"_blank\">Mon Actu<\/a>.<\/p>\n<ul class=\"ac-article-tag wall-content\">\n<li><a href=\"https:\/\/actu.fr\/tag\/bellecour\" data-trk=\"{&quot;cta&quot;:{&quot;action&quot;:&quot;Bellecour&quot;,&quot;category&quot;:&quot;tag&quot;,&quot;from&quot;:&quot;article footer&quot;,&quot;name&quot;:&quot;Bellecour&quot;,&quot;type&quot;:&quot;cta&quot;}}\" target=\"_blank\" rel=\"noopener\">#Bellecour<\/a><\/li>\n<li><a href=\"https:\/\/actu.fr\/tag\/municipales-2026\" data-trk=\"{&quot;cta&quot;:{&quot;action&quot;:&quot;Municipales 2026&quot;,&quot;category&quot;:&quot;tag&quot;,&quot;from&quot;:&quot;article footer&quot;,&quot;name&quot;:&quot;Municipales 2026&quot;,&quot;type&quot;:&quot;cta&quot;}}\" target=\"_blank\" rel=\"noopener\">#Municipales 2026<\/a><\/li>\n<\/ul>\n","protected":false},"excerpt":{"rendered":"Par Nicolas Zaugra Publi\u00e9 le 29 juil. 2025 \u00e0 10h58 L\u2019oeuvre Tissage urbain de la place Bellecour continue&hellip;\n","protected":false},"author":2,"featured_media":245501,"comment_status":"","ping_status":"","sticky":false,"template":"","format":"standard","meta":{"footnotes":""},"categories":[1889],"tags":[1111,11,2430,5272,4188,1777,674,1011,27,2428,3434,12,316,25],"class_list":{"0":"post-281551","1":"post","2":"type-post","3":"status-publish","4":"format-standard","5":"has-post-thumbnail","7":"category-lyon","8":"tag-actu","9":"tag-actualites","10":"tag-auvergne-rhone-alpes","11":"tag-bellecour","12":"tag-elections-municipales","13":"tag-eu","14":"tag-europe","15":"tag-fr","16":"tag-france","17":"tag-lyon","18":"tag-municipales-2026","19":"tag-news","20":"tag-politique","21":"tag-republique-francaise"},"share_on_mastodon":{"url":"https:\/\/pubeurope.com\/@fr\/114935763119269279","error":""},"_links":{"self":[{"href":"https:\/\/www.europesays.com\/fr\/wp-json\/wp\/v2\/posts\/281551","targetHints":{"allow":["GET"]}}],"collection":[{"href":"https:\/\/www.europesays.com\/fr\/wp-json\/wp\/v2\/posts"}],"about":[{"href":"https:\/\/www.europesays.com\/fr\/wp-json\/wp\/v2\/types\/post"}],"author":[{"embeddable":true,"href":"https:\/\/www.europesays.com\/fr\/wp-json\/wp\/v2\/users\/2"}],"replies":[{"embeddable":true,"href":"https:\/\/www.europesays.com\/fr\/wp-json\/wp\/v2\/comments?post=281551"}],"version-history":[{"count":0,"href":"https:\/\/www.europesays.com\/fr\/wp-json\/wp\/v2\/posts\/281551\/revisions"}],"wp:featuredmedia":[{"embeddable":true,"href":"https:\/\/www.europesays.com\/fr\/wp-json\/wp\/v2\/media\/245501"}],"wp:attachment":[{"href":"https:\/\/www.europesays.com\/fr\/wp-json\/wp\/v2\/media?parent=281551"}],"wp:term":[{"taxonomy":"category","embeddable":true,"href":"https:\/\/www.europesays.com\/fr\/wp-json\/wp\/v2\/categories?post=281551"},{"taxonomy":"post_tag","embeddable":true,"href":"https:\/\/www.europesays.com\/fr\/wp-json\/wp\/v2\/tags?post=281551"}],"curies":[{"name":"wp","href":"https:\/\/api.w.org\/{rel}","templated":true}]}}