{"id":281552,"date":"2025-07-29T09:15:10","date_gmt":"2025-07-29T09:15:10","guid":{"rendered":"https:\/\/www.europesays.com\/fr\/281552\/"},"modified":"2025-07-29T09:15:10","modified_gmt":"2025-07-29T09:15:10","slug":"lyon-indochine-rajoute-un-10eme-concert-a-la-ldlc-arena-les-places-deja-en-vente","status":"publish","type":"post","link":"https:\/\/www.europesays.com\/fr\/281552\/","title":{"rendered":"Lyon. Indochine rajoute un 10\u00e8me concert \u00e0 la LDLC Arena, les places d\u00e9j\u00e0 en vente"},"content":{"rendered":"<p>            Par<br \/>\n        <strong><br \/>\n            <a href=\"https:\/\/actu.fr\/auteur\/theophile-blondet\" title=\"Consulter tous les articles de Theophile Blondet\" target=\"_blank\" rel=\"noopener\">Theophile Blondet<\/a><br \/>\n        <\/strong><\/p>\n<p>        Publi\u00e9 le<\/p>\n<p>            29 juil. 2025 \u00e0 11h04<br \/>\n        ; mis \u00e0 jour le 29 juil. 2025 \u00e0 11h05    <\/p>\n<p>Les fans sont ravis. <a href=\"https:\/\/actu.fr\/auvergne-rhone-alpes\/lyon_69123\/lyon-douche-froide-pour-les-fans-d-indochine-lors-de-l-achat-de-leur-billet-de-concert_62558643.html\" target=\"_blank\" rel=\"noopener\">Le groupe Indochine<\/a> \u00e9tait d\u00e9j\u00e0 pass\u00e9 \u00e0 la <a href=\"https:\/\/actu.fr\/tag\/ldlc-arena\" target=\"_blank\" rel=\"noopener\">LDLC Arena<\/a> pour 4 concerts en f\u00e9vrier dernier. Alors que 5 autres dates sont d\u00e9j\u00e0 pr\u00e9vues pour octobre prochain, les organisateurs viennent d\u2019annoncer<strong> la mise en place d\u2019une 10\u00e8me date pour le 14\u00a0octobre<\/strong>, portant \u00e0 10 le nombre de concert r\u00e9alis\u00e9s par Indochine \u00e0 <a href=\"https:\/\/actu.fr\/lyon\/\" target=\"_blank\" rel=\"noopener\">Lyon<\/a> en 2025.<\/p>\n<p class=\" wall-content\">Les places sont d\u00e9j\u00e0 en ventes.<\/p>\n<p>    <a href=\"https:\/\/www.google.com\/maps\/embed?pb=!1m18!1m12!1m3!1d2783.0955898310876!2d4.977278876619599!3d45.769274513031526!2m3!1f0!2f0!3f0!3m2!1i1024!2i768!4f13.1!3m3!1m2!1s0x47f4c78864c0f9c5%3A0xee7886a14eceb3fc!2sLDLC%20Arena!5e0!3m2!1sfr!2sfr!4v1753778723388!5m2!1sfr!2sfr\" title=\"Ouvrie le lien\" target=\"_blank\" rel=\"noopener\">Cliquez ici pour visualiser le contenu<\/a><\/p>\n<p>10 concerts pr\u00e9vus<\/p>\n<p class=\" wall-content\">Dans le cadre de son Arena Tour d\u00e9but\u00e9 en janvier\u00a02026, le groupe fran\u00e7ais Indochine avait d\u00e9j\u00e0 jou\u00e9 devant le public lyonnais \u00e0 la LDLC Arena les 4, 5, 7 et 8\u00a0f\u00e9vrier 2025.<\/p>\n<p class=\" wall-content\">\n<p class=\" wall-content\">Il va retrouver les art\u00e8res de la salle d\u00e9cinoise en octobre prochain, non pas pour 5 dates, <strong>mais bien 6 d\u00e9sormais<\/strong>. Un 10\u00e8me concert aura lieu le 14\u00a0octobre.<\/p>\n<p>Les places d\u00e9j\u00e0 en vente<\/p>\n<p class=\" wall-content\">Si vous \u00eates fans et que vous souhaitez voir, ou revoir, <a href=\"https:\/\/actu.fr\/tag\/indochine\" target=\"_blank\" rel=\"noopener\">Indochine<\/a>, d\u00e9p\u00eachez-vous les places <strong>sont d\u00e9j\u00e0 en vente<\/strong>.<\/p>\n<p class=\" wall-content\">Trois cat\u00e9gories vous sont propos\u00e9es\u2009:<\/p>\n<ul class=\" wall-content\">\n<li>La fosse \u00e0 55\u20ac<\/li>\n<li>La cat\u00e9gorie 2 \u00e0 65\u20ac<\/li>\n<li>La cat\u00e9gorie 1 \u00e0 75\u20ac<\/li>\n<\/ul>\n<p class=\" wall-content\">Vous pouvez acheter vos billets <a href=\"https:\/\/billetterie.ldlcarena.com\/fr\/manifestation\/indochine-billet\/idmanif\/612938\/idseance\/4141110\" target=\"_blank\" rel=\"noopener\">ici<\/a>. Premiers arriv\u00e9s, premiers servis.<\/p>\n<p class=\" wall-content\">Suivez toute l\u2019actualit\u00e9 de vos villes et m\u00e9dias favoris en vous inscrivant \u00e0 <a href=\"https:\/\/moncompte.actu.fr\" title=\"D\u00e9couvez Mon Actu\" rel=\"nofollow noopener\" data-trk=\"{&quot;cta&quot;:{&quot;action&quot;:&quot;https:\\\/\\\/moncompte.actu.fr&quot;,&quot;category&quot;:&quot;mon compte&quot;,&quot;from&quot;:&quot;article footer&quot;,&quot;name&quot;:&quot;Mon actu&quot;,&quot;type&quot;:&quot;cta&quot;}}\" target=\"_blank\">Mon Actu<\/a>.<\/p>\n","protected":false},"excerpt":{"rendered":"Par Theophile Blondet Publi\u00e9 le 29 juil. 2025 \u00e0 11h04 ; mis \u00e0 jour le 29 juil. 2025&hellip;\n","protected":false},"author":2,"featured_media":281553,"comment_status":"","ping_status":"","sticky":false,"template":"","format":"standard","meta":{"footnotes":""},"categories":[1889],"tags":[1111,11,2430,1697,1777,674,1011,27,13704,7602,1652,2428,12,25],"class_list":{"0":"post-281552","1":"post","2":"type-post","3":"status-publish","4":"format-standard","5":"has-post-thumbnail","7":"category-lyon","8":"tag-actu","9":"tag-actualites","10":"tag-auvergne-rhone-alpes","11":"tag-concert","12":"tag-eu","13":"tag-europe","14":"tag-fr","15":"tag-france","16":"tag-indochine","17":"tag-ldlc-arena","18":"tag-loisirs-culture","19":"tag-lyon","20":"tag-news","21":"tag-republique-francaise"},"share_on_mastodon":{"url":"https:\/\/pubeurope.com\/@fr\/114935766909462360","error":""},"_links":{"self":[{"href":"https:\/\/www.europesays.com\/fr\/wp-json\/wp\/v2\/posts\/281552","targetHints":{"allow":["GET"]}}],"collection":[{"href":"https:\/\/www.europesays.com\/fr\/wp-json\/wp\/v2\/posts"}],"about":[{"href":"https:\/\/www.europesays.com\/fr\/wp-json\/wp\/v2\/types\/post"}],"author":[{"embeddable":true,"href":"https:\/\/www.europesays.com\/fr\/wp-json\/wp\/v2\/users\/2"}],"replies":[{"embeddable":true,"href":"https:\/\/www.europesays.com\/fr\/wp-json\/wp\/v2\/comments?post=281552"}],"version-history":[{"count":0,"href":"https:\/\/www.europesays.com\/fr\/wp-json\/wp\/v2\/posts\/281552\/revisions"}],"wp:featuredmedia":[{"embeddable":true,"href":"https:\/\/www.europesays.com\/fr\/wp-json\/wp\/v2\/media\/281553"}],"wp:attachment":[{"href":"https:\/\/www.europesays.com\/fr\/wp-json\/wp\/v2\/media?parent=281552"}],"wp:term":[{"taxonomy":"category","embeddable":true,"href":"https:\/\/www.europesays.com\/fr\/wp-json\/wp\/v2\/categories?post=281552"},{"taxonomy":"post_tag","embeddable":true,"href":"https:\/\/www.europesays.com\/fr\/wp-json\/wp\/v2\/tags?post=281552"}],"curies":[{"name":"wp","href":"https:\/\/api.w.org\/{rel}","templated":true}]}}