{"id":281564,"date":"2025-07-29T09:22:11","date_gmt":"2025-07-29T09:22:11","guid":{"rendered":"https:\/\/www.europesays.com\/fr\/281564\/"},"modified":"2025-07-29T09:22:11","modified_gmt":"2025-07-29T09:22:11","slug":"guerre-en-ukraine-au-moins-17-morts-dans-une-frappe-russe-sur-une-prison-ukrainienne-zelensky-denonce-une-frappe-deliberee-et-intentionnelle","status":"publish","type":"post","link":"https:\/\/www.europesays.com\/fr\/281564\/","title":{"rendered":"Guerre en Ukraine\u00a0: au moins 17 morts dans une frappe russe sur une prison ukrainienne, Zelensky d\u00e9nonce \u00ab\u00a0une frappe d\u00e9lib\u00e9r\u00e9e et intentionnelle\u00a0\u00bb"},"content":{"rendered":"<p class=\"ap-StoryElement ap-StoryElement--mb ap-StoryText\">Un haut responsable ukrainien a indiqu\u00e9 \u00e0 l&rsquo;AFP que 274 personnes, toutes Ukrainiennes, \u00e9taient d\u00e9tenues dans la colonie p\u00e9nitentiaire de Bilenkivska, dans laquelle travaillaient 30 employ\u00e9s au moment de la frappe.<\/p>\n<p class=\"ap-StoryElement ap-StoryElement--mb ap-StoryText\">Selon ce haut responsable, qui a pr\u00e9cis\u00e9 qu&rsquo;aucun prisonnier de guerre russe ne se trouvait dans cette prison, la Russie \u00ab\u00a0savait qu&rsquo;elle visait une infrastructure civile\u00a0\u00bb.<\/p>\n<p><a href=\"https:\/\/www.lalibre.be\/international\/europe\/guerre-ukraine-russie\/2025\/07\/28\/en-russie-la-purge-setend-et-touche-les-partisans-du-regime-notre-pays-traverse-une-vague-de-censure-sans-precedent-TCNZATIX5JARFF3AKF5NIGKNUI\/\" target=\"_blank\" rel=\"noopener noreferrer\" class=\"ap-StoryInterstitialLink ap-StoryElement ap-StoryElement--mb\">En Russie, la purge s&rsquo;\u00e9tend et touche les partisans du r\u00e9gime : \u00ab\u00a0Notre pays traverse une vague de censure sans pr\u00e9c\u00e9dent\u00a0\u00bb<\/a><\/p>\n<p class=\"ap-StoryElement ap-StoryElement--mb ap-StoryText\">D&rsquo;autres attaques dans la r\u00e9gion de Dnipropetrovsk (centre) et Kharkiv (nord-est) ont fait au moins cinq morts, ont annonc\u00e9 les autorit\u00e9s locales.<\/p>\n<p class=\"ap-StoryElement ap-StoryElement--mb ap-StoryText\">Un tir de missile sur la ville de Kamyanske a tu\u00e9 deux personnes, en a bless\u00e9 cinq et a endommag\u00e9 un h\u00f4pital, a d\u00e9clar\u00e9 Sergi\u00ef Lysak, chef de l&rsquo;administration militaire r\u00e9gionale de <a href=\"https:\/\/www.lalibre.be\/international\/europe\/guerre-ukraine-russie\/2025\/07\/29\/guerre-en-ukraine-au-moins-20-morts-dans-des-frappes-russes-nocturnes-CJFXWKWVMNFIHBOB3VQHP6NW2A\/\" target=\"_blank\" rel=\"noopener\">Dnipropetrovsk<\/a>, sur Telegram.<\/p>\n<p class=\"ap-StoryElement ap-StoryElement--mb ap-StoryText\">Une autre personne a \u00e9t\u00e9 tu\u00e9e et plusieurs autres bless\u00e9es lors d&rsquo;une attaque dans le district de Synelnykivsk\u00ef de cette m\u00eame r\u00e9gion par \u00ab\u00a0des drones\u00a0\u00bb explosifs \u00ab\u00a0et des bombes guid\u00e9es\u00a0\u00bb.<\/p>\n<p class=\"ap-StoryElement ap-StoryElement--mb ap-StoryText\">Lors d&rsquo;une autre attaque \u00e0 Velykomykha\u00eflivska, une \u00ab\u00a0femme de 75 ans a \u00e9t\u00e9 tu\u00e9e\u00a0\u00bb, a-t-il post\u00e9 sur Telegram.<\/p>\n<p class=\"ap-StoryElement ap-StoryElement--mb ap-StoryText\">Une attaque de roquettes multiples a tu\u00e9 une personne dans la ville de Koupiansk, dans la r\u00e9gion de Kharkiv.<\/p>\n<p><a href=\"https:\/\/www.lalibre.be\/international\/europe\/guerre-ukraine-russie\/2025\/07\/28\/le-kremlin-mise-sur-une-guerre-longue-larmee-russe-pourra-desormais-recruter-a-flux-constant-EX55EMGRKND2HGH3VE5IVFNBBE\/\" target=\"_blank\" rel=\"noopener noreferrer\" class=\"ap-StoryInterstitialLink ap-StoryElement ap-StoryElement--mb\">Le Kremlin mise sur une guerre longue : l&rsquo;arm\u00e9e russe pourra d\u00e9sormais recruter \u00e0 flux constant<\/a><\/p>\n","protected":false},"excerpt":{"rendered":"Un haut responsable ukrainien a indiqu\u00e9 \u00e0 l&rsquo;AFP que 274 personnes, toutes Ukrainiennes, \u00e9taient d\u00e9tenues dans la colonie&hellip;\n","protected":false},"author":2,"featured_media":281565,"comment_status":"","ping_status":"","sticky":false,"template":"","format":"standard","meta":{"footnotes":""},"categories":[1591],"tags":[11,2120,1887,12,1885,1886,132,220],"class_list":{"0":"post-281564","1":"post","2":"type-post","3":"status-publish","4":"format-standard","5":"has-post-thumbnail","7":"category-russie","8":"tag-actualites","9":"tag-conflit","10":"tag-federation-de-russie","11":"tag-news","12":"tag-russia","13":"tag-russian-federation","14":"tag-russie","15":"tag-ukraine"},"share_on_mastodon":{"url":"https:\/\/pubeurope.com\/@fr\/114935794468005107","error":""},"_links":{"self":[{"href":"https:\/\/www.europesays.com\/fr\/wp-json\/wp\/v2\/posts\/281564","targetHints":{"allow":["GET"]}}],"collection":[{"href":"https:\/\/www.europesays.com\/fr\/wp-json\/wp\/v2\/posts"}],"about":[{"href":"https:\/\/www.europesays.com\/fr\/wp-json\/wp\/v2\/types\/post"}],"author":[{"embeddable":true,"href":"https:\/\/www.europesays.com\/fr\/wp-json\/wp\/v2\/users\/2"}],"replies":[{"embeddable":true,"href":"https:\/\/www.europesays.com\/fr\/wp-json\/wp\/v2\/comments?post=281564"}],"version-history":[{"count":0,"href":"https:\/\/www.europesays.com\/fr\/wp-json\/wp\/v2\/posts\/281564\/revisions"}],"wp:featuredmedia":[{"embeddable":true,"href":"https:\/\/www.europesays.com\/fr\/wp-json\/wp\/v2\/media\/281565"}],"wp:attachment":[{"href":"https:\/\/www.europesays.com\/fr\/wp-json\/wp\/v2\/media?parent=281564"}],"wp:term":[{"taxonomy":"category","embeddable":true,"href":"https:\/\/www.europesays.com\/fr\/wp-json\/wp\/v2\/categories?post=281564"},{"taxonomy":"post_tag","embeddable":true,"href":"https:\/\/www.europesays.com\/fr\/wp-json\/wp\/v2\/tags?post=281564"}],"curies":[{"name":"wp","href":"https:\/\/api.w.org\/{rel}","templated":true}]}}