{"id":281568,"date":"2025-07-29T09:24:10","date_gmt":"2025-07-29T09:24:10","guid":{"rendered":"https:\/\/www.europesays.com\/fr\/281568\/"},"modified":"2025-07-29T09:24:10","modified_gmt":"2025-07-29T09:24:10","slug":"qui-etait-shane-tamura-le-suspect-de-la-fusillade-de-new-york","status":"publish","type":"post","link":"https:\/\/www.europesays.com\/fr\/281568\/","title":{"rendered":"Qui \u00e9tait Shane Tamura, le suspect de la fusillade de New York\u00a0?"},"content":{"rendered":"<p>Lundi, une <a href=\"https:\/\/www.20minutes.fr\/monde\/etats-unis\/4165717-20250729-etats-unis-tireur-abattu-apres-avoir-blesse-policier-deux-passants-new-york\" target=\"_blank\" class=\"color-ultramarine c-link\" rel=\"noopener\">fusillade meurtri\u00e8re<\/a> a secou\u00e9 <a href=\"https:\/\/www.20minutes.fr\/dossier\/manhattan\" class=\"color-ultramarine c-link\" target=\"_blank\" rel=\"noopener\">Manhattan<\/a> en plein c\u0153ur de New York, faisant quatre morts, avant que l\u2019assaillant ne se donne la mort. Identifi\u00e9 par la police selon la commissaire du service de police de New York, Jessica Tisch lors d\u2019une conf\u00e9rence de presse, le tireur est un homme de 27 ans originaire de <a href=\"https:\/\/www.20minutes.fr\/dossier\/las_vegas\" class=\"color-ultramarine c-link\" target=\"_blank\" rel=\"noopener\">Las Vegas<\/a>. Mais qui \u00e9tait Shane Devon Tamura\u00a0qui a sem\u00e9 l\u2019effroi au 345 Park Avenue\u00a0?<\/p>\n<p>Selon les informations des autorit\u00e9s, relay\u00e9es par <a href=\"https:\/\/www.nbcnews.com\/news\/us-news\/shane-devon-temura-know-nyc-shooting-suspect-rcna221644\" rel=\"nofollow noopener\" target=\"_blank\" class=\"color-ultramarine c-link\">NBC News<\/a>, Shane Devon Tamura souffrait de troubles mentaux. R\u00e9sidant \u00e0 Las Vegas, dans une r\u00e9sidence s\u00e9curis\u00e9e, il avait obtenu une carte de travail du Nevada Private Investigator Licensing Board, d\u00e9sormais expir\u00e9e, d\u2019apr\u00e8s des documents consult\u00e9s par <a href=\"https:\/\/abcnews.go.com\/US\/shane-devon-tamura-suspect-midtown-manhattan-shooting\/story?id=124159125\" rel=\"nofollow noopener\" target=\"_blank\" class=\"color-ultramarine c-link\">ABC News<\/a>.<\/p>\n<\/p>\n<p>Ancien \u00e9l\u00e8ve d\u2019un lyc\u00e9e du sud de la Californie, o\u00f9 il jouait dans l\u2019\u00e9quipe de football, Shane Tamura \u00e9tait per\u00e7u par ses anciens co\u00e9quipiers comme quelqu\u2019un d\u2019inoffensif. \u00ab\u00a0On n\u2019aurait jamais imagin\u00e9 que la violence puisse \u00eatre associ\u00e9e \u00e0 lui, a d\u00e9clar\u00e9 un ancien camarade. Tout ce qu\u2019il disait \u00e9tait une blague\u00a0\u00bb, rapporte NBC News, soulignant la stupeur de ceux qui l\u2019ont connu.<\/p>\n<p>Ses m\u00e9dicaments \u00e0 c\u00f4t\u00e9 de ses armes<\/p>\n<p>Les images des cam\u00e9ras de surveillance ont permis de retracer son parcours. Shane Tamura a travers\u00e9 les \u00c9tats-Unis depuis Las Vegas \u00e0 bord d\u2019une BMW immatricul\u00e9e au Nevada. Les enqu\u00eateurs ont rep\u00e9r\u00e9 sa trace dans le Colorado le 26\u00a0juillet, puis dans le Nebraska et l\u2019Iowa le 27\u00a0juillet, avant qu\u2019il ne soit localis\u00e9 dans le New Jersey \u00e0 16h24 le jour de l\u2019attaque. Arriv\u00e9 \u00e0 Manhattan, il a gar\u00e9 son v\u00e9hicule en double file devant l\u2019immeuble cibl\u00e9. \u00c0 l\u2019int\u00e9rieur, la police a d\u00e9couvert un \u00e9tui \u00e0 fusil contenant des cartouches, des chargeurs de munitions, un revolver charg\u00e9 et un sac \u00e0 dos avec des m\u00e9dicaments prescrits pour ses ant\u00e9c\u00e9dents m\u00e9dicaux.<\/p>\n<p>Les images de surveillance montrent Tamura, arm\u00e9 d\u2019un fusil M4, p\u00e9n\u00e9trer dans les bureaux du 345 Park Avenue \u00e0 l\u2019heure de la sortie du travail. Il a ouvert le feu dans le hall d\u2019entr\u00e9e, tuant un agent de s\u00e9curit\u00e9, Didarul Islam, \u00e2g\u00e9 de 36 ans, et une femme qui tentait de se cacher, avant de poursuivre son attaque au 33e \u00e9tage. Parmi les quatre victimes, seule l\u2019identit\u00e9 de l\u2019agent de s\u00e9curit\u00e9 a \u00e9t\u00e9 r\u00e9v\u00e9l\u00e9e \u00e0 ce jour.<\/p>\n<p>Une lettre qui pourrait expliquer son geste\u00a0?<\/p>\n<p>Le mobile de l\u2019attaque reste flou, les autorit\u00e9s poursuivant leurs investigations pour comprendre les motivations de Tamura. Mais selon une source proche de l\u2019enqu\u00eate cit\u00e9e par <a href=\"https:\/\/edition.cnn.com\/us\/live-news\/new-york-city-midtown-manhattan-shooting-07-28-25?t=1753769830243\" rel=\"nofollow noopener\" target=\"_blank\" class=\"color-ultramarine c-link\">CNN<\/a>, l\u2019auteur de la fusillade de Manhattan, portait sur lui une lettre de trois pages annon\u00e7ant son suicide, retrouv\u00e9e dans sa poche arri\u00e8re. Dans ce document, le suspect de 27 ans confie souffrir d\u2019une enc\u00e9phalopathie traumatique chronique (ETC), une maladie c\u00e9r\u00e9brale souvent associ\u00e9e \u00e0 des traumatismes cr\u00e2niens r\u00e9p\u00e9t\u00e9s, fr\u00e9quente chez les joueurs de football am\u00e9ricain. Tamura, ancien membre d\u2019une \u00e9quipe de football au lyc\u00e9e, y exprime \u00e9galement une requ\u00eate\u00a0: \u00ab\u00a0Que son cerveau soit \u00e9tudi\u00e9\u00a0\u00bb apr\u00e8s sa mort, offrant un possible indice sur les raisons de son geste tragique.<\/p>\n","protected":false},"excerpt":{"rendered":"Lundi, une fusillade meurtri\u00e8re a secou\u00e9 Manhattan en plein c\u0153ur de New York, faisant quatre morts, avant que&hellip;\n","protected":false},"author":2,"featured_media":281569,"comment_status":"","ping_status":"","sticky":false,"template":"","format":"standard","meta":{"footnotes":""},"categories":[1589],"tags":[47,11,73,1866,19456,3832,192,14707,74,415,12,1072,1864,1865,1863,308],"class_list":{"0":"post-281568","1":"post","2":"type-post","3":"status-publish","4":"format-standard","5":"has-post-thumbnail","7":"category-etats-unis","8":"tag-actualite","9":"tag-actualites","10":"tag-etats-unis","11":"tag-etats-unis-damerique","12":"tag-fusil","13":"tag-fusillade","14":"tag-las-vegas","15":"tag-manhattan","16":"tag-monde","17":"tag-new-york","18":"tag-news","19":"tag-police","20":"tag-united-states","21":"tag-united-states-of-america","22":"tag-us","23":"tag-usa"},"share_on_mastodon":{"url":"https:\/\/pubeurope.com\/@fr\/114935802320576899","error":""},"_links":{"self":[{"href":"https:\/\/www.europesays.com\/fr\/wp-json\/wp\/v2\/posts\/281568","targetHints":{"allow":["GET"]}}],"collection":[{"href":"https:\/\/www.europesays.com\/fr\/wp-json\/wp\/v2\/posts"}],"about":[{"href":"https:\/\/www.europesays.com\/fr\/wp-json\/wp\/v2\/types\/post"}],"author":[{"embeddable":true,"href":"https:\/\/www.europesays.com\/fr\/wp-json\/wp\/v2\/users\/2"}],"replies":[{"embeddable":true,"href":"https:\/\/www.europesays.com\/fr\/wp-json\/wp\/v2\/comments?post=281568"}],"version-history":[{"count":0,"href":"https:\/\/www.europesays.com\/fr\/wp-json\/wp\/v2\/posts\/281568\/revisions"}],"wp:featuredmedia":[{"embeddable":true,"href":"https:\/\/www.europesays.com\/fr\/wp-json\/wp\/v2\/media\/281569"}],"wp:attachment":[{"href":"https:\/\/www.europesays.com\/fr\/wp-json\/wp\/v2\/media?parent=281568"}],"wp:term":[{"taxonomy":"category","embeddable":true,"href":"https:\/\/www.europesays.com\/fr\/wp-json\/wp\/v2\/categories?post=281568"},{"taxonomy":"post_tag","embeddable":true,"href":"https:\/\/www.europesays.com\/fr\/wp-json\/wp\/v2\/tags?post=281568"}],"curies":[{"name":"wp","href":"https:\/\/api.w.org\/{rel}","templated":true}]}}