{"id":28157,"date":"2025-04-16T02:13:28","date_gmt":"2025-04-16T02:13:28","guid":{"rendered":"https:\/\/www.europesays.com\/fr\/28157\/"},"modified":"2025-04-16T02:13:28","modified_gmt":"2025-04-16T02:13:28","slug":"nancy-le-credit-municipal-lance-un-appel-aux-dons-dobjets","status":"publish","type":"post","link":"https:\/\/www.europesays.com\/fr\/28157\/","title":{"rendered":"Nancy. Le Cr\u00e9dit municipal lance un appel aux dons d\u2019objets"},"content":{"rendered":"<p>L\u2019an pass\u00e9, la troisi\u00e8me vente aux ench\u00e8res solidaire organis\u00e9e par le Cr\u00e9dit municipal de Nancy avait permis de <a href=\"https:\/\/www.estrepublicain.fr\/social\/2024\/09\/17\/une-vente-aux-encheres-solidaire-au-profit-de-trois-associations\" target=\"_blank\" rel=\"noopener\">r\u00e9colter 9\u00a0000\u00a0\u20ac au profit d\u2019associations \u0153uvrant dans le domaine social, m\u00e9dical et humanitaire.<\/a><\/p>\n<p>La quatri\u00e8me \u00e9dition aura lieu le samedi 4\u00a0octobre, \u00e0 14\u00a0h, dans les grands salons de l\u2019h\u00f4tel de ville, au profit de trois associations\u00a0: AFA (Association Fran\u00e7ois-Aupetit) d\u00e9di\u00e9e \u00e0 l\u2019accompagnement des personnes atteintes de maladies inflammatoires chroniques de l\u2019intestin\u00a0; ASAE (Association de soutien aux activit\u00e9s \u00e9ducatives) Francas, qui propose un accompagnement \u00e0 la scolarit\u00e9, un accueil de loisirs et s\u00e9jours pour les jeunes\u00a0; Le Didelot, maison d\u2019accueil pour les familles et amis de personnes incarc\u00e9r\u00e9es, en attente de parloir.<\/p>\n<p>R\u00e9duction d&rsquo;imp\u00f4ts possible<\/p>\n<p>Pour cette nouvelle vente aux ench\u00e8res solidaire, qui sera assur\u00e9e par Me Antoine Audhuy, commissaire-priseur \u00e0 la maison des ventes Alexandre Landre, le <a href=\"https:\/\/www.estrepublicain.fr\/economie\/2023\/10\/17\/le-credit-municipal-s-adapte-aux-nouveaux-modes-de-consommation\" target=\"_blank\" rel=\"noopener\">Cr\u00e9dit municipal de Nancy<\/a> lance un appel aux dons d\u2019objets.<\/p>\n<p>Les entreprises, clubs sportifs, associations et particuliers sont invit\u00e9s \u00e0 faire des dons d\u2019objets et de prestations de valeur afin d\u2019alimenter la vente aux ench\u00e8res. Bijoux, montres, petit mobilier, objets d\u2019art et de d\u00e9coration (tableaux, sculptures, cristal, fa\u00efence,\u00a0etc.)\u00a0; objets de marque (maroquinerie, v\u00eatements, accessoires de mode), maillots de sport, ballons d\u00e9dicac\u00e9s, instruments de musique, livres, BD, places de spectacles, vins, parfum, disques vinyles ou tout autre objet de collection, sont les bienvenus.<\/p>\n<p>Les professionnels qui souhaitent participer \u00e0 la vente en faisant un don pourront b\u00e9n\u00e9ficier d\u2019une r\u00e9duction d\u2019imp\u00f4ts.<\/p>\n<p>  Expertises gratuites les mardis et jeudis matin<\/p>\n<p>Les donateurs peuvent d\u00e9poser les objets du lundi au jeudi (de 8\u00a0h \u00e0 12\u00a0h\u00a015 et de 13\u00a0h\u00a015 \u00e0 16\u00a0h\u00a030) et le vendredi (de 8\u00a0h \u00e0 12\u00a0h\u00a015) au Cr\u00e9dit municipal de Nancy, 10 rue Callot. Antoine Audhuy y tient une permanence tous les mardis et jeudis, de 9\u00a0h \u00e0 11\u00a0h, pour expertiser gratuitement les objets apport\u00e9s.<\/p>\n<p class=\"note\">Contact\u00a0: dga@creditmunicipal-nancy.fr ou 03\u00a083\u00a017\u00a085\u00a084<\/p>\n","protected":false},"excerpt":{"rendered":"L\u2019an pass\u00e9, la troisi\u00e8me vente aux ench\u00e8res solidaire organis\u00e9e par le Cr\u00e9dit municipal de Nancy avait permis de&hellip;\n","protected":false},"author":2,"featured_media":28158,"comment_status":"","ping_status":"","sticky":false,"template":"","format":"standard","meta":{"footnotes":""},"categories":[9635],"tags":[1111,11,1707,1704,1706,1705,1777,674,1011,27,775,1702,1703,12,25,801],"class_list":{"0":"post-28157","1":"post","2":"type-post","3":"status-publish","4":"format-standard","5":"has-post-thumbnail","7":"category-nancy","8":"tag-actu","9":"tag-actualites","10":"tag-edition-luneville","11":"tag-edition-nancy-et-agglomeration","12":"tag-edition-pont-a-mousson","13":"tag-edition-toul","14":"tag-eu","15":"tag-europe","16":"tag-fr","17":"tag-france","18":"tag-grand-est","19":"tag-nancy","20":"tag-nancy-ville-54b","21":"tag-news","22":"tag-republique-francaise","23":"tag-social"},"share_on_mastodon":{"url":"https:\/\/pubeurope.com\/@fr\/114345227296700960","error":""},"_links":{"self":[{"href":"https:\/\/www.europesays.com\/fr\/wp-json\/wp\/v2\/posts\/28157","targetHints":{"allow":["GET"]}}],"collection":[{"href":"https:\/\/www.europesays.com\/fr\/wp-json\/wp\/v2\/posts"}],"about":[{"href":"https:\/\/www.europesays.com\/fr\/wp-json\/wp\/v2\/types\/post"}],"author":[{"embeddable":true,"href":"https:\/\/www.europesays.com\/fr\/wp-json\/wp\/v2\/users\/2"}],"replies":[{"embeddable":true,"href":"https:\/\/www.europesays.com\/fr\/wp-json\/wp\/v2\/comments?post=28157"}],"version-history":[{"count":0,"href":"https:\/\/www.europesays.com\/fr\/wp-json\/wp\/v2\/posts\/28157\/revisions"}],"wp:featuredmedia":[{"embeddable":true,"href":"https:\/\/www.europesays.com\/fr\/wp-json\/wp\/v2\/media\/28158"}],"wp:attachment":[{"href":"https:\/\/www.europesays.com\/fr\/wp-json\/wp\/v2\/media?parent=28157"}],"wp:term":[{"taxonomy":"category","embeddable":true,"href":"https:\/\/www.europesays.com\/fr\/wp-json\/wp\/v2\/categories?post=28157"},{"taxonomy":"post_tag","embeddable":true,"href":"https:\/\/www.europesays.com\/fr\/wp-json\/wp\/v2\/tags?post=28157"}],"curies":[{"name":"wp","href":"https:\/\/api.w.org\/{rel}","templated":true}]}}