{"id":281570,"date":"2025-07-29T09:25:11","date_gmt":"2025-07-29T09:25:11","guid":{"rendered":"https:\/\/www.europesays.com\/fr\/281570\/"},"modified":"2025-07-29T09:25:11","modified_gmt":"2025-07-29T09:25:11","slug":"uber-perd-son-appel-devant-la-cour-supreme-du-royaume-uni-concernant-la-taxe-sur-les-applications-concurrentes-29-07-2025-a-1102","status":"publish","type":"post","link":"https:\/\/www.europesays.com\/fr\/281570\/","title":{"rendered":"Uber perd son appel devant la Cour supr\u00eame du Royaume-Uni concernant la taxe sur les applications concurrentes &#8211; 29\/07\/2025 \u00e0 11:02"},"content":{"rendered":"<p>\n ((Traduction automatis\u00e9e par Reuters \u00e0 l&rsquo;aide de l&rsquo;apprentissage<br \/>\nautomatique et de l&rsquo;IA g\u00e9n\u00e9rative, veuillez vous r\u00e9f\u00e9rer \u00e0<br \/>\nl&rsquo;avertissement suivant: https:\/\/bit.ly\/rtrsauto))\n<\/p>\n<p>\n Les op\u00e9rateurs de taxis<br \/>\nrivaux d&rsquo;Uber<br \/>\n <a href=\"https:\/\/www.boursorama.com\/cours\/UBER\/\" rel=\"nofollow noopener\" target=\"_blank\"><br \/>\n  UBER.N<br \/>\n <\/a><br \/>\n ne seront pas confront\u00e9s \u00e0 une charge<br \/>\nfiscale de 20% sur leurs marges b\u00e9n\u00e9ficiaires en dehors de<br \/>\nLondres apr\u00e8s que la Cour supr\u00eame du Royaume-Uni a statu\u00e9 mardi<br \/>\nque les op\u00e9rateurs de location priv\u00e9e ne concluent pas de<br \/>\ncontrat avec les passagers.\n<\/p>\n<p>\n Uber avait intent\u00e9 une action en justice \u00e0 la suite d&rsquo;une<br \/>\nd\u00e9cision prise en 2021 par la Cour supr\u00eame du Royaume-Uni<br \/>\n, selon laquelle ses chauffeurs \u00e9taient des travailleurs,<br \/>\nce qui avait une incidence sur les obligations fiscales et<br \/>\nautres d&rsquo;Uber.\n<\/p>\n<p>\n La soci\u00e9t\u00e9 a demand\u00e9 \u00e0 ce que les exploitants de taxis<br \/>\npriv\u00e9s concluent un contrat avec les passagers et la Haute Cour<br \/>\nde Londres a statu\u00e9  en sa faveur l&rsquo;ann\u00e9e derni\u00e8re.\n<\/p>\n<p>\n Cette d\u00e9cision signifiait que les op\u00e9rateurs devaient payer<br \/>\nla taxe sur la valeur ajout\u00e9e (TVA) \u00e0 20 %, mais la d\u00e9cision a<br \/>\n\u00e9t\u00e9 annul\u00e9e par la Cour d&rsquo;appel en juillet 2024 \u00e0 la suite d&rsquo;un<br \/>\nrecours des op\u00e9rateurs de taxis priv\u00e9s Delta Taxis et de la<br \/>\nplateforme Veezu.\n<\/p>\n<p>\n Uber a fait appel  devant la Cour supr\u00eame, qui a<br \/>\nrejet\u00e9 mardi \u00e0 l&rsquo;unanimit\u00e9 l&rsquo;appel d&rsquo;Uber.\n<\/p>\n<p>\n Dans une autre affaire, la startup estonienne Bolt,<br \/>\nsp\u00e9cialis\u00e9e dans la livraison de repas et le covoiturage, a<br \/>\nrejet\u00e9 cette ann\u00e9e un appel de l&rsquo;autorit\u00e9 fiscale britannique<br \/>\nHMRC concernant le paiement de la TVA \u00e0 20 %.\n<\/p>\n<p>\n Depuis, HMRC a \u00e9t\u00e9 autoris\u00e9 \u00e0 contester devant la Cour<br \/>\nd&rsquo;appel la d\u00e9cision  selon laquelle Bolt n&rsquo;est redevable<br \/>\nde la TVA que sur sa marge, et non sur le co\u00fbt total du trajet.<\/p>\n","protected":false},"excerpt":{"rendered":"((Traduction automatis\u00e9e par Reuters \u00e0 l&rsquo;aide de l&rsquo;apprentissage automatique et de l&rsquo;IA g\u00e9n\u00e9rative, veuillez vous r\u00e9f\u00e9rer \u00e0 l&rsquo;avertissement&hellip;\n","protected":false},"author":2,"featured_media":281571,"comment_status":"","ping_status":"","sticky":false,"template":"","format":"standard","meta":{"footnotes":""},"categories":[1588],"tags":[400,11,398,408,405,1777,674,403,402,399,404,12,473,1853,401,406,1851,1850,1852,407],"class_list":{"0":"post-281570","1":"post","2":"type-post","3":"status-publish","4":"format-standard","5":"has-post-thumbnail","7":"category-royaume-uni","8":"tag-action-cac-40","9":"tag-actualites","10":"tag-bourse-de-paris","11":"tag-boursorama","12":"tag-cotations","13":"tag-eu","14":"tag-europe","15":"tag-indices-devises","16":"tag-investir","17":"tag-investissement","18":"tag-marche-boursier","19":"tag-news","20":"tag-royaume-uni","21":"tag-royaume-uni-de-grande-bretagne-et-dirlande-du-nord","22":"tag-sicav","23":"tag-trackers","24":"tag-uk","25":"tag-united-kingdom","26":"tag-united-kingdom-of-great-britain-and-northern-ireland","27":"tag-warrants"},"share_on_mastodon":{"url":"https:\/\/pubeurope.com\/@fr\/114935806274418931","error":""},"_links":{"self":[{"href":"https:\/\/www.europesays.com\/fr\/wp-json\/wp\/v2\/posts\/281570","targetHints":{"allow":["GET"]}}],"collection":[{"href":"https:\/\/www.europesays.com\/fr\/wp-json\/wp\/v2\/posts"}],"about":[{"href":"https:\/\/www.europesays.com\/fr\/wp-json\/wp\/v2\/types\/post"}],"author":[{"embeddable":true,"href":"https:\/\/www.europesays.com\/fr\/wp-json\/wp\/v2\/users\/2"}],"replies":[{"embeddable":true,"href":"https:\/\/www.europesays.com\/fr\/wp-json\/wp\/v2\/comments?post=281570"}],"version-history":[{"count":0,"href":"https:\/\/www.europesays.com\/fr\/wp-json\/wp\/v2\/posts\/281570\/revisions"}],"wp:featuredmedia":[{"embeddable":true,"href":"https:\/\/www.europesays.com\/fr\/wp-json\/wp\/v2\/media\/281571"}],"wp:attachment":[{"href":"https:\/\/www.europesays.com\/fr\/wp-json\/wp\/v2\/media?parent=281570"}],"wp:term":[{"taxonomy":"category","embeddable":true,"href":"https:\/\/www.europesays.com\/fr\/wp-json\/wp\/v2\/categories?post=281570"},{"taxonomy":"post_tag","embeddable":true,"href":"https:\/\/www.europesays.com\/fr\/wp-json\/wp\/v2\/tags?post=281570"}],"curies":[{"name":"wp","href":"https:\/\/api.w.org\/{rel}","templated":true}]}}