{"id":281572,"date":"2025-07-29T09:26:10","date_gmt":"2025-07-29T09:26:10","guid":{"rendered":"https:\/\/www.europesays.com\/fr\/281572\/"},"modified":"2025-07-29T09:26:10","modified_gmt":"2025-07-29T09:26:10","slug":"luis-diaz-est-arrive-en-allemagne-allemagne-bayern-munich","status":"publish","type":"post","link":"https:\/\/www.europesays.com\/fr\/281572\/","title":{"rendered":"Luis D\u00edaz est arriv\u00e9 en Allemagne &#8211; Allemagne &#8211; Bayern Munich"},"content":{"rendered":"<p>Luis attaque.<\/p>\n<p><a target=\"_blank\" href=\"https:\/\/www.sofoot.com\/breves\/mercato-liverpool-aurait-refuse-une-offre-de-67-millions-deuros-du-bayern-munich-pour-luis-diaz\" rel=\"nofollow noopener\">Apr\u00e8s plusieurs semaines de n\u00e9gociations intenses entre Liverpool et le Bayern Munich<\/a>, le transfert de Luis D\u00edaz devrait \u00eatre officiel dans les prochaines heures. <strong>L\u2019attaquant colombien a atterri en Allemagne<\/strong> ce mardi matin pour signer son contrat avec le club bavarois.<\/p>\n<p>Liverpool renfloue enfin les caisses<\/p>\n<p>Chez les Reds, Luis D\u00edaz <strong>\u00e9tait devenu un titulaire indiscutable<\/strong>. Joueur frisson par excellence, le Colombien a r\u00e9gal\u00e9 les supporters d\u2019Anfield depuis son arriv\u00e9e en 2022. Sa derni\u00e8re ann\u00e9e fut \u00e9videmment marqu\u00e9e <a target=\"_blank\" href=\"https:\/\/www.sofoot.com\/breves\/premier-league-liverpool-martyrise-tottenham-et-soffre-son-20e-titre-de-champion-dangleterre\" rel=\"nofollow noopener\">par le titre de Premier League<\/a> obtenu avec le reste de la bande d\u2019Arne Slot.<\/p>\n<p>Selon les informations de Sky Sport,<strong> Liverpool va recevoir un joli ch\u00e8que de 75 millions d\u2019euros<\/strong> sign\u00e9 par le Bayern. Suite aux recrutements on\u00e9reux de Florian Wirtz, <a target=\"_blank\" href=\"https:\/\/www.sofoot.com\/articles\/hugo-ekitike-a-liverpool-un-transfert-surprise-pour-lancien-attaquant-du-psg\" rel=\"nofollow noopener\">de Hugo Ekitike<\/a>, de Milos Kerkez ou encore de Jeremie Frimpong, Liverpool <strong>enregistre enfin sa premi\u00e8re grosse vente de ce mercato estival.\u00a0<\/strong><\/p>\n<p>Tout \u00e7a pour en remettre une couche sur Alexander Isak.<\/p>\n<p>\t\t\t\t\t\t\t\t\t\t<a class=\"lien-connexe\" href=\"https:\/\/www.sofoot.com\/breves\/thomas-muller-bayern-munich-ne-se-remet-pas-du-prix-du-transfert-de-florian-wirtz-a-liverpool\" rel=\"nofollow noopener\" target=\"_blank\">Thomas M\u00fcller ne se remet pas du prix du transfert de Florian Wirtz<\/a>\t\t\t\t\t<\/p>\n","protected":false},"excerpt":{"rendered":"Luis attaque. Apr\u00e8s plusieurs semaines de n\u00e9gociations intenses entre Liverpool et le Bayern Munich, le transfert de Luis&hellip;\n","protected":false},"author":2,"featured_media":281573,"comment_status":"","ping_status":"","sticky":false,"template":"","format":"standard","meta":{"footnotes":""},"categories":[1587],"tags":[47,11,61,672,69,1804,65,1805,1803,64,1777,674,63,1801,68,66,12,62,70,1802,67],"class_list":{"0":"post-281572","1":"post","2":"type-post","3":"status-publish","4":"format-standard","5":"has-post-thumbnail","7":"category-allemagne","8":"tag-actualite","9":"tag-actualites","10":"tag-actus-football","11":"tag-allemagne","12":"tag-bundesliga","13":"tag-bundesrepublik-deutschland","14":"tag-championnats-europeens","15":"tag-de","16":"tag-deutschland","17":"tag-equipe-de-france","18":"tag-eu","19":"tag-europe","20":"tag-football","21":"tag-germany","22":"tag-ligua","23":"tag-ligue-1","24":"tag-news","25":"tag-news-foot","26":"tag-premier-league","27":"tag-republique-federale-dallemagne","28":"tag-serie-a"},"share_on_mastodon":{"url":"https:\/\/pubeurope.com\/@fr\/114935810330594957","error":""},"_links":{"self":[{"href":"https:\/\/www.europesays.com\/fr\/wp-json\/wp\/v2\/posts\/281572","targetHints":{"allow":["GET"]}}],"collection":[{"href":"https:\/\/www.europesays.com\/fr\/wp-json\/wp\/v2\/posts"}],"about":[{"href":"https:\/\/www.europesays.com\/fr\/wp-json\/wp\/v2\/types\/post"}],"author":[{"embeddable":true,"href":"https:\/\/www.europesays.com\/fr\/wp-json\/wp\/v2\/users\/2"}],"replies":[{"embeddable":true,"href":"https:\/\/www.europesays.com\/fr\/wp-json\/wp\/v2\/comments?post=281572"}],"version-history":[{"count":0,"href":"https:\/\/www.europesays.com\/fr\/wp-json\/wp\/v2\/posts\/281572\/revisions"}],"wp:featuredmedia":[{"embeddable":true,"href":"https:\/\/www.europesays.com\/fr\/wp-json\/wp\/v2\/media\/281573"}],"wp:attachment":[{"href":"https:\/\/www.europesays.com\/fr\/wp-json\/wp\/v2\/media?parent=281572"}],"wp:term":[{"taxonomy":"category","embeddable":true,"href":"https:\/\/www.europesays.com\/fr\/wp-json\/wp\/v2\/categories?post=281572"},{"taxonomy":"post_tag","embeddable":true,"href":"https:\/\/www.europesays.com\/fr\/wp-json\/wp\/v2\/tags?post=281572"}],"curies":[{"name":"wp","href":"https:\/\/api.w.org\/{rel}","templated":true}]}}