{"id":281574,"date":"2025-07-29T09:27:17","date_gmt":"2025-07-29T09:27:17","guid":{"rendered":"https:\/\/www.europesays.com\/fr\/281574\/"},"modified":"2025-07-29T09:27:17","modified_gmt":"2025-07-29T09:27:17","slug":"des-championnats-deurope-de-poney-pres-du-mans","status":"publish","type":"post","link":"https:\/\/www.europesays.com\/fr\/281574\/","title":{"rendered":"des championnats d\u2019Europe de\u2026 poney pr\u00e8s du Mans"},"content":{"rendered":"<p>            Par<br \/>\n        <strong><br \/>\n            <a href=\"https:\/\/actu.fr\/auteur\/aurelien-burban\" title=\"Consulter tous les articles de Aur\u00e9lien Burban\" rel=\"nofollow noopener\" target=\"_blank\">Aur\u00e9lien Burban<\/a><br \/>\n        <\/strong><\/p>\n<p>        Publi\u00e9 le<\/p>\n<p>            29 juil. 2025 \u00e0 11h11        <\/p>\n<p>Apr\u00e8s l\u2019Open de France amateurs, entre concours de sauts d\u2019obstacles ou encore dressage, le <b>P\u00f4le europ\u00e9en du cheval<\/b> accueille une nouvelle comp\u00e9tition cette semaine, de ce mardi 29\u00a0juillet au dimanche 3\u00a0ao\u00fbt 2025.<br \/>Cette fois, c\u2019est un championnat europ\u00e9en de\u2026 <b>poney\u2009<\/b>!<\/p>\n<p>Des championnats d\u2019Europe de poney pr\u00e8s du\u00a0Mans<\/p>\n<p class=\" wall-content\">Plusieurs \u00e9preuves sont au programme pour les jeunes participants pr\u00e9sents cette semaine pour ces championnats d\u2019Europe. Il y aura du <b>dressage <\/b>(poneys, juniors, enfants), du <b>CSO <\/b>(poneys), un <b>concours complet<\/b> (poneys) et du <b>horse-ball<\/b> (U16, U21, U10).<\/p>\n<p class=\" wall-content\">La c\u00e9r\u00e9monie d\u2019ouverture a lieu ce mardi, \u00e0 19\u2009h\u200930. Chaque jour, les diff\u00e9rentes phases finales des diff\u00e9rentes disciplines se disputeront sur tout le site du P\u00f4le europ\u00e9en du <a href=\"https:\/\/actu.fr\/tag\/cheval\" rel=\"nofollow noopener\" target=\"_blank\">cheval<\/a>.<\/p>\n<p class=\" wall-content\"><a href=\"https:\/\/www.instagram.com\/reel\/DKZ8j2Js9GS\/embed\" title=\"Ouvrir le lien sur Instagram\" rel=\"nofollow noopener\" target=\"_blank\">Visualiser le contenu sur Instagram<\/a><\/p>\n<p class=\" wall-content\">Par exemple, le horse-ball d\u00e9bute cet apr\u00e8s-midi, d\u00e8s 14\u2009h\u200930, avec notamment des rencontres de groupe, dont celles de l\u2019<b>\u00e9quipe de France<\/b>\u2009: contre l\u2019<a href=\"https:\/\/actu.fr\/tag\/italie\" rel=\"nofollow noopener\" target=\"_blank\">Italie<\/a> \u00e0 15\u2009h\u200915 puis la <a href=\"https:\/\/actu.fr\/tag\/belgique\" rel=\"nofollow noopener\" target=\"_blank\">Belgique<\/a> \u00e0 17\u2009h\u200945.<\/p>\n<p class=\" wall-content\">Pour le saut d\u2019obstacles, \u00e7a commencera jeudi, \u00e0 9\u2009h\u200930. Le concours complet d\u00e9butera ce m\u00eame jour, \u00e0 midi. Concernant le dressage, d\u00e9but des hostilit\u00e9s mercredi, \u00e0 10\u2009h.<\/p>\n<p>H\u00e9bergement et restauration sur place<\/p>\n<p class=\" wall-content\">L\u2019espace camping-cars est disponible sans r\u00e9servation du 29\u00a0juillet au 4\u00a0ao\u00fbt, sous r\u00e9serve de disponibilit\u00e9. Les emplacements sont gratuits, seule l\u2019<a href=\"https:\/\/actu.fr\/tag\/electricite\" rel=\"nofollow noopener\" target=\"_blank\">\u00e9lectricit\u00e9<\/a> est payante (2\u00a0\u20ac toutes les six heures).<\/p>\n<p class=\" wall-content\">Concernant les h\u00e9bergements, plusieurs g\u00eetes sont install\u00e9s au p\u00f4le europ\u00e9en du cheval. <a href=\"https:\/\/www.pole-europeen-du-cheval.com\/equestre\/les-hebergements\/\" rel=\"nofollow noopener\" target=\"_blank\">Infos et r\u00e9servation sur le site internet<\/a>.<\/p>\n<p class=\" wall-content\">Bars et restauration sur place. Le parking visiteurs est au P\u00f4le 5.<\/p>\n<p class=\" wall-content\">Suivez toute l\u2019actualit\u00e9 de vos villes et m\u00e9dias favoris en vous inscrivant \u00e0 <a href=\"https:\/\/moncompte.actu.fr\" title=\"D\u00e9couvez Mon Actu\" rel=\"nofollow noopener\" data-trk=\"{&quot;cta&quot;:{&quot;action&quot;:&quot;https:\\\/\\\/moncompte.actu.fr&quot;,&quot;category&quot;:&quot;mon compte&quot;,&quot;from&quot;:&quot;article footer&quot;,&quot;name&quot;:&quot;Mon actu&quot;,&quot;type&quot;:&quot;cta&quot;}}\" target=\"_blank\">Mon Actu<\/a>.<\/p>\n<p>                    <script async src=\"\/\/www.instagram.com\/embed.js\"><\/script><\/p>\n","protected":false},"excerpt":{"rendered":"Par Aur\u00e9lien Burban Publi\u00e9 le 29 juil. 2025 \u00e0 11h11 Apr\u00e8s l\u2019Open de France amateurs, entre concours de&hellip;\n","protected":false},"author":2,"featured_media":281575,"comment_status":"","ping_status":"","sticky":false,"template":"","format":"standard","meta":{"footnotes":""},"categories":[1586],"tags":[11,12668,1777,674,1011,27,12,25,60],"class_list":{"0":"post-281574","1":"post","2":"type-post","3":"status-publish","4":"format-standard","5":"has-post-thumbnail","7":"category-europe","8":"tag-actualites","9":"tag-cheval","10":"tag-eu","11":"tag-europe","12":"tag-fr","13":"tag-france","14":"tag-news","15":"tag-republique-francaise","16":"tag-sports"},"share_on_mastodon":{"url":"https:\/\/pubeurope.com\/@fr\/114935814156718062","error":""},"_links":{"self":[{"href":"https:\/\/www.europesays.com\/fr\/wp-json\/wp\/v2\/posts\/281574","targetHints":{"allow":["GET"]}}],"collection":[{"href":"https:\/\/www.europesays.com\/fr\/wp-json\/wp\/v2\/posts"}],"about":[{"href":"https:\/\/www.europesays.com\/fr\/wp-json\/wp\/v2\/types\/post"}],"author":[{"embeddable":true,"href":"https:\/\/www.europesays.com\/fr\/wp-json\/wp\/v2\/users\/2"}],"replies":[{"embeddable":true,"href":"https:\/\/www.europesays.com\/fr\/wp-json\/wp\/v2\/comments?post=281574"}],"version-history":[{"count":0,"href":"https:\/\/www.europesays.com\/fr\/wp-json\/wp\/v2\/posts\/281574\/revisions"}],"wp:featuredmedia":[{"embeddable":true,"href":"https:\/\/www.europesays.com\/fr\/wp-json\/wp\/v2\/media\/281575"}],"wp:attachment":[{"href":"https:\/\/www.europesays.com\/fr\/wp-json\/wp\/v2\/media?parent=281574"}],"wp:term":[{"taxonomy":"category","embeddable":true,"href":"https:\/\/www.europesays.com\/fr\/wp-json\/wp\/v2\/categories?post=281574"},{"taxonomy":"post_tag","embeddable":true,"href":"https:\/\/www.europesays.com\/fr\/wp-json\/wp\/v2\/tags?post=281574"}],"curies":[{"name":"wp","href":"https:\/\/api.w.org\/{rel}","templated":true}]}}