{"id":281576,"date":"2025-07-29T09:28:12","date_gmt":"2025-07-29T09:28:12","guid":{"rendered":"https:\/\/www.europesays.com\/fr\/281576\/"},"modified":"2025-07-29T09:28:12","modified_gmt":"2025-07-29T09:28:12","slug":"pourquoi-malgre-sa-taille-lunion-europeenne-se-retrouve-avec-un-accord-moins-interessant-que-dautres-pays","status":"publish","type":"post","link":"https:\/\/www.europesays.com\/fr\/281576\/","title":{"rendered":"pourquoi, malgr\u00e9 sa taille, l&rsquo;Union europ\u00e9enne se retrouve avec un accord moins int\u00e9ressant que d&rsquo;autres pays ?"},"content":{"rendered":"<p class=\"intro \">L&rsquo;accord commercial entre les \u00c9tats-Unis et l&rsquo;Union europ\u00e9enne provoque l&rsquo;indignation, notamment dans la classe politique europ\u00e9enne. Malgr\u00e9 son poids, l&rsquo;Union se voit imposer une surtaxe de 15% sur de nombreux produits export\u00e9s sur le sol am\u00e9ricain. Un chiffre sup\u00e9rieur au Royaume-Uni, pourtant seul face au g\u00e9ant am\u00e9ricain. <br \/>&#13;\n<\/p>\n<p>Critiqu\u00e9 par la classe politique mais salu\u00e9 par les acteurs \u00e9conomiques. <a href=\"https:\/\/www.europe1.fr\/international\/droits-de-douane-donald-trump-et-ursula-von-der-leyen-annoncent-un-accord-historique-765638\" target=\"_blank\" rel=\"nofollow noopener\">L&rsquo;accord commercial trouv\u00e9 entre les \u00c9tats-Unis et l&rsquo;Union europ\u00e9enne<\/a> ce dimanche fait parler de lui. D\u00e8s vendredi, les produits venus du vieux continent et arrivant sur le sol am\u00e9ricain, seront tax\u00e9s \u00e0 hauteur de 15%.\u00a0<\/p>\n<p>    La suite apr\u00e8s cette publicit\u00e9<\/p>\n<p>    La suite apr\u00e8s cette publicit\u00e9<\/p>\n<p>Un chiffre sup\u00e9rieur \u00e0 ce qu&rsquo;on pu obtenir les Anglais, malgr\u00e9 la taille de l&rsquo;Union europ\u00e9enne, qui regroupe actuellement 27 pays. Malgr\u00e9 les exemptions de surtaxes sur quelques secteurs cl\u00e9s, Donald Trump a mis l&rsquo;UE K.O. Le deal est perdant pour la Commission europ\u00e9enne dont le seul fait d&rsquo;arme a \u00e9t\u00e9 d&rsquo;obtenir des baisses de taxes contre la promesse d&rsquo;investissement massif aux \u00c9tats-Unis.<\/p>\n<p>Un accord \u00ab\u00a0loin d&rsquo;\u00eatre n\u00e9gatif\u00a0\u00bb<\/p>\n<p>Mais quand elle se compare, l&rsquo;Union europ\u00e9enne a de quoi mod\u00e9rer sa d\u00e9ception estime l&rsquo;\u00e9conomiste Anthony Morlet-Lavidalie. \u00ab\u00a0Cet accord est loin d&rsquo;\u00eatre tr\u00e8s n\u00e9gatif. C&rsquo;est un peu moins bien que ce qu&rsquo;a obtenu le Royaume-Uni. La r\u00e9alit\u00e9, c&rsquo;est qu&rsquo;on est plut\u00f4t dans une forme de moyenne. Cet accord est oui, d\u00e9favorable \u00e0 l&rsquo;Union europ\u00e9enne, mais on s&rsquo;y attendait\u00a0\u00bb temp\u00e8re-t-il au micro d&rsquo;Europe 1.\u00a0<\/p>\n<p>    La suite apr\u00e8s cette publicit\u00e9<\/p>\n<p>    La suite apr\u00e8s cette publicit\u00e9<\/p>\n<p>Mais pourquoi la premi\u00e8re puissance commerciale du monde ne parvient-elle pas \u00e0 faire mieux que le Japon ou <a href=\"https:\/\/www.europe1.fr\/international\/droits-de-douane-trump-annonce-un-accord-commercial-majeur-jeudi-probablement-avec-le-royaume-uni-726926\" target=\"_blank\" rel=\"nofollow noopener\">la Grande-Bretagne<\/a>\u00a0?\u00a0Cela pourrait \u00eatre un probl\u00e8me de souverainet\u00e9, juge\u00a0Anne-Sophie Alsif, \u00e9conomiste au cabinet BDO.\u00a0<\/p>\n<p>La Chine, seul pays \u00e0 donner du fil \u00e0 retordre aux \u00c9tats-Unis<\/p>\n<p>\u00ab\u00a0Pour moi, c&rsquo;est le fait qu&rsquo;il n&rsquo;y ait pas de politique industrielle commune. Ce qui est frustrant c&rsquo;est qu&rsquo;on a tout, l&rsquo;\u00e9pargne, la recherche. Si on \u00e9tait unis, on serait les rois du monde\u00a0\u00bb, estime-t-elle.\u00a0<\/p>\n<p>    La suite apr\u00e8s cette publicit\u00e9<\/p>\n<p>    La suite apr\u00e8s cette publicit\u00e9<\/p>\n<p>Seule la Chine qui dispose d&rsquo;un quasi-monopole sur les terres rares, et certains minerais critiques, a r\u00e9ussi \u00e0 faire reculer Donald Trump. Apr\u00e8s quelques jours d&rsquo;escalade, les deux pays ont conclu une tr\u00eave avant de parvenir \u00e0 un accord portant sur des droits de douane beaucoup plus raisonnables.<\/p>\n","protected":false},"excerpt":{"rendered":"L&rsquo;accord commercial entre les \u00c9tats-Unis et l&rsquo;Union europ\u00e9enne provoque l&rsquo;indignation, notamment dans la classe politique europ\u00e9enne. Malgr\u00e9 son&hellip;\n","protected":false},"author":2,"featured_media":47313,"comment_status":"","ping_status":"","sticky":false,"template":"","format":"standard","meta":{"footnotes":""},"categories":[1586],"tags":[11,1777,674,1779,1011,27,12,25,1778,364],"class_list":{"0":"post-281576","1":"post","2":"type-post","3":"status-publish","4":"format-standard","5":"has-post-thumbnail","7":"category-europe","8":"tag-actualites","9":"tag-eu","10":"tag-europe","11":"tag-european-union","12":"tag-fr","13":"tag-france","14":"tag-news","15":"tag-republique-francaise","16":"tag-ue","17":"tag-union-europeenne"},"share_on_mastodon":{"url":"https:\/\/pubeurope.com\/@fr\/114935818154680508","error":""},"_links":{"self":[{"href":"https:\/\/www.europesays.com\/fr\/wp-json\/wp\/v2\/posts\/281576","targetHints":{"allow":["GET"]}}],"collection":[{"href":"https:\/\/www.europesays.com\/fr\/wp-json\/wp\/v2\/posts"}],"about":[{"href":"https:\/\/www.europesays.com\/fr\/wp-json\/wp\/v2\/types\/post"}],"author":[{"embeddable":true,"href":"https:\/\/www.europesays.com\/fr\/wp-json\/wp\/v2\/users\/2"}],"replies":[{"embeddable":true,"href":"https:\/\/www.europesays.com\/fr\/wp-json\/wp\/v2\/comments?post=281576"}],"version-history":[{"count":0,"href":"https:\/\/www.europesays.com\/fr\/wp-json\/wp\/v2\/posts\/281576\/revisions"}],"wp:featuredmedia":[{"embeddable":true,"href":"https:\/\/www.europesays.com\/fr\/wp-json\/wp\/v2\/media\/47313"}],"wp:attachment":[{"href":"https:\/\/www.europesays.com\/fr\/wp-json\/wp\/v2\/media?parent=281576"}],"wp:term":[{"taxonomy":"category","embeddable":true,"href":"https:\/\/www.europesays.com\/fr\/wp-json\/wp\/v2\/categories?post=281576"},{"taxonomy":"post_tag","embeddable":true,"href":"https:\/\/www.europesays.com\/fr\/wp-json\/wp\/v2\/tags?post=281576"}],"curies":[{"name":"wp","href":"https:\/\/api.w.org\/{rel}","templated":true}]}}