{"id":281577,"date":"2025-07-29T09:29:11","date_gmt":"2025-07-29T09:29:11","guid":{"rendered":"https:\/\/www.europesays.com\/fr\/281577\/"},"modified":"2025-07-29T09:29:11","modified_gmt":"2025-07-29T09:29:11","slug":"la-chanteuse-de-lulu-van-trapp-termine-son-concert-seins-nus-pour-protester-apres-une-agression-sexuelle","status":"publish","type":"post","link":"https:\/\/www.europesays.com\/fr\/281577\/","title":{"rendered":"La chanteuse de Lulu Van Trapp termine son concert seins nus pour protester apr\u00e8s une agression sexuelle"},"content":{"rendered":"<p>        <img decoding=\"async\" loading=\"lazy\" src=\"https:\/\/www.europesays.com\/fr\/wp-content\/uploads\/2025\/07\/7bd09e4_upload-1-mjmamobs36ae-afp-20240704-hl-rbremond-2449082-v1-highres-francedemonstrationandgigs.jpeg\"  width=\"728\" height=\"409\" alt=\"Rebecca Baby, ici sur la sc\u00e8ne de la place de la R\u00e9publique \u00e0 Paris, au mois de juillet 2024. (Photo d\u2019illustration)\"\/>   <\/p>\n<p>Rebecca Baby, ici sur la sc\u00e8ne de la place de la R\u00e9publique \u00e0 Paris, au mois de juillet 2024. (Photo d\u2019illustration)<\/p>\n<p class=\"asset asset-text\">VIOLENCES SEXUELLES &#8211; \u00ab\u00a0Je le r\u00e9p\u00e8te. Ce n\u2019est pas notre habit le souci. C\u2019est eux, et leur fr\u00e9n\u00e9sie de possession, de destruction de ce qu\u2019ils ne peuvent poss\u00e9der.\u00a0\u00bb Ces mots, ce sont ceux de Rebecca Baby, la chanteuse de Lulu Van Trapp qui, sur <a href=\"https:\/\/www.huffingtonpost.fr\/tech-futurs\/video\/vos-donnees-publiques-facebook-et-instagram-vont-aider-meta-a-entrainer-son-ia-sauf-si-clx2_250296.html\" target=\"_blank\" rel=\"noopener\">Instagram<\/a> ce lundi 28\u00a0juillet, a pris la parole pour t\u00e9moigner d\u2019une <a href=\"https:\/\/www.huffingtonpost.fr\/culture\/article\/fka-twigs-et-shia-labeouf-ont-trouve-un-accord-en-amont-du-proces-pour-agression-sexuelle_252907.html\" target=\"_blank\" rel=\"noopener\">agression sexuelle<\/a> dont elle a \u00e9t\u00e9 victime en plein concert du groupe de <a href=\"https:\/\/www.huffingtonpost.fr\/culture\/article\/rock-en-seine-perd-une-subvention-a-cause-de-ce-groupe-accuse-de-soutenir-le-hezbollah_252677.html\" target=\"_blank\" rel=\"noopener\">rock<\/a>.<\/p>\n<p class=\"asset asset-text\">Les faits, dit-elle, se sont d\u00e9roul\u00e9s ce samedi, au festival Le Cri de la Goutte, dans le hameau de Menthi\u00e8res \u00e0 Ch\u00e9zery-Forens, dans l\u2019Ain. Comme souvent, elle est descendue dans la foule. Et alors qu\u2019elle tenait son micro dans une main, un homme lui a attrap\u00e9 le bras. Un autre, le sein. \u00ab\u00a0Un geste ridicule, tellement rapide, le d\u00e9go\u00fbt\u00a0\u00bb, se souvient-elle.<\/p>\n<p class=\"asset asset-text\">Avant d\u2019ajouter\u00a0: \u00ab\u00a0Je remonte sur sc\u00e8ne en \u00e9tat de choc, en annon\u00e7ant que le mec a int\u00e9r\u00eat \u00e0 se casser du show. Silence. Je suis face \u00e0 un choix. Soit j\u2019arr\u00eate le concert et tout le monde a perdu (surtout moi), soit je continue. Soit je transforme mon agression en sa honte, en notre force. Soit on change le discours.\u00a0\u00bb<\/p>\n<p> La lecture de ce contenu est susceptible d\u2019entra\u00eener un d\u00e9p\u00f4t de cookies de la part de l\u2019op\u00e9rateur tiers qui l\u2019h\u00e9berge. Compte-tenu des choix que vous avez exprim\u00e9s en mati\u00e8re de d\u00e9p\u00f4t de cookies, nous avons bloqu\u00e9 l\u2019affichage de ce contenu. Si vous souhaitez y acc\u00e9der, vous devez accepter la cat\u00e9gorie de cookies \u201cContenus tiers\u201d en cliquant sur le bouton ci-dessous. <\/p>\n<p> Lire la Vid\u00e9o        <\/p>\n<p class=\"asset asset-text\">Prise d\u2019un instinct, la chanteuse a alors d\u00e9cid\u00e9 de se mettre seins nus. Au micro, elle d\u00e9clare le rester \u00ab\u00a0jusqu\u2019\u00e0 ce que ce soit normal, jusqu\u2019\u00e0 ce que soit compl\u00e8tement d\u00e9sexualis\u00e9 d\u2019\u00eatre comme \u00e7a\u00a0\u00bb. Ce lundi, elle se souvient trembler, flotter, mais dans le besoin de ne pas laisser faire et de mettre \u00ab\u00a0sous les lumi\u00e8res de la sc\u00e8ne\u00a0\u00bb cet acte \u00ab\u00a0plus fort\u00a0\u00bb.<\/p>\n<p>                     \u00ab\u00a0Reprenons l\u2019espace\u00a0\u00bb    <\/p>\n<p class=\"asset asset-text\">Dans les commentaires, les signes de soutien affluent. C\u2019est le cas du chanteur lillois Voyou et de Bonnie Banane. \u00ab\u00a0T\u2019es forte, je t\u2019aime\u00a0\u00bb, lui a gliss\u00e9 l\u2019interpr\u00e8te de Contre-temps. Les Vieilles Charrues applaudissent l\u2019initiative, l\u00e0 o\u00f9 les organisateurs du festival o\u00f9 a eu lieu l\u2019agression racont\u00e9e lui disent \u00ab\u00a0condamner fermement\u00a0\u00bb cet acte, la remerciant par l\u00e0 m\u00eame pour \u00ab\u00a0sa force, son courage et son \u00e9nergie\u00a0\u00bb.<\/p>\n<p class=\"asset asset-text\">Rebecca Baby remercie, elle, les membres du groupe, le public qui l\u2019a soutenue, mais aussi \u00ab\u00a0les mecs\u00a0[\u2026] eux aussi boulevers\u00e9s\u00a0\u00bb qui sont venus la voir, apr\u00e8s s\u2019\u00eatre demand\u00e9 s\u2019il \u00e9tait dans leur droit de continuer d\u2019assister au concert, ou de le filmer. \u00ab\u00a0Merci d\u2019avoir pour une fois pris le fardeau de se demander si on a le droit d\u2019\u00eatre l\u00e0. Nous, c\u2019est tout le temps\u00a0\u00bb, explique l\u2019artiste.<\/p>\n<p class=\"asset asset-text\">Cette derni\u00e8re le r\u00e9p\u00e8te\u00a0: elle ne s\u2019est pas d\u00e9nud\u00e9e pour les besoins d\u2019une performance, mais en tant que femme f\u00e9ministe, dit-elle. \u00ab\u00a0Reprenons l\u2019espace, autant sur sc\u00e8ne que dans la fosse. Je vous promets que ce sera la priorit\u00e9 de nos concerts\u00a0\u00bb, assure la chanteuse. Elle donne rendez-vous \u00e0 ses fans \u00ab\u00a0au prochain pogo\u00a0\u00bb.<\/p>\n","protected":false},"excerpt":{"rendered":"Rebecca Baby, ici sur la sc\u00e8ne de la place de la R\u00e9publique \u00e0 Paris, au mois de juillet&hellip;\n","protected":false},"author":2,"featured_media":281578,"comment_status":"","ping_status":"","sticky":false,"template":"","format":"standard","meta":{"footnotes":""},"categories":[2],"tags":[11,1697,251,1294,1011,27,873,12,25,799],"class_list":{"0":"post-281577","1":"post","2":"type-post","3":"status-publish","4":"format-standard","5":"has-post-thumbnail","7":"category-actualites","8":"tag-actualites","9":"tag-concert","10":"tag-culture","11":"tag-femme","12":"tag-fr","13":"tag-france","14":"tag-musique","15":"tag-news","16":"tag-republique-francaise","17":"tag-violences-sexuelles"},"share_on_mastodon":{"url":"https:\/\/pubeurope.com\/@fr\/114935822023159476","error":""},"_links":{"self":[{"href":"https:\/\/www.europesays.com\/fr\/wp-json\/wp\/v2\/posts\/281577","targetHints":{"allow":["GET"]}}],"collection":[{"href":"https:\/\/www.europesays.com\/fr\/wp-json\/wp\/v2\/posts"}],"about":[{"href":"https:\/\/www.europesays.com\/fr\/wp-json\/wp\/v2\/types\/post"}],"author":[{"embeddable":true,"href":"https:\/\/www.europesays.com\/fr\/wp-json\/wp\/v2\/users\/2"}],"replies":[{"embeddable":true,"href":"https:\/\/www.europesays.com\/fr\/wp-json\/wp\/v2\/comments?post=281577"}],"version-history":[{"count":0,"href":"https:\/\/www.europesays.com\/fr\/wp-json\/wp\/v2\/posts\/281577\/revisions"}],"wp:featuredmedia":[{"embeddable":true,"href":"https:\/\/www.europesays.com\/fr\/wp-json\/wp\/v2\/media\/281578"}],"wp:attachment":[{"href":"https:\/\/www.europesays.com\/fr\/wp-json\/wp\/v2\/media?parent=281577"}],"wp:term":[{"taxonomy":"category","embeddable":true,"href":"https:\/\/www.europesays.com\/fr\/wp-json\/wp\/v2\/categories?post=281577"},{"taxonomy":"post_tag","embeddable":true,"href":"https:\/\/www.europesays.com\/fr\/wp-json\/wp\/v2\/tags?post=281577"}],"curies":[{"name":"wp","href":"https:\/\/api.w.org\/{rel}","templated":true}]}}