{"id":281585,"date":"2025-07-29T09:34:13","date_gmt":"2025-07-29T09:34:13","guid":{"rendered":"https:\/\/www.europesays.com\/fr\/281585\/"},"modified":"2025-07-29T09:34:13","modified_gmt":"2025-07-29T09:34:13","slug":"le-retour-de-romain-ntamack-se-precise","status":"publish","type":"post","link":"https:\/\/www.europesays.com\/fr\/281585\/","title":{"rendered":"Le retour de Romain Ntamack se pr\u00e9cise"},"content":{"rendered":"<p>Romain Ntamack devrait effectuer son comeback tr\u00e8s bient\u00f4t. Sauf que pour l&rsquo;instant, rien n&rsquo;est encore certain. Son retour \u00e0 la comp\u00e9tition reste entour\u00e9 d\u2019incertitudes. Ceci m\u00eame si une date de reprise est d\u00e9sormais \u00e9voqu\u00e9e. Le Stade Toulousain ouvre son camp d&rsquo;entra\u00eenements le samedi 2 ao\u00fbt 2025. Cependant, cette d\u00e9marche comporte une particularit\u00e9 pour l&rsquo;ouvreur de 26 ans.<\/p>\n<p>\u00a0<\/p>\n<p>Un \u00e9t\u00e9 pour se r\u00e9parer<\/p>\n<p>\u00a0<\/p>\n<p>Les internationaux, dont Ntamack, b\u00e9n\u00e9ficieront d\u2019une semaine suppl\u00e9mentaire de repos et sont attendus le week-end du 7 ao\u00fbt. Selon les informations de <a href=\"https:\/\/le10sport.com\/rugby\/romain-ntamack-de-retour-la-fuite-dans-la-presse-752266\" rel=\"nofollow noopener\" target=\"_blank\">Le10Sport<\/a>, le demi d\u2019ouverture devrait effectuer son retour dans cette fen\u00eatre. Une bonne nouvelle, puisque la blessure n\u2019aura finalement dur\u00e9 que le temps des vacances estivales. Il pourrait ainsi entamer la saison aux c\u00f4t\u00e9s de ses co\u00e9quipiers.<\/p>\n<p>\u00a0<\/p>\n<p>Pour rappel, Romain Ntamack a subi une op\u00e9ration au genou gauche d\u00e8s la fin de saison, deux jours apr\u00e8s la finale du Top 14 remport\u00e9e face \u00e0 l\u2019UBB (39-33) le 28 juin dernier. Son indisponibilit\u00e9 est estim\u00e9e \u00e0 trois ou quatre semaines. Il boucle l\u2019exercice 2024-2025 avec 19 titularisations, 44 points inscrits, dont 5 essais, confirmant son r\u00f4le central dans le dispositif du Stade Toulousain.<\/p>\n<p>Partagez cette info avec vos amis et vos proches en cliquant ici<br \/>Pour r\u00e9sumer<\/p>\n<p>Romain Ntamack, op\u00e9r\u00e9 au genou apr\u00e8s la finale du Top 14, devrait reprendre l\u2019entra\u00eenement avec Toulouse d\u00e9but ao\u00fbt. Malgr\u00e9 des incertitudes, sa blessure semble mineure. Il a termin\u00e9 la saison avec 19 titularisations et 44 points.<\/p>\n<p> <img decoding=\"async\" width=\"76\" height=\"76\" loading=\"lazy\" src=\"https:\/\/www.europesays.com\/fr\/wp-content\/uploads\/2025\/04\/avatar-quinze.png\" alt=\"Voldi Fr\u00e9jus\u00a0Hounvio\"\/><\/p>\n","protected":false},"excerpt":{"rendered":"Romain Ntamack devrait effectuer son comeback tr\u00e8s bient\u00f4t. Sauf que pour l&rsquo;instant, rien n&rsquo;est encore certain. Son retour&hellip;\n","protected":false},"author":2,"featured_media":281586,"comment_status":"","ping_status":"","sticky":false,"template":"","format":"standard","meta":{"footnotes":""},"categories":[1416],"tags":[1011,27,479,1468,60],"class_list":{"0":"post-281585","1":"post","2":"type-post","3":"status-publish","4":"format-standard","5":"has-post-thumbnail","7":"category-rugby","8":"tag-fr","9":"tag-france","10":"tag-rugby","11":"tag-rugby-football","12":"tag-sports"},"share_on_mastodon":{"url":"https:\/\/pubeurope.com\/@fr\/114935841809371019","error":""},"_links":{"self":[{"href":"https:\/\/www.europesays.com\/fr\/wp-json\/wp\/v2\/posts\/281585","targetHints":{"allow":["GET"]}}],"collection":[{"href":"https:\/\/www.europesays.com\/fr\/wp-json\/wp\/v2\/posts"}],"about":[{"href":"https:\/\/www.europesays.com\/fr\/wp-json\/wp\/v2\/types\/post"}],"author":[{"embeddable":true,"href":"https:\/\/www.europesays.com\/fr\/wp-json\/wp\/v2\/users\/2"}],"replies":[{"embeddable":true,"href":"https:\/\/www.europesays.com\/fr\/wp-json\/wp\/v2\/comments?post=281585"}],"version-history":[{"count":0,"href":"https:\/\/www.europesays.com\/fr\/wp-json\/wp\/v2\/posts\/281585\/revisions"}],"wp:featuredmedia":[{"embeddable":true,"href":"https:\/\/www.europesays.com\/fr\/wp-json\/wp\/v2\/media\/281586"}],"wp:attachment":[{"href":"https:\/\/www.europesays.com\/fr\/wp-json\/wp\/v2\/media?parent=281585"}],"wp:term":[{"taxonomy":"category","embeddable":true,"href":"https:\/\/www.europesays.com\/fr\/wp-json\/wp\/v2\/categories?post=281585"},{"taxonomy":"post_tag","embeddable":true,"href":"https:\/\/www.europesays.com\/fr\/wp-json\/wp\/v2\/tags?post=281585"}],"curies":[{"name":"wp","href":"https:\/\/api.w.org\/{rel}","templated":true}]}}