{"id":281587,"date":"2025-07-29T09:35:11","date_gmt":"2025-07-29T09:35:11","guid":{"rendered":"https:\/\/www.europesays.com\/fr\/281587\/"},"modified":"2025-07-29T09:35:11","modified_gmt":"2025-07-29T09:35:11","slug":"atp-toronto-tsitsipas-prend-deja-une-decision-radicale","status":"publish","type":"post","link":"https:\/\/www.europesays.com\/fr\/281587\/","title":{"rendered":"ATP &#8211; Toronto > Tsitsipas prend d\u00e9j\u00e0 une d\u00e9cision radicale !"},"content":{"rendered":"<p>Comme il l\u2019a pr\u00e9cis\u00e9 lors de son m\u00e9dia day, c\u2019est une \u00ab\u202fnouvelle\u202f\u00bb carri\u00e8re qui s\u2019ouvre pour Stefanos. Son p\u00e8re est \u00e0 nouveau son coach mais c\u2019est main\u00adte\u00adnant lui qui \u00ab\u202fmanage\u202f\u00bb le tout plut\u00f4t que subir les \u00e9l\u00e9ments.\u00a0<\/p>\n<blockquote class=\"twitter-tweet\">\n<p lang=\"qme\" dir=\"ltr\">\ud83c\udfbe <a href=\"https:\/\/t.co\/eEhq3o2QKI\" data-wpel-link=\"external\" target=\"_blank\" rel=\"nofollow external noopener\">pic.twitter.com\/eEhq3o2QKI<\/a><\/p>\n<p>\u2014 Natalia \ud83c\udf38 Game. Set. Match. Tsitsidosa \ud83c\udfbe (@Natali9413) <a href=\"https:\/\/twitter.com\/Natali9413\/status\/1949940419262910646?ref_src=twsrc%5Etfw\" data-wpel-link=\"external\" target=\"_blank\" rel=\"nofollow external noopener\">July 28,\u00a02025<\/a><\/p><\/blockquote>\n<p>Et le grec a d\u00e9j\u00e0 pris une d\u00e9ci\u00adsion radi\u00adcale puis\u00adqu\u2019on l\u2019a vu s\u2019en\u00adtra\u00eener avec la fameuse raquette \u00ab\u202fnoire\u202f\u00bb qu\u2019il avait utilis\u00e9e \u00e0 Duba\u00ef puis aban\u00addonn\u00e9 un peu plus\u00a0tard.\u00a0<\/p>\n<p class=\"post-published-date\" style=\"color: silver; font-size: 75%; text-align: left;\">Publi\u00e9 le mardi 29 juillet 2025 \u00e0 10:38<\/p>\n<p><script async src=\"https:\/\/platform.twitter.com\/widgets.js\" charset=\"utf-8\"><\/script><\/p>\n","protected":false},"excerpt":{"rendered":"Comme il l\u2019a pr\u00e9cis\u00e9 lors de son m\u00e9dia day, c\u2019est une \u00ab\u202fnouvelle\u202f\u00bb carri\u00e8re qui s\u2019ouvre pour Stefanos. Son&hellip;\n","protected":false},"author":2,"featured_media":281588,"comment_status":"","ping_status":"","sticky":false,"template":"","format":"standard","meta":{"footnotes":""},"categories":[1415],"tags":[1011,27,60,1467,5443],"class_list":{"0":"post-281587","1":"post","2":"type-post","3":"status-publish","4":"format-standard","5":"has-post-thumbnail","7":"category-tennis","8":"tag-fr","9":"tag-france","10":"tag-sports","11":"tag-tennis","12":"tag-tsitsipas"},"share_on_mastodon":{"url":"https:\/\/pubeurope.com\/@fr\/114935845527247584","error":""},"_links":{"self":[{"href":"https:\/\/www.europesays.com\/fr\/wp-json\/wp\/v2\/posts\/281587","targetHints":{"allow":["GET"]}}],"collection":[{"href":"https:\/\/www.europesays.com\/fr\/wp-json\/wp\/v2\/posts"}],"about":[{"href":"https:\/\/www.europesays.com\/fr\/wp-json\/wp\/v2\/types\/post"}],"author":[{"embeddable":true,"href":"https:\/\/www.europesays.com\/fr\/wp-json\/wp\/v2\/users\/2"}],"replies":[{"embeddable":true,"href":"https:\/\/www.europesays.com\/fr\/wp-json\/wp\/v2\/comments?post=281587"}],"version-history":[{"count":0,"href":"https:\/\/www.europesays.com\/fr\/wp-json\/wp\/v2\/posts\/281587\/revisions"}],"wp:featuredmedia":[{"embeddable":true,"href":"https:\/\/www.europesays.com\/fr\/wp-json\/wp\/v2\/media\/281588"}],"wp:attachment":[{"href":"https:\/\/www.europesays.com\/fr\/wp-json\/wp\/v2\/media?parent=281587"}],"wp:term":[{"taxonomy":"category","embeddable":true,"href":"https:\/\/www.europesays.com\/fr\/wp-json\/wp\/v2\/categories?post=281587"},{"taxonomy":"post_tag","embeddable":true,"href":"https:\/\/www.europesays.com\/fr\/wp-json\/wp\/v2\/tags?post=281587"}],"curies":[{"name":"wp","href":"https:\/\/api.w.org\/{rel}","templated":true}]}}