{"id":281589,"date":"2025-07-29T09:37:10","date_gmt":"2025-07-29T09:37:10","guid":{"rendered":"https:\/\/www.europesays.com\/fr\/281589\/"},"modified":"2025-07-29T09:37:10","modified_gmt":"2025-07-29T09:37:10","slug":"people-motogp-andrea-dovizioso-je-resterai-le-pilote-tzigane-qui-voyage-en-camping-car","status":"publish","type":"post","link":"https:\/\/www.europesays.com\/fr\/281589\/","title":{"rendered":"People MotoGP, Andrea Dovizioso : \u00ab Je resterai le pilote tzigane qui voyage en camping-car. \u00bb"},"content":{"rendered":"<p class=\"sottotitolo\"><strong><a href=\"https:\/\/www.paddock-gp.com\/?s=dovizioso\" target=\"_blank\" rel=\"noopener nofollow\">Andrea Dovizioso<\/a> a retrac\u00e9 sa carri\u00e8re en ouvrant<br \/>\nson c\u0153ur\u00a0dans un format organis\u00e9 par la R\u00e9gion<br \/>\n\u00c9milie-Romagne.<\/strong><\/p>\n<p>De<strong>\u00a0<a href=\"https:\/\/www.corsedimoto.com\/author\/marianna-giannoni\/\" rel=\"nofollow noopener\" target=\"_blank\">Marianna<br \/>\nGiannoni<\/a><\/strong> \/ <a href=\"https:\/\/www.corsedimoto.com\/\" target=\"_blank\" rel=\"noopener nofollow\"><strong>Corsedimoto.com<\/strong><\/a><\/p>\n<p data-start=\"140\" data-end=\"524\">Il \u00e9tait une fois un enfant qui<br \/>\ngambadait dans les rues de Forlimpopoli, la ville de Pellegrino<br \/>\nArtusi, o\u00f9 l\u2019amour de la bonne cuisine se m\u00eale \u00e0 la passion des<br \/>\nmoteurs.<br data-start=\"312\" data-end=\"315\"\/><br \/>\n\u00ab Andrea, tu veux aller jusqu\u2019au bout ou simplement t\u2019amuser ?<br \/>\n\u00bb<br data-start=\"379\" data-end=\"382\"\/><strong>Andrea Dovizioso<\/strong> a r\u00e9pondu \u00e0 cette question sur la<br \/>\npiste, avec des trajectoires inoubliables, gravant son nom dans<br \/>\nl\u2019histoire du motocyclisme.<\/p>\n<p data-start=\"526\" data-end=\"1216\">Du v\u00e9lo qui d\u00e9rapait entre les<br \/>\ncanap\u00e9s de l\u2019entreprise familiale de Forlimpopoli, \u00e0 un parcours<br \/>\ndessin\u00e9 dans la poussi\u00e8re et l\u2019adr\u00e9naline. Des minimotos au<br \/>\nmotocross, jusqu\u2019\u00e0 l\u2019Olympe de la MotoGP : plus de vingt ans de<br \/>\ncarri\u00e8re en constante \u00e9volution. Champion du Monde 125 en 2004,<br \/>\n<strong>Andrea Dovizioso<\/strong> a \u00e9t\u00e9 \u00e0 trois reprises<br \/>\nvice-champion du monde en MotoGP.<br \/>Puis vint la retraite, un adieu qui, pour beaucoup, aurait \u00e9t\u00e9<br \/>\nd\u00e9finitif. Mais pas pour lui : il est rest\u00e9 dans le monde du<br \/>\nmotocyclisme, sous d\u2019autres formes. En 2023, il fait son entr\u00e9e<br \/>\ntriomphale dans le MotoGP Hall of Fame, une cons\u00e9cration qui<br \/>\nt\u00e9moigne de l\u2019empreinte ind\u00e9l\u00e9bile laiss\u00e9e dans le c\u0153ur de millions<br \/>\nde passionn\u00e9s.<\/p>\n<p data-start=\"1218\" data-end=\"1268\"><strong>Pas seulement du<br \/>\ntalent : la force du mental<br \/><\/strong> \u00ab Quand vous \u00eates en<br \/>\npiste face \u00e0 Stoner, Rossi, Pedrosa, Marquez\u2026 m\u00eame si vous avez du<br \/>\ntalent, cela ne suffit pas. Il faut s\u2019investir, c\u2019est un chemin<br \/>\nlong, et j\u2019y suis parvenu parce que j\u2019\u00e9tais entour\u00e9 de personnes<br \/>\nqui m\u2019ont aussi aid\u00e9 \u00e0 entra\u00eener mon mental. \u00bb<br data-start=\"1533\" data-end=\"1536\"\/><br \/>\nDes mots qui r\u00e9sonnent avec authenticit\u00e9, prononc\u00e9s par quelqu\u2019un<br \/>\nqui a v\u00e9cu de l\u2019int\u00e9rieur la pression \u00e9touffante et les d\u00e9fis<br \/>\n\u00e9reintants du MotoGP.<br data-start=\"1685\" data-end=\"1688\"\/><strong>Andrea Dovizioso<\/strong> n\u2019\u00e9tait pas seulement un talent<br \/>\npur, mais un athl\u00e8te accompli, conscient que la victoire se<br \/>\nconstruit aussi loin du vacarme assourdissant des moteurs, gr\u00e2ce \u00e0<br \/>\nune discipline de fer, de la lucidit\u00e9, et le soutien ind\u00e9fectible<br \/>\nde son entourage.<\/p>\n<p data-start=\"1949\" data-end=\"1989\"><strong>Un lien profond avec<br \/>\nsa terre natale<br \/><\/strong> Dans un \u00e9pisode de Traguardi, le format de la R\u00e9gion<br \/>\n\u00c9milie-Romagne consacr\u00e9 au sport et au territoire, <strong>Andrea<br \/>\nDovizioso<\/strong> est revenu sur sa trajectoire fulgurante. Il y<br \/>\n\u00e9voque \u00e9galement le \u201804 Park Monte Coralli\u2019, le nouveau parc<br \/>\noff-road de Faenza, d\u00e9j\u00e0 tr\u00e8s appr\u00e9ci\u00e9 des amateurs de deux-roues,<br \/>\navec une piste de motocross, une piste de minicross et un espace<br \/>\nd\u00e9di\u00e9 aux v\u00e9los.<\/p>\n<p data-start=\"2365\" data-end=\"2968\">Ce projet est n\u00e9 de sa passion<br \/>\nvisc\u00e9rale, qui l\u2019a pouss\u00e9 \u00e0 r\u00e9nover et agrandir le l\u00e9gendaire parc<br \/>\nMonte Coralli, pour en faire une structure \u00e0 la pointe, avec de<br \/>\nnouveaux trac\u00e9s aux standards de qualit\u00e9 \u00e9lev\u00e9s, pens\u00e9s pour tous<br \/>\nles niveaux : du d\u00e9butant au professionnel. Mais ce n\u2019est pas tout<br \/>\n: les installations du Centre F\u00e9d\u00e9ral deviendront un point de<br \/>\nr\u00e9f\u00e9rence pour la formation des pilotes et techniciens,<br \/>\naccueilleront les stages des Talenti Azzurri et h\u00e9bergeront de nombreux projets<br \/>\n\u00e9ducatifs promus par la FMI, tant pour les athl\u00e8tes que pour les<br \/>\njeunes d\u00e9couvrant l\u2019univers des deux-roues.<\/p>\n<p data-start=\"2970\" data-end=\"3003\"><strong>\u00ab Je reste ce pilote<br \/>\ntzigane \u00bb<br \/><\/strong> \u00ab Je me suis retir\u00e9 de la MotoGP, puis<br \/>\nl\u2019adr\u00e9naline est revenue, et je suis revenu moi aussi. Mais je<br \/>\nreste ce pilote-tzigane, nomade, qui se d\u00e9place avec un petit<br \/>\ncamping-car et sa moto, et qui vit avec les autres pilotes de cette<br \/>\nmani\u00e8re-l\u00e0, dans ces luttes qui vont droit au c\u0153ur.<br \/>\n\u00bb<br data-start=\"3290\" data-end=\"3293\"\/><br \/>\nCette phrase dessine avec \u00e9motion et v\u00e9rit\u00e9 l\u2019essence m\u00eame<br \/>\nd\u2019<strong>Andrea Dovizioso<\/strong>. Non seulement un pilote, mais<br \/>\nun homme qui n\u2019a jamais cess\u00e9 d\u2019\u00e9couter l\u2019appel irr\u00e9sistible de la<br \/>\npiste. Un champion qui a su conserver l\u2019authenticit\u00e9 et la passion<br \/>\nde ce gar\u00e7on de Forlimpopoli qui r\u00eavait de courir \u00e0 travers le<br \/>\nmonde.<br data-start=\"3605\" data-end=\"3608\"\/><strong>Andrea Dovizioso<\/strong> continue \u00e0 vivre la moto avec la<br \/>\nm\u00eame intensit\u00e9 br\u00fblante, dans ces \u00ab luttes qui vont droit au c\u0153ur \u00bb, v\u00e9ritables symboles<br \/>\nde ce sport.<\/p>\n<p data-start=\"2970\" data-end=\"3003\"><a href=\"https:\/\/www.corsedimoto.com\/barsport\/dovizioso-resto-il-pilota-zingaro-che-si-sposta-con-un-camperino\/\" target=\"_blank\" rel=\"noopener nofollow\"><strong>Lire l\u2019article original sur<br \/>\nCorsedimoto.com<\/strong><\/a><br \/><strong><a href=\"https:\/\/www.corsedimoto.com\/author\/marianna-giannoni\/\" rel=\"nofollow noopener\" target=\"_blank\">Marianna<br \/>\nGiannoni<\/a><\/strong><\/p>\n<p data-start=\"2970\" data-end=\"3003\"><img loading=\"lazy\" decoding=\"async\" class=\"aligncenter size-full wp-image-1056199\" src=\"https:\/\/www.europesays.com\/fr\/wp-content\/uploads\/2025\/07\/Andrea-Dovizioso-2.jpg\" alt=\"Andrea Dovizioso\" width=\"960\" height=\"540\"  \/><\/p>\n<p data-start=\"2970\" data-end=\"3003\">Dovizioso pilote tzigane Dovizioso pilote<br \/>\ntzigane<\/p>\n","protected":false},"excerpt":{"rendered":"Andrea Dovizioso a retrac\u00e9 sa carri\u00e8re en ouvrant son c\u0153ur\u00a0dans un format organis\u00e9 par la R\u00e9gion \u00c9milie-Romagne. De\u00a0Marianna&hellip;\n","protected":false},"author":2,"featured_media":281590,"comment_status":"","ping_status":"","sticky":false,"template":"","format":"standard","meta":{"footnotes":""},"categories":[1413],"tags":[1011,27,1457,1456,60],"class_list":{"0":"post-281589","1":"post","2":"type-post","3":"status-publish","4":"format-standard","5":"has-post-thumbnail","7":"category-moto","8":"tag-fr","9":"tag-france","10":"tag-moto","11":"tag-motocycle","12":"tag-sports"},"share_on_mastodon":{"url":"https:\/\/pubeurope.com\/@fr\/114935853486277634","error":""},"_links":{"self":[{"href":"https:\/\/www.europesays.com\/fr\/wp-json\/wp\/v2\/posts\/281589","targetHints":{"allow":["GET"]}}],"collection":[{"href":"https:\/\/www.europesays.com\/fr\/wp-json\/wp\/v2\/posts"}],"about":[{"href":"https:\/\/www.europesays.com\/fr\/wp-json\/wp\/v2\/types\/post"}],"author":[{"embeddable":true,"href":"https:\/\/www.europesays.com\/fr\/wp-json\/wp\/v2\/users\/2"}],"replies":[{"embeddable":true,"href":"https:\/\/www.europesays.com\/fr\/wp-json\/wp\/v2\/comments?post=281589"}],"version-history":[{"count":0,"href":"https:\/\/www.europesays.com\/fr\/wp-json\/wp\/v2\/posts\/281589\/revisions"}],"wp:featuredmedia":[{"embeddable":true,"href":"https:\/\/www.europesays.com\/fr\/wp-json\/wp\/v2\/media\/281590"}],"wp:attachment":[{"href":"https:\/\/www.europesays.com\/fr\/wp-json\/wp\/v2\/media?parent=281589"}],"wp:term":[{"taxonomy":"category","embeddable":true,"href":"https:\/\/www.europesays.com\/fr\/wp-json\/wp\/v2\/categories?post=281589"},{"taxonomy":"post_tag","embeddable":true,"href":"https:\/\/www.europesays.com\/fr\/wp-json\/wp\/v2\/tags?post=281589"}],"curies":[{"name":"wp","href":"https:\/\/api.w.org\/{rel}","templated":true}]}}