{"id":281593,"date":"2025-07-29T09:39:15","date_gmt":"2025-07-29T09:39:15","guid":{"rendered":"https:\/\/www.europesays.com\/fr\/281593\/"},"modified":"2025-07-29T09:39:15","modified_gmt":"2025-07-29T09:39:15","slug":"tdf-tour-de-france-les-primes-du-tour-jackpot-pour-uae-triste-bilan-pour-cofidis","status":"publish","type":"post","link":"https:\/\/www.europesays.com\/fr\/281593\/","title":{"rendered":"TDF. Tour de France &#8211; Les primes du Tour&#8230; jackpot pour UAE, triste bilan pour Cofidis"},"content":{"rendered":"<p>C&rsquo;est l&rsquo;heure de faires les comptes\u00a0!\u00a0Comme chaque ann\u00e9e apr\u00e8s le\u00a0<strong>Tour de France<\/strong>, un classement est \u00e9tabli avec les primes r\u00e9colt\u00e9es par chaque \u00e9quipe, ce qui permet d&rsquo;avoir un rapide aper\u00e7u des grands gagnants et des perdants de ces trois semaines de course.\u00a0Vainqueur de son 4e\u00a0<strong>Tour de France<\/strong>, le Slov\u00e8ne <strong><a href=\"https:\/\/www.cyclismactu.net\/..\/news-tdf-route-tour-de-france-marc-madiot-tadej-pogacar-mefiez-vous-du-temps-prudence-89294.html\" target=\"_blank\" rel=\"nofollow noopener\">Tadej Pogacar<\/a><\/strong> va ainsi toucher une belle somme. Alors que la dotation globale culmine \u00e0 environ\u00a02 300 000\u00a0\u20ac, le grand vainqueur va empocher la somme de 500 000 euros. En plus de ce montant significatif, s&rsquo;ajoutent \u00e0 \u00e7a ses quatre victoires d&rsquo;\u00e9tapes (plus celle de Tim Wellens), ses nombreuses places d&rsquo;honneur et les 14 jours avec le Maillot Jaune et autres maillots distinctifs. Un beau pactole pour l&rsquo;\u00e9quipe <strong><a href=\"https:\/\/www.cyclismactu.net\/..\/news-tdf-route-tour-de-france-mauro-gianetti-un-champion-comme-pogacar-on-a-de-chance-89293.html\" target=\"_blank\" rel=\"nofollow noopener\">UAE Team Emirates-XRG<\/a><\/strong>, qui tr\u00f4ne logiquement en t\u00eate de ce classement et repart de cette 112e \u00e9dition<strong>\u00a0<\/strong>avec 701 280 \u20ac dans les poches (dont 628 030 pour Pogi), soit tout de m\u00eame environ 100 000 \u20ac de moins que l&rsquo;an pass\u00e9 (806 810 \u20ac).<\/p>\n<p>Vid\u00e9o &#8211; La Cofidis de C\u00e9dric Vasseur n&rsquo;a pas r\u00e9ussi son Tour 2025&#8230; Lire la suite de l&rsquo;article&#13;<\/p>\n<p>\u00a0<\/p>\n<p>&#13;<br \/>\nCofidis, Israel-Premier Tech et Movistar transparents&#13;<\/p>\n<p>Pour rappel, ce classement est essentiellement bas\u00e9 sur des primes individuelles, entre maillots distinctifs, prix de la combativit\u00e9, c\u00f4tes, sprints interm\u00e9diaires et autres classements annexes, les coureurs partageant g\u00e9n\u00e9ralement leurs primes avec le staff et leurs co\u00e9quipiers. Derri\u00e8re la formation \u00e9miratie, ce sont sans surprise les \u00e9quipes <strong>Visma | Lease a Bike<\/strong> de<strong> Jonas Vingegaard <\/strong>(2e avec 257\u00a0820\u00a0\u20ac) et <strong>Red Bull-BORA-hansgrohe <\/strong>de <strong>Florian Lipowitz\u00a0<\/strong>(3e avec 134 430\u00a0\u20ac), qui font les belles op\u00e9rations, avec respectivement 383 150 \u20ac et 190 490\u00a0\u20ac dans la besace.<\/p>\n<p>&#13;<\/p>\n<p>En revanche, les formations <strong><a href=\"https:\/\/www.cyclismactu.net\/..\/news-tdf-route-tour-de-france-cedric-vasseur-ce-serait-bien-que-pogacar-zappe-vuelta-89295.html\" target=\"_blank\" rel=\"nofollow noopener\">Cofidis<\/a><\/strong>, <strong>Israel-Premier Tech<\/strong> et <strong>Movistar<\/strong>, qui repartent de ce <strong>Tour <\/strong>sans bon classement g\u00e9n\u00e9ral ni victoire d&rsquo;\u00e9tape, rentrent pratiquement bredouilles, la palme du bonnet d&rsquo;\u00e2ne revenant \u00e0 la formation nordiste avec seulement 15 510 \u20ac amass\u00e9s en trois semaines. Au niveau individuel, le premier Fran\u00e7ais qui appara\u00eet dans ce classement n\u2019est pas le mieux plac\u00e9 au g\u00e9n\u00e9ral. <strong>K\u00e9vin Vauquelin<\/strong>, 7e de ce <strong>Tour de France<\/strong>, a r\u00e9colt\u00e9 29\u00a0730 \u20ac, soit moins que <strong>Lenny Martinez<\/strong> (35\u00a0160 \u20ac), grassement r\u00e9compens\u00e9 gr\u00e2ce \u00e0 sa qu\u00eate de points pour le maillot \u00e0 pois. Le Cannois a notamment empoch\u00e9 deux primes de 5 000 euros pour son passage en t\u00eate de la course au sommet du Col du Tourmalet, et pour avoir \u00e9t\u00e9 le premier coureur \u00e0 atteindre les 50 points dans la course au maillot \u00e0 pois.<\/p>\n<p>&#13;<br \/>\n&#13;<\/p>\n<p>\u00a0<\/p>\n<p>&#13;<\/p>\n<p><img decoding=\"async\" src=\"https:\/\/www.europesays.com\/fr\/wp-content\/uploads\/2025\/07\/primetdf2025.jpg\" style=\"max-width:100%;max-height:100%;\" alt=\"image\" loading=\"lazy\"\/><\/p>\n<p>&#13;<\/p>\n<p>\u00a0<\/p>\n<p>&#13;<br \/>\nLe d\u00e9tail des primes individuelles vers\u00e9es&#13;<br \/>\n<strong>\u00c0 la fin du Tour de France<\/strong>\u00a0:<br \/>&#8211; classement g\u00e9n\u00e9ral (de 500\u00a0000\u00a0\u20ac pour le 1er \u00e0 1\u00a0000\u00a0\u20ac du 20e au dernier class\u00e9)<br \/>&#8211; classement par points et de la montagne (de 25\u00a0000\u00a0\u20ac pour le 1er \u00e0 2\u00a0000\u00a0\u20ac pour le 8e)<br \/>&#8211; classement des jeunes (de 20\u00a0000\u00a0\u20ac pour le 1er \u00e0 5\u00a0000\u00a0\u20ac pour le 4e)<br \/>&#8211; super-combatif du Tour (20\u00a0000\u00a0\u20ac)<br \/>&#8211; meilleur \u00e9quipier du Tour (3\u00a0000\u00a0\u20ac)<\/p>\n<p><strong>\u00c0 la fin de chaque \u00e9tape<\/strong>\u00a0:<br \/>&#8211; classement de l&rsquo;\u00e9tape (de 11\u00a0000\u00a0\u20ac pour le 1er \u00e0 300\u00a0\u20ac du 15e au 20e)<br \/>&#8211; porteur du maillot jaune (500\u00a0\u20ac)<br \/>&#8211; porteur du maillot vert\/blanc\/\u00e0 pois (300\u00a0\u20ac)<br \/>&#8211; meilleur jeune de l&rsquo;\u00e9tape (500\u00a0\u20ac)<br \/>&#8211; prix de la combativit\u00e9 (2\u00a0000\u00a0\u20ac)<br \/>&#8211; sprints interm\u00e9diaires (1\u00a0500\u00a0\u20ac pour le 1er, 1\u00a0000\u00a0\u20ac pour le 2e, 500\u00a0\u20ac pour le 3e)<br \/>&#8211; c\u00f4tes (de 200\u00a0\u20ac \u00e0 800\u00a0\u20ac selon la cat\u00e9gorie de l&rsquo;ascension)<\/p>\n<p><strong>\u00c0 la fin de chaque semaine<\/strong>\u00a0:<br \/>&#8211; meilleur \u00e9quipier de la semaine (2\u00a0000\u00a0\u20ac)<\/p>\n<p><strong>Primes sp\u00e9ciales<\/strong>\u00a0:<br \/>&#8211; souvenir Jacques-Goddet au sommet du col du Tourmalet (5\u00a0000\u00a0\u20ac)<br \/>&#8211; souvenir Henri-Desgrange au sommet du col de la Loze (5\u00a0000\u00a0\u20ac)<br \/>&#8211; premier coureur \u00e0 atteindre 50 points au classement de la montagne (5\u00a0000\u00a0\u20ac)<\/p>\n<p>Tour de France &#8211; Classement g\u00e9n\u00e9ral<\/p>\n","protected":false},"excerpt":{"rendered":"C&rsquo;est l&rsquo;heure de faires les comptes\u00a0!\u00a0Comme chaque ann\u00e9e apr\u00e8s le\u00a0Tour de France, un classement est \u00e9tabli avec les&hellip;\n","protected":false},"author":2,"featured_media":281594,"comment_status":"","ping_status":"","sticky":false,"template":"","format":"standard","meta":{"footnotes":""},"categories":[1411],"tags":[1154,207,211,1011,27,209,60,210,212,208,213],"class_list":{"0":"post-281593","1":"post","2":"type-post","3":"status-publish","4":"format-standard","5":"has-post-thumbnail","7":"category-cyclisme","8":"tag-cycling","9":"tag-cyclisme","10":"tag-ffc","11":"tag-fr","12":"tag-france","13":"tag-route","14":"tag-sports","15":"tag-tour-de-france","16":"tag-uci","17":"tag-velo","18":"tag-world-tour"},"share_on_mastodon":{"url":"https:\/\/pubeurope.com\/@fr\/114935861332131306","error":""},"_links":{"self":[{"href":"https:\/\/www.europesays.com\/fr\/wp-json\/wp\/v2\/posts\/281593","targetHints":{"allow":["GET"]}}],"collection":[{"href":"https:\/\/www.europesays.com\/fr\/wp-json\/wp\/v2\/posts"}],"about":[{"href":"https:\/\/www.europesays.com\/fr\/wp-json\/wp\/v2\/types\/post"}],"author":[{"embeddable":true,"href":"https:\/\/www.europesays.com\/fr\/wp-json\/wp\/v2\/users\/2"}],"replies":[{"embeddable":true,"href":"https:\/\/www.europesays.com\/fr\/wp-json\/wp\/v2\/comments?post=281593"}],"version-history":[{"count":0,"href":"https:\/\/www.europesays.com\/fr\/wp-json\/wp\/v2\/posts\/281593\/revisions"}],"wp:featuredmedia":[{"embeddable":true,"href":"https:\/\/www.europesays.com\/fr\/wp-json\/wp\/v2\/media\/281594"}],"wp:attachment":[{"href":"https:\/\/www.europesays.com\/fr\/wp-json\/wp\/v2\/media?parent=281593"}],"wp:term":[{"taxonomy":"category","embeddable":true,"href":"https:\/\/www.europesays.com\/fr\/wp-json\/wp\/v2\/categories?post=281593"},{"taxonomy":"post_tag","embeddable":true,"href":"https:\/\/www.europesays.com\/fr\/wp-json\/wp\/v2\/tags?post=281593"}],"curies":[{"name":"wp","href":"https:\/\/api.w.org\/{rel}","templated":true}]}}