{"id":281599,"date":"2025-07-29T09:42:13","date_gmt":"2025-07-29T09:42:13","guid":{"rendered":"https:\/\/www.europesays.com\/fr\/281599\/"},"modified":"2025-07-29T09:42:13","modified_gmt":"2025-07-29T09:42:13","slug":"jai-ete-totalement-hypnotise-je-nai-plus-rien-decide-son-tableau-cache-une-enigme-pres-dargentan","status":"publish","type":"post","link":"https:\/\/www.europesays.com\/fr\/281599\/","title":{"rendered":"\u00ab\u00a0J&rsquo;ai \u00e9t\u00e9 totalement hypnotis\u00e9, je n&rsquo;ai plus rien d\u00e9cid\u00e9\u00a0\u00bb, son tableau cache une \u00e9nigme, pr\u00e8s d&rsquo;Argentan"},"content":{"rendered":"<p>            Par<br \/>\n        <strong><br \/>\n            <a href=\"https:\/\/actu.fr\/auteur\/journaliste-journaldelorne\" title=\"Consulter tous les articles de R\u00e9daction JO\" rel=\"nofollow noopener\" target=\"_blank\">R\u00e9daction JO<\/a><br \/>\n        <\/strong><\/p>\n<p>        Publi\u00e9 le<\/p>\n<p>            28 juil. 2025 \u00e0 19h28        <\/p>\n<p><b>\u00ab\u2009Cette toile est \u00e9nigmatique\u2009\u00bb<\/b>, r\u00e9p\u00e8te <a href=\"https:\/\/actu.fr\/normandie\/argentan_61006\/trois-artistes-exposent-parmi-les-meubles-dans-ce-magasin-dargentan_62800467.html\" rel=\"nofollow noopener\" target=\"_blank\">St\u00e9phan Serais<\/a>, en cette mi-juillet\u00a02025. Ce fonctionnaire \u00e0 la retraite, bien connu dans le<a href=\"https:\/\/actu.fr\/le-journal-de-l-orne\/\" rel=\"nofollow noopener\" target=\"_blank\"> pays d\u2019Argentan<\/a>, dans l\u2019<b>Orne<\/b>, raconte <b>comment il a peint cette toile<\/b>. \u00ab\u2009<b>La Larme du Templier<\/b> est une <b>toile vraiment particuli\u00e8re<\/b>. Sa naissance est <b>\u00e9nigmatique<\/b>, je n\u2019avais aucune intention de la r\u00e9aliser. Je voulais peindre un paysage comme j\u2019ai l\u2019habitude d\u2019en faire. <b>\u00c7a m\u2019a secou\u00e9<\/b>. Pendant un mois et demi apr\u00e8s, j\u2019ai \u00e9t\u00e9 fatigu\u00e9. <b>Sa r\u00e9alisation m\u2019a totalement \u00e9puis\u00e9<\/b>.\u2009\u00bb<\/p>\n<p>\u00ab\u2009De violents acouph\u00e8nes m\u2019ont saisi du d\u00e9but \u00e0 la fin de cette toile herm\u00e9tique\u2009\u00bb raconte St\u00e9phane Serais<br \/>\n    <img   decoding=\"async\" loading=\"lazy\" class=\"size-large\" src=\"https:\/\/www.europesays.com\/fr\/wp-content\/uploads\/2025\/07\/9fae382d6778654be382d6778a8be3v-960x640.jpg\" alt=\"La toile \" la=\"\" larme=\"\" du=\"\" templier=\"\" est=\"\" expos=\"\" au=\"\" bar-restaurant=\"\" le=\"\" relais=\"\" bourg=\"\" saint=\"\" l=\"\" width=\"960\" height=\"640\"\/><br \/>\n    St\u00e9phan Serais (\u00e0 droite ici avec le patron, Jean-Louis Boirel) expose actuellement sa toile La larme du templier au bar-restaurant le Relais, du Bourg Saint-L\u00e9onard, \u00e0 Gouffern en Auge. \u00a9Le Journal de l\u2019Orne<\/p>\n<p class=\" wall-content\">Les <b>paysages de Normandie<\/b> sont <b>source d\u2019inspiration<\/b> pour <a href=\"https:\/\/actu.fr\/normandie\/conde-sur-sarthe_61117\/peintre-au-parcours-singulier-il-expose-ses-toiles-chatoyantes-pres-dalencon_61630079.html\" rel=\"nofollow noopener\" target=\"_blank\">St\u00e9phan Serais qui peint 5 \u00e0 6 toiles par mois<\/a>.<\/p>\n<p class=\" wall-content\">Le 13\u00a0mai dernier, face \u00e0 son chevalet, il se consacre \u00e0 la r\u00e9alisation d\u2019un nouveau paysage qui ne va pas se d\u00e9rouler comme pour les autres peintures qu\u2019il effectue habituellement.<\/p>\n<p class=\" wall-content\">\u00ab\u2009En peignant ce petit paysage, <b>j\u2019\u00e9coutais un reportage sur Van Gogh<\/b>. Le reportage a coup\u00e9 pour laisser place \u00e0 un autre sur un <b>village de l\u2019Aude<\/b> que je ne connaissais absolument pas\u2009\u00bb, explique le peintre.<\/p>\n<p class=\" wall-content\">\u00ab\u2009J\u2019ai alors \u00e9t\u00e9 <b>totalement capt\u00e9, hypnotis\u00e9<\/b>. \u00c0 partir de ce moment-l\u00e0, <b>je n\u2019ai plus rien d\u00e9cid\u00e9<\/b>\u2009\u00bb.<\/p>\n<blockquote class=\"ac-article-quote wall-content\">\n<p>De violents acouph\u00e8nes m\u2019ont saisi du d\u00e9but \u00e0 la fin de cette toile herm\u00e9tique, comme si quelqu\u2019un me parlait \u00e0 l\u2019oreille et me dictait ses intentions. Les acouph\u00e8nes ont cess\u00e9 le jour o\u00f9 j\u2019ai appos\u00e9 ma signature sur cette toile.\u2009\u00bb<\/p>\n<p>St\u00e9phan Serais, peintre<\/p><\/blockquote>\n<p>Le peintre St\u00e9phan Serais, plusieurs fois prim\u00e9<\/p>\n<p>Peintre autodidacte, St\u00e9phan Serais s&rsquo;est lanc\u00e9 dans la peinture en 2003. Reconnu pour ses r\u00e9alisations artistiques, il a re\u00e7u divers prix et m\u00e9dailles (m\u00e9daille d&rsquo;argent Arts Sciences Lettres, puis la m\u00e9daille de vermeil, m\u00e9daille d&rsquo;honneur de la ville de Paris, m\u00e9daille de la ville d&rsquo;Argentan, 1re place au concours des peintres en ext\u00e9rieur de Putanges, 2e place au concours des peintres de Lassay-les-Ch\u00e2teaux, vainqueur dans la cat\u00e9gorie huile du concours de Bagnoles-de-l&rsquo;Orne\u2026).<\/p>\n<p>En vacances en Bretagne \u00ab\u2009les acouph\u00e8nes au repris \u00e0 L\u00e9hon, et on a cess\u00e9 \u00e0 la sortie de l\u2019abbaye\u2009\u00bb<\/p>\n<p class=\" wall-content\">Se sentant vid\u00e9, fatigu\u00e9, apr\u00e8s avoir peint cette toile de 130 x 97 cm\u2026, St\u00e9phan est <b>parti en vacances<\/b> une semaine \u00e0 <b>Dinan<\/b> (<b>C\u00f4tes-d\u2019Armor<\/b>) pour se r\u00e9g\u00e9n\u00e9rer.<\/p>\n<p class=\" wall-content\">\u00ab\u2009En visite \u00e0 <a href=\"https:\/\/actu.fr\/bretagne\/lehon_22123\/labbaye-de-lehon_6010023.html\" rel=\"nofollow noopener\" target=\"_blank\"><b>L\u00e9hon<\/b><\/a>, commune au sud de Dinan, <b>les acouph\u00e8nes ont repris <\/b>de plus belle\u2009\u00bb, relate le peintre. \u00ab\u2009La porte de l\u2019<b>abbaye<\/b> \u00e9tant grande ouverte, d\u00e9voilant son baptist\u00e8re, j\u2019ai p\u00e9n\u00e9tr\u00e9 \u00e0 l\u2019int\u00e9rieur de l\u2019\u00e9difice m\u00e9di\u00e9val, me suis dirig\u00e9 vers les <b>gisants<\/b> se trouvant au bas des murs lat\u00e9raux.<\/p>\n<p class=\" wall-content\">En levant la t\u00eate, j\u2019ai aper\u00e7u \u00e0 une hauteur de trois m\u00e8tres environ une <b>croix templi\u00e8re en relief<\/b> surgissant de la ma\u00e7onnerie au-dessus de chacun d\u2019eux. Les acouph\u00e8nes ont cess\u00e9 quand je suis ressorti.\u2009\u00bb<\/p>\n<p>\u00ab\u2009Tous les indices se trouvent sur cette toile\u2009\u00bb<br \/>\n    <img   decoding=\"async\" loading=\"lazy\" class=\"size-large\" src=\"https:\/\/www.europesays.com\/fr\/wp-content\/uploads\/2025\/07\/db4b0f11b7886df4b0f11b788a35b0v-960x640.jpg\" alt=\"Une \u00e9criture, trois langues diff\u00e9rentes\u2026 qui d\u00e9codera le message dissimul\u00e9 dans la toile La Larme du Templier, de St\u00e9phan Serais, du pays d\u2019Argentan, dans l\u2019Orne.\" width=\"960\" height=\"640\"\/><br \/>\n    Une \u00e9criture, trois langues diff\u00e9rentes\u2026 qui d\u00e9codera le message dissimul\u00e9 dans la toile La Larme du Templier, de St\u00e9phan Serais, du pays d\u2019Argentan, dans l\u2019Orne. \u00a9Le Journal de l\u2019Orne<\/p>\n<p class=\" wall-content\">Selon l\u2019artiste, cette toile parle, mais on ne l\u2019entend pas, on la voit, mais ne la regarde pas. Pas assez pour d\u00e9crypter le message qui se trouve en haut et \u00e0 gauche.<\/p>\n<p class=\" wall-content\">\u00ab\u2009<b>Tous les indices se trouvent sur cette toile<\/b>. Une \u00e9criture, <b>trois langues diff\u00e9rentes<\/b> dont une que je ne connaissais pas avant la r\u00e9alisation de cette \u0153uvre\u2009\u00bb, assure-t-il.<\/p>\n<p class=\" wall-content\">\u00ab\u2009<b>Je pense que le lieu est important<\/b>. Beaucoup de personnes ont cherch\u00e9, cherchent encore. Certains ont fait bonne route et sont tout pr\u00e8s de la r\u00e9ponse\u2009\u00bb, assure St\u00e9phan Serais.<\/p>\n<blockquote class=\"ac-article-quote wall-content\">\n<p>J\u2019ai promis un resto au premier qui d\u00e9codera le message et qui d\u00e9taillera le chemin qu\u2019il a parcouru pour atteindre le Graal\u2009\u00bb.<\/p>\n<p>St\u00e9phan Serais<\/p><\/blockquote>\n<p>\u00ab\u2009Cette toile n\u2019est pas \u00e0 vendre\u2009\u00bb, elle est visible au Bourg-Saint-L\u00e9onard<\/p>\n<p class=\" wall-content\">Cette toile, qui a un <b>message \u00e0 passer<\/b>, n\u2019est <b>pas \u00e0 vendre<\/b>. Elle est destin\u00e9e \u00e0 rester dans la collection personnelle du peintre. Elle est actuellement visible \u00e0 Gouffern en Auge, au restaurant-bar <b>Le Relais du Bourg-Saint-L\u00e9onard<\/b> o\u00f9 St\u00e9phane Serais expose quarante-quatre autres toiles.<\/p>\n<p class=\" wall-content\">\u00ab<b>\u2009Certains esprits chagrins diront que j\u2019ai invent\u00e9 cette histoire<\/b> pour la vendre plus cher. Non, <b>elle n\u2019est pas \u00e0 vendre<\/b>. Dans le message, le triangle n\u2019a aucune consonance franc-ma\u00e7onnique, il est form\u00e9 de trois points g\u00e9ographiques au centre desquels se trouve un promontoire ombr\u00e9\u2009\u00bb.<\/p>\n<p class=\" wall-content\">Avis aux amateurs\u2009: qui d\u00e9chiffrera le message, toutes les informations sont dans la toile\u2009?<\/p>\n<p>La toile La Larme du templier est actuellement visible au restaurant-bar Le Relais, au Bourg-Saint-L\u00e9onard, \u00e0 Gouffern en Auge<br \/>\n    <a href=\"https:\/\/maps.google.com\/maps?q=48.76069723339033,0.10542837168884933&amp;z=15&amp;output=embed\" title=\"Ouvrie le lien\" rel=\"nofollow noopener\" target=\"_blank\">Cliquez ici pour visualiser le contenu<\/a><\/p>\n<p>Toile expos\u00e9e au restaurant-bar Le Relais au Bourg Saint-L\u00e9onard (Gouffern en Auge), ouvert du lundi au vendredi de 7\u2009h\u200930 \u00e0 19\u2009h\u200930 \u2013 fermeture pour cong\u00e9s du 2 au 17\u00a0ao\u00fbt.<\/p>\n<p class=\" wall-content\">Suivez toute l\u2019actualit\u00e9 de vos villes et m\u00e9dias favoris en vous inscrivant \u00e0 <a href=\"https:\/\/moncompte.actu.fr\" title=\"D\u00e9couvez Mon Actu\" rel=\"nofollow noopener\" data-trk=\"{&quot;cta&quot;:{&quot;action&quot;:&quot;https:\\\/\\\/moncompte.actu.fr&quot;,&quot;category&quot;:&quot;mon compte&quot;,&quot;from&quot;:&quot;article footer&quot;,&quot;name&quot;:&quot;Mon actu&quot;,&quot;type&quot;:&quot;cta&quot;}}\" target=\"_blank\">Mon Actu<\/a>.<\/p>\n","protected":false},"excerpt":{"rendered":"Par R\u00e9daction JO Publi\u00e9 le 28 juil. 2025 \u00e0 19h28 \u00ab\u2009Cette toile est \u00e9nigmatique\u2009\u00bb, r\u00e9p\u00e8te St\u00e9phan Serais, en&hellip;\n","protected":false},"author":2,"featured_media":281600,"comment_status":"","ping_status":"","sticky":false,"template":"","format":"standard","meta":{"footnotes":""},"categories":[1358],"tags":[1348,1384,1385,1386,58,59,1011,27,104],"class_list":{"0":"post-281599","1":"post","2":"type-post","3":"status-publish","4":"format-standard","5":"has-post-thumbnail","7":"category-arts-et-design","8":"tag-arts","9":"tag-arts-and-design","10":"tag-arts-et-design","11":"tag-design","12":"tag-divertissement","13":"tag-entertainment","14":"tag-fr","15":"tag-france","16":"tag-societe"},"share_on_mastodon":{"url":"https:\/\/pubeurope.com\/@fr\/114935873133025345","error":""},"_links":{"self":[{"href":"https:\/\/www.europesays.com\/fr\/wp-json\/wp\/v2\/posts\/281599","targetHints":{"allow":["GET"]}}],"collection":[{"href":"https:\/\/www.europesays.com\/fr\/wp-json\/wp\/v2\/posts"}],"about":[{"href":"https:\/\/www.europesays.com\/fr\/wp-json\/wp\/v2\/types\/post"}],"author":[{"embeddable":true,"href":"https:\/\/www.europesays.com\/fr\/wp-json\/wp\/v2\/users\/2"}],"replies":[{"embeddable":true,"href":"https:\/\/www.europesays.com\/fr\/wp-json\/wp\/v2\/comments?post=281599"}],"version-history":[{"count":0,"href":"https:\/\/www.europesays.com\/fr\/wp-json\/wp\/v2\/posts\/281599\/revisions"}],"wp:featuredmedia":[{"embeddable":true,"href":"https:\/\/www.europesays.com\/fr\/wp-json\/wp\/v2\/media\/281600"}],"wp:attachment":[{"href":"https:\/\/www.europesays.com\/fr\/wp-json\/wp\/v2\/media?parent=281599"}],"wp:term":[{"taxonomy":"category","embeddable":true,"href":"https:\/\/www.europesays.com\/fr\/wp-json\/wp\/v2\/categories?post=281599"},{"taxonomy":"post_tag","embeddable":true,"href":"https:\/\/www.europesays.com\/fr\/wp-json\/wp\/v2\/tags?post=281599"}],"curies":[{"name":"wp","href":"https:\/\/api.w.org\/{rel}","templated":true}]}}