{"id":281601,"date":"2025-07-29T09:43:18","date_gmt":"2025-07-29T09:43:18","guid":{"rendered":"https:\/\/www.europesays.com\/fr\/281601\/"},"modified":"2025-07-29T09:43:18","modified_gmt":"2025-07-29T09:43:18","slug":"six-auteurs-de-la-presquile-de-rhuys-a-decouvrir-au-salon-du-livre-de-logeo-a-sarzeau-samedi-2-aout","status":"publish","type":"post","link":"https:\/\/www.europesays.com\/fr\/281601\/","title":{"rendered":"Six auteurs de la presqu\u2019\u00eele de Rhuys \u00e0 d\u00e9couvrir au Salon du livre de Logeo \u00e0 Sarzeau samedi 2\u00a0ao\u00fbt"},"content":{"rendered":"<p>\u00c0 l\u2019atelier du collectif informel des artistes locaux du Vieux chantier des f\u00e9es mer au Logeo, \u00e0 Sarzeau, les visiteurs de la presqu\u2019\u00eele peuvent y trouver une exposition d\u2019artistes et artisans aux r\u00e9alisations originales, uniques, et po\u00e9tiques. Samedi 2 ao\u00fbt 2025, le collectif organise un petit salon du livre d\u2019auteurs de la presqu\u2019\u00eele de Rhuys. On y retrouvera <a href=\"https:\/\/www.letelegramme.fr\/morbihan\/sarzeau-56370\/a-sarzeau-gwendolyne-chalm-a-ecrit-un-livre-sur-son-experience-en-terres-australes-309018.php\" rel=\"nofollow noopener\" target=\"_blank\">Gwendoline Chalm avec son carnet de voyage sur les \u00eeles Kerguelen<\/a> et Odile Gu\u00e9ho, autrice de nombreux petits recueils illustr\u00e9s sur le Logeo o\u00f9 elle a v\u00e9cu une partie de son enfance.<\/p>\n<p>Une lecture de contes sur le th\u00e8me de la mer<\/p>\n<p>Seront aussi pr\u00e9sents <a href=\"https:\/\/www.letelegramme.fr\/morbihan\/sarzeau-56370\/patrick-roux-a-dedicace-son-2e-livre-a-la-libraire-les-passeurs-de-mots-a-sarzeau-6858454.php\" rel=\"nofollow noopener\" target=\"_blank\">Patrick Roux qui vient de faire para\u00eetre un livre sur la vie d\u2019autrefois au Logeo<\/a>\u00a0; Nathalie Caillibot, autrice d\u2019un guide sur Sarzeau et de livres jeunesses\u00a0; Pascal Hemon de Sarzeau, et ses romans inspir\u00e9s d\u2019aventure dans le grand Nord\u00a0; <a href=\"https:\/\/www.letelegramme.fr\/morbihan\/vannes-56000\/amour-et-zanzibar-labecedaire-intime-du-theixois-xavier-panon-est-paru-6736039.php\" rel=\"nofollow noopener\" target=\"_blank\">Xavier Panon, ancien journaliste <\/a>qui vit \u00e0 Theix-Noyalo, et vient de publier deux livres originaux\u00a0: \u00ab\u00a0Amour de Zanzibar\u00a0\u00bb et \u00ab\u00a0Chat alors\u2026 Ma vie de Sib\u00e9rien en Bretagne\u00a0\u00bb. Enfin, on retrouvera aussi Agn\u00e8s Valentin-Bey d\u2019Arzon, autrice de deux romans\u00a0: \u00ab\u00a0Silences coupables\u00a0\u00bb et \u00ab\u00a0La petite fille qui m\u2019a sauv\u00e9 la vie\u00a0\u00bb. Autre curiosit\u00e9 propos\u00e9e \u00e0 18\u00a0h, une petite lecture de contes sur le th\u00e8me de la mer.<\/p>\n<p><b>Pratique<\/b><\/p>\n<p class=\"note\">Samedi 2 ao\u00fbt de 15\u00a0h\u00a030 \u00e0 19\u00a0h. Gratuit. En cas d\u2019intemp\u00e9ries, le salon sera report\u00e9.<\/p>\n","protected":false},"excerpt":{"rendered":"\u00c0 l\u2019atelier du collectif informel des artistes locaux du Vieux chantier des f\u00e9es mer au Logeo, \u00e0 Sarzeau,&hellip;\n","protected":false},"author":2,"featured_media":281602,"comment_status":"","ping_status":"","sticky":false,"template":"","format":"standard","meta":{"footnotes":""},"categories":[1357],"tags":[1379,58,59,1011,27,1380,11234],"class_list":{"0":"post-281601","1":"post","2":"type-post","3":"status-publish","4":"format-standard","5":"has-post-thumbnail","7":"category-livres","8":"tag-books","9":"tag-divertissement","10":"tag-entertainment","11":"tag-fr","12":"tag-france","13":"tag-livres","14":"tag-sarzeau"},"share_on_mastodon":{"url":"https:\/\/pubeurope.com\/@fr\/114935877043205812","error":""},"_links":{"self":[{"href":"https:\/\/www.europesays.com\/fr\/wp-json\/wp\/v2\/posts\/281601","targetHints":{"allow":["GET"]}}],"collection":[{"href":"https:\/\/www.europesays.com\/fr\/wp-json\/wp\/v2\/posts"}],"about":[{"href":"https:\/\/www.europesays.com\/fr\/wp-json\/wp\/v2\/types\/post"}],"author":[{"embeddable":true,"href":"https:\/\/www.europesays.com\/fr\/wp-json\/wp\/v2\/users\/2"}],"replies":[{"embeddable":true,"href":"https:\/\/www.europesays.com\/fr\/wp-json\/wp\/v2\/comments?post=281601"}],"version-history":[{"count":0,"href":"https:\/\/www.europesays.com\/fr\/wp-json\/wp\/v2\/posts\/281601\/revisions"}],"wp:featuredmedia":[{"embeddable":true,"href":"https:\/\/www.europesays.com\/fr\/wp-json\/wp\/v2\/media\/281602"}],"wp:attachment":[{"href":"https:\/\/www.europesays.com\/fr\/wp-json\/wp\/v2\/media?parent=281601"}],"wp:term":[{"taxonomy":"category","embeddable":true,"href":"https:\/\/www.europesays.com\/fr\/wp-json\/wp\/v2\/categories?post=281601"},{"taxonomy":"post_tag","embeddable":true,"href":"https:\/\/www.europesays.com\/fr\/wp-json\/wp\/v2\/tags?post=281601"}],"curies":[{"name":"wp","href":"https:\/\/api.w.org\/{rel}","templated":true}]}}