{"id":281603,"date":"2025-07-29T09:44:10","date_gmt":"2025-07-29T09:44:10","guid":{"rendered":"https:\/\/www.europesays.com\/fr\/281603\/"},"modified":"2025-07-29T09:44:10","modified_gmt":"2025-07-29T09:44:10","slug":"cnews-fait-son-mea-culpa-apres-la-diffusion-dune-photo-erronee-sur-lantenne","status":"publish","type":"post","link":"https:\/\/www.europesays.com\/fr\/281603\/","title":{"rendered":"CNews fait son mea culpa apr\u00e8s la diffusion d\u2019une photo erron\u00e9e sur l\u2019antenne"},"content":{"rendered":"<p>                             Par Marine Cassan<\/p>\n<p>                Le 29 juillet 2025 \u00e0 11h22<\/p>\n<p>    Anthony Favalli dans \u00abLa Matinale \u00e9t\u00e9\u00bb de CNews<br \/>\n                Capteure d&rsquo;\u00e9cran<\/p>\n<p>Ce vendredi 25 juillet, dans la matinale de la cha\u00eene d\u2019informations en continu, le pr\u00e9sentateur, Anthony Favalli a pr\u00e9sent\u00e9 ses excuses apr\u00e8s la diffusion d\u2019une \u00abfake news\u00bb dans l\u2019\u00e9mission la veille. L\u2019Arcom a \u00e9t\u00e9 saisi depuis.<\/p>\n<p class=\"fig-paragraph\"><strong>CNews<\/strong> est point\u00e9e du doigt apr\u00e8s avoir diffus\u00e9 une fausse information. Alors que le jeudi 24 juillet dernier, la cha\u00eene a comment\u00e9 &#8211; en direct depuis 6 heures le matin et durant toute la journ\u00e9e qui a suivi &#8211; l\u2019affaire d\u2019un groupe d\u2019adolescents de confession juive d\u00e9barqu\u00e9s d\u2019un avion Vueling, le pr\u00e9sentateur, <strong>Anthony Favalli<\/strong>, avait montr\u00e9 \u00e0 l\u2019image une photo du cockpit o\u00f9 apparaissait un drapeau palestinien. Or, il ne s\u2019agissait pas du bon avion.<\/p>\n<p class=\"fig-paragraph\">\u00abSur ce sujet, hier, nous vous avons montr\u00e9 une photo entre 6 et 7 heures, pr\u00e9sent\u00e9e comme \u00e9tant celle du cockpit de l\u2019appareil. C\u2019\u00e9tait une erreur, il ne s\u2019agissait pas du cockpit de l\u2019avion dans lequel s\u2019est d\u00e9roul\u00e9 l\u2019incident\u00bb, a alors expliqu\u00e9 l\u2019animateur, au lendemain des faits, le vendredi 25 juillet.<\/p>\n<p class=\"fig-body-link\">\n            \u00c0 lire aussi<br \/>\n        <a class=\"fig-body-link__link\" href=\"http:\/\/tvmag.lefigaro.fr\/programme-tv\/actu-tele\/notre-metier-c-est-de-faire-de-l-information-pas-de-l-opinion-le-tacle-de-benjamin-duhamel-a-cnews-pour-ses-adieux-a-bfmtv-20250713\" target=\"_blank\" data-fig-type=\"Article\" rel=\"noopener\" data-gtm-custom-categorie=\"navigation\" data-gtm-custom-action=\"crossclick\" data-gtm-custom-label=\"Contextuel\" data-gtm-event=\"customEventSPE\" data-fig-domain=\"TVMAG\">\u00abNotre m\u00e9tier c\u2019est de faire de l\u2019information, pas de l\u2019opinion\u00bb\u00a0: le tacle de Benjamin Duhamel \u00e0 CNews pour ses adieux \u00e0 BFMTV<br \/>\n    <\/a>\n<\/p>\n<p>                                    <a class=\"fig-a11y-skip a11y-hidden\" href=\"#fig-a11y-skip-main-inarticle\"><br \/>\n        Passer la publicit\u00e9<br \/>\n    <\/a><\/p>\n<p class=\"fig-paragraph\">\u00abD\u00e8s lors que nous avons eu un doute sur l\u2019origine du clich\u00e9, peu apr\u00e8s 7h du matin, nous l\u2019avons imm\u00e9diatement retir\u00e9 de l\u2019antenne, tient \u00e0 souligner le pr\u00e9sentateur dans le mea culpa de sa cha\u00eene. Et n\u2019a plus jamais \u00e9t\u00e9 diffus\u00e9. Par soucis de transparence et comme gage de s\u00e9rieux, aussi \u00e0 votre \u00e9gard, nous tenions aussi \u00e0 le pr\u00e9ciser ce matin, et c\u2019est bien normal\u00bb.<\/p>\n<p class=\"fig-paragraph\">Jeudi,\u00a0<a href=\"http:\/\/tvmag.lefigaro.fr\/programme-tv\/actu-tele\/du-sensationnalisme-ne-serait-pas-honnete-eliot-deval-prudent-sur-cnews-apres-l-attaque-au-couteau-en-allemagne-20250523\" target=\"_blank\" data-fig-type=\"Article\" rel=\"noopener\" data-gtm-custom-categorie=\"navigation\" data-gtm-custom-action=\"crossclick\" data-gtm-custom-label=\"Contextuel\" data-gtm-event=\"customEventSPE\" data-fig-domain=\"TVMAG\">\u00c9liot Deval<\/a>\u00a0s\u2019\u00e9tait en effet montr\u00e9 prudent, vers 10h14\u00a0: \u00abOn n\u2019a pas encore pu v\u00e9rifier cette histoire de drapeau\u00bb, avait-il d\u00e9clar\u00e9. Apr\u00e8s quoi, la photo n\u2019a plus \u00e9t\u00e9 montr\u00e9e \u00e0 l\u2019\u00e9cran. Toutefois, les \u00e9ditorialistes invit\u00e9s en plateau ont continu\u00e9 \u00e0 d\u00e9battre de l\u2019image, tout au long de la journ\u00e9e. La cha\u00eene a depuis retir\u00e9 la matinale de ce jeudi 24 juillet de son replay.<\/p>\n<p class=\"fig-body-link\">\n            \u00c0 lire aussi<br \/>\n        <a class=\"fig-body-link__link\" href=\"http:\/\/tvmag.lefigaro.fr\/programme-tv\/actu-tele\/vous-n-avez-pas-honte-echange-tendu-entre-sonia-mabrouk-et-manon-aubry-sur-cnews-20250630\" target=\"_blank\" data-fig-type=\"Article\" rel=\"noopener\" data-gtm-custom-categorie=\"navigation\" data-gtm-custom-action=\"crossclick\" data-gtm-custom-label=\"Contextuel\" data-gtm-event=\"customEventSPE\" data-fig-domain=\"TVMAG\">\u00abVous n\u2019avez pas honte\u00a0?\u00a0\u00bb\u00a0: \u00e9change tendu entre Sonia Mabrouk et Manon Aubry sur CNews<br \/>\n    <\/a>\n<\/p>\n<p class=\"fig-paragraph\">Le 23 juillet dernier, une colonie de vacances d\u2019un groupe de jeunes Fran\u00e7ais de confession juive en Espagne a \u00e9t\u00e9 d\u00e9barqu\u00e9e d\u2019un avion \u00e0 Valence. Si la colonie a port\u00e9 plainte pour \u00abviolences physiques, psychologiques et discriminations sur le fondement de la religion\u00bb, l\u2019avocate du groupe a temp\u00e9r\u00e9 l\u2019information\u00a0: \u00abTous ces enfants sont dans un groupe juif. Certains avaient des insignes religieux. \u00c0 ce stade, dire que c\u2019est un acte antis\u00e9mite me semble pr\u00e9matur\u00e9\u00bb.<\/p>\n<p class=\"fig-paragraph\">Interrog\u00e9e par le\u00a0<a href=\"https:\/\/www.leparisien.fr\/faits-divers\/enfants-discrimines-vueling-doit-sexcuser-le-stand-de-la-compagnie-a-orly-vise-par-une-action-coup-de-poing-27-07-2025-EMA5WBGCUVEQNJQCBH2Z7OGO3A.php\" target=\"_blank\" rel=\"noopener\" data-gtm-custom-categorie=\"navigation\" data-gtm-custom-action=\"crossclick\" data-gtm-custom-label=\"Contextuel\" data-gtm-event=\"customEventSPE\">Parisien<\/a>, la compagnie a\u00e9rienne en cause, Vueling a donn\u00e9 sa version des faits. Les adolescents auraient tent\u00e9 \u00abde lib\u00e9rer des gilets de sauvetage, de manipuler les masques \u00e0 oxyg\u00e8ne situ\u00e9s au plafond et de retirer une bouteille d\u2019oxyg\u00e8ne sous haute pression \u2013 ainsi qu\u2019une attitude de confrontation. (&#8230;) Apr\u00e8s analyse de la situation, le groupe a \u00e9t\u00e9 d\u00e9barqu\u00e9 afin de garantir la s\u00e9curit\u00e9 du reste des passagers\u00bb.<\/p>\n<p class=\"fig-paragraph\">L\u2019Arcom a depuis \u00e9t\u00e9 saisi par le collectif Sleeping Giants, un collectif de militants agissant sur les r\u00e9seaux sociaux. Cette affaire intervient huit mois apr\u00e8s l\u2019amende de 150.000 euros \u00e9cop\u00e9e par la cha\u00eene info pour \u00abdes propos inexacts\u00bb, sur l\u2019avortement et des parents d\u2019\u00e9l\u00e8ves musulmans dans \u00abMorandini Live\u00bb.<\/p>\n","protected":false},"excerpt":{"rendered":"Par Marine Cassan Le 29 juillet 2025 \u00e0 11h22 Anthony Favalli dans \u00abLa Matinale \u00e9t\u00e9\u00bb de CNews Capteure&hellip;\n","protected":false},"author":2,"featured_media":281604,"comment_status":"","ping_status":"","sticky":false,"template":"","format":"standard","meta":{"footnotes":""},"categories":[1356],"tags":[9722,58,59,842,1011,27,252,1364],"class_list":{"0":"post-281603","1":"post","2":"type-post","3":"status-publish","4":"format-standard","5":"has-post-thumbnail","7":"category-television","8":"tag-cnews","9":"tag-divertissement","10":"tag-entertainment","11":"tag-fake-news","12":"tag-fr","13":"tag-france","14":"tag-television","15":"tag-tv"},"share_on_mastodon":{"url":"https:\/\/pubeurope.com\/@fr\/114935881243986469","error":""},"_links":{"self":[{"href":"https:\/\/www.europesays.com\/fr\/wp-json\/wp\/v2\/posts\/281603","targetHints":{"allow":["GET"]}}],"collection":[{"href":"https:\/\/www.europesays.com\/fr\/wp-json\/wp\/v2\/posts"}],"about":[{"href":"https:\/\/www.europesays.com\/fr\/wp-json\/wp\/v2\/types\/post"}],"author":[{"embeddable":true,"href":"https:\/\/www.europesays.com\/fr\/wp-json\/wp\/v2\/users\/2"}],"replies":[{"embeddable":true,"href":"https:\/\/www.europesays.com\/fr\/wp-json\/wp\/v2\/comments?post=281603"}],"version-history":[{"count":0,"href":"https:\/\/www.europesays.com\/fr\/wp-json\/wp\/v2\/posts\/281603\/revisions"}],"wp:featuredmedia":[{"embeddable":true,"href":"https:\/\/www.europesays.com\/fr\/wp-json\/wp\/v2\/media\/281604"}],"wp:attachment":[{"href":"https:\/\/www.europesays.com\/fr\/wp-json\/wp\/v2\/media?parent=281603"}],"wp:term":[{"taxonomy":"category","embeddable":true,"href":"https:\/\/www.europesays.com\/fr\/wp-json\/wp\/v2\/categories?post=281603"},{"taxonomy":"post_tag","embeddable":true,"href":"https:\/\/www.europesays.com\/fr\/wp-json\/wp\/v2\/tags?post=281603"}],"curies":[{"name":"wp","href":"https:\/\/api.w.org\/{rel}","templated":true}]}}