{"id":281617,"date":"2025-07-29T09:51:12","date_gmt":"2025-07-29T09:51:12","guid":{"rendered":"https:\/\/www.europesays.com\/fr\/281617\/"},"modified":"2025-07-29T09:51:12","modified_gmt":"2025-07-29T09:51:12","slug":"la-faute-aux-compagnies-aeriennes-liberation","status":"publish","type":"post","link":"https:\/\/www.europesays.com\/fr\/281617\/","title":{"rendered":"la faute aux compagnies a\u00e9riennes \u2013 Lib\u00e9ration"},"content":{"rendered":"<p class=\"sc-ksZaOG ehjQrN text-element\">Le tour de passe-passe n\u2019est pas nouveau, a d\u00e9j\u00e0 fait l\u2019objet <a href=\"https:\/\/www.lindependant.fr\/2023\/04\/03\/elle-envoie-ses-bagages-et-tous-ses-colis-par-vinted-le-bon-plan-dune-etudiante-pour-faire-des-economies-devient-viral-11108986.php\" target=\"_blank\" rel=\"noopener\" title=\"https:\/\/www.lindependant.fr\/2023\/04\/03\/elle-envoie-ses-bagages-et-tous-ses-colis-par-vinted-le-bon-plan-dune-etudiante-pour-faire-des-economies-devient-viral-11108986.php\">d\u2019articles en 2023<\/a> : cette ann\u00e9e-l\u00e0, une \u00e9tudiante espagnole avait mis le feu \u00e0 TikTok en expliquant comment elle faisait des \u00e9conomies sur ses billets d\u2019avion en se faisant envoyer via Vinted sa valise, que sa m\u00e8re avait suppos\u00e9ment mise en vente. <a href=\"https:\/\/www.liberation.fr\/portraits\/milda-mitkute-confondatrice-de-vinted-baraka-fripes-20240503_G5MCAV4WGREWVHLT36P2KK6FH4\/\" target=\"_blank\" rel=\"noopener\" title=\"https:\/\/www.liberation.fr\/portraits\/milda-mitkute-confondatrice-de-vinted-baraka-fripes-20240503_G5MCAV4WGREWVHLT36P2KK6FH4\/\">La plateforme de vente de seconde main<\/a> avait condamn\u00e9 une pratique contraire \u00e0 son r\u00e8glement. Pas au point de d\u00e9mon\u00e9tiser le \u00abbon plan\u00bb, manifestement. Ce 27 juillet, <a href=\"https:\/\/www.leparisien.fr\/economie\/cest-du-genie-la-nouvelle-astuce-des-vacanciers-pour-eviter-les-frais-de-bagages-des-compagnies-aeriennes-27-07-2025-PXG5QT343VDSDEWO7YKILS6JX4.php?at_variant=photo&amp;at_creation=Le%20Parisien&amp;at_campaign=Partage%20Twitter%20CM&amp;at_medium=Social%20media\" target=\"_blank\" rel=\"noopener\" title=\"h &lt;div style=\" clear:=\"\" both=\"\"><\/p>\n","protected":false},"excerpt":{"rendered":"Le tour de passe-passe n\u2019est pas nouveau, a d\u00e9j\u00e0 fait l\u2019objet d\u2019articles en 2023 : cette ann\u00e9e-l\u00e0, une&hellip;\n","protected":false},"author":2,"featured_media":281618,"comment_status":"","ping_status":"","sticky":false,"template":"","format":"standard","meta":{"footnotes":""},"categories":[6],"tags":[663,42105,42106,42107,35,42108,33,34,674,1011,27,42109,662,16978,1393,42110,41843,42111,42112,19392,602,2803,2445,2292,8085,586,32139],"class_list":{"0":"post-281617","1":"post","2":"type-post","3":"status-publish","4":"format-standard","5":"has-post-thumbnail","7":"category-economie","8":"tag-aeroport","9":"tag-aeroport-de-paris-charles-de-gaulle","10":"tag-bagage","11":"tag-banlieue-parisienne","12":"tag-business","13":"tag-detail","14":"tag-economie","15":"tag-economy","16":"tag-europe","17":"tag-fr","18":"tag-france","19":"tag-gros-plan","20":"tag-ile-de-france","21":"tag-interieur","22":"tag-loisirs","23":"tag-meuble","24":"tag-objet","25":"tag-roissy-en-france","26":"tag-sans-personnage","27":"tag-tapis","28":"tag-tourisme","29":"tag-transport","30":"tag-transport-aerien","31":"tag-val-doise","32":"tag-valise","33":"tag-voyage","34":"tag-voyageur"},"share_on_mastodon":{"url":"https:\/\/pubeurope.com\/@fr\/114935908544898360","error":""},"_links":{"self":[{"href":"https:\/\/www.europesays.com\/fr\/wp-json\/wp\/v2\/posts\/281617","targetHints":{"allow":["GET"]}}],"collection":[{"href":"https:\/\/www.europesays.com\/fr\/wp-json\/wp\/v2\/posts"}],"about":[{"href":"https:\/\/www.europesays.com\/fr\/wp-json\/wp\/v2\/types\/post"}],"author":[{"embeddable":true,"href":"https:\/\/www.europesays.com\/fr\/wp-json\/wp\/v2\/users\/2"}],"replies":[{"embeddable":true,"href":"https:\/\/www.europesays.com\/fr\/wp-json\/wp\/v2\/comments?post=281617"}],"version-history":[{"count":0,"href":"https:\/\/www.europesays.com\/fr\/wp-json\/wp\/v2\/posts\/281617\/revisions"}],"wp:featuredmedia":[{"embeddable":true,"href":"https:\/\/www.europesays.com\/fr\/wp-json\/wp\/v2\/media\/281618"}],"wp:attachment":[{"href":"https:\/\/www.europesays.com\/fr\/wp-json\/wp\/v2\/media?parent=281617"}],"wp:term":[{"taxonomy":"category","embeddable":true,"href":"https:\/\/www.europesays.com\/fr\/wp-json\/wp\/v2\/categories?post=281617"},{"taxonomy":"post_tag","embeddable":true,"href":"https:\/\/www.europesays.com\/fr\/wp-json\/wp\/v2\/tags?post=281617"}],"curies":[{"name":"wp","href":"https:\/\/api.w.org\/{rel}","templated":true}]}}