{"id":281620,"date":"2025-07-29T09:53:11","date_gmt":"2025-07-29T09:53:11","guid":{"rendered":"https:\/\/www.europesays.com\/fr\/281620\/"},"modified":"2025-07-29T09:53:11","modified_gmt":"2025-07-29T09:53:11","slug":"secheresse-dans-les-alpes-maritimes-40-communes-passent-en-alerte-et-5-en-alerte-renforcee-voici-les-restrictions-deau-mises-en-place","status":"publish","type":"post","link":"https:\/\/www.europesays.com\/fr\/281620\/","title":{"rendered":"S\u00e9cheresse dans les Alpes-Maritimes: 40 communes passent en alerte et 5 en alerte renforc\u00e9e, voici les restrictions d&rsquo;eau mises en place"},"content":{"rendered":"<p>Les averses de la veille n&rsquo;ont pas suffi. Quarante communes des <strong>Alpes-Maritimes<\/strong> passent ce mardi 29 juillet 2025 en alerte <strong>s\u00e9cheresse<\/strong>, et cinq autres au stade suivant d&rsquo;alerte renforc\u00e9e.\u00a0<\/p>\n<p>\u00ab\u00a0Depuis le d\u00e9marrage de la saison estivale 2025, la nouvelle augmentation des pr\u00e9l\u00e8vements\u00a0et consommations exerce une pression sur la ressource en eau\u00a0\u00bb, signale le pr\u00e9fet Laurent Hottiaux dans un communiqu\u00e9.<\/p>\n<p>\u00ab\u00a0J&rsquo;appelle l&rsquo;ensemble des Maralpins, particuliers et professionnels, mais \u00e9galement les touristes, \u00e0 faire <strong>preuve de\u00a0civisme et de sobri\u00e9t\u00e9 dans leurs usages de l&rsquo;eau<\/strong> pour concilier les besoins de tous, tout en\u00a0pr\u00e9servant nos ressources et les milieux aquatiques.\u00a0\u00bb<\/p>\n<p><strong>Pourquoi passe-t-on en alerte s\u00e9cheresse?<\/strong><\/p>\n<p>Malgr\u00e9 la pluviom\u00e9trie importante de l&rsquo;ann\u00e9e derni\u00e8re, et le cumul l\u00e9g\u00e8rement exc\u00e9dentaire d&rsquo;environ 1.162mm pour une normale de 1.033mm entre le 1er septembre 2024 et le 21 juillet 2025, M\u00e9t\u00e9o-France rel\u00e8ve un <strong>d\u00e9ficit de pluie de quasiment 86% en juin <\/strong>et de pr\u00e8s de <strong>40% en juillet<\/strong>.<\/p>\n<p>Outre les niveaux des nappes superficielles et des cours d&rsquo;eau, inf\u00e9rieurs \u00e0 ceux de l&rsquo;ann\u00e9e derni\u00e8re, la <a href=\"https:\/\/www.nicematin.com\/a\/995403\" target=\"_blank\" rel=\"noopener\">p\u00e9riode de canicule<\/a> observ\u00e9e au d\u00e9but de l&rsquo;\u00e9t\u00e9 a contribu\u00e9 \u00e0 aggraver la situation.\u00a0<\/p>\n<p><strong>Quelles sont les communes concern\u00e9es?\u00a0<\/strong><\/p>\n<p>Le <strong>stade d&rsquo;alerte<\/strong> est d\u00e9clench\u00e9 pour les bassins versants:\u00a0<\/p>\n<p>&#8211; du Paillon (Bendejun, Berre-les-Alpes, Blausasc, Cantaron, Ch\u00e2teauneuf-Villevieille, Coaraze, Contes, Drap, l&rsquo;Escar\u00e8ne, Luc\u00e9ram, Peille, Peillon, Tou\u00ebt-de-l&rsquo;Escar\u00e8ne);<\/p>\n<p>&#8211; de la Brague (Antibes, Biot);<\/p>\n<p>&#8211;\u00a0de la Siagne amont (Bar-sur-Loup, Cabris, Ch\u00e2teauneuf-de-Grasse, Escragnolles, Grasse, Gourdon, La Roquette-sur-Siagne, Le\u00a0Tignet, Le Rouret, Opio, Peymeinade, Saint-Vallier-de-Thiey, Saint-C\u00e9zaire-sur-Siagne,\u00a0Sp\u00e9rac\u00e8des,\u00a0Valbonne);<\/p>\n<p>&#8211;\u00a0de la Siagne aval (Auribeau-sur-Siagne, Cannes, La Roquette-sur-Siagne, Le\u00a0Cannet, Mandelieu-la-Napoule, Mouans-Sartoux, Mougins, P\u00e9gomas, Th\u00e9oule-sur-Mer, Vallauris).\u00a0<\/p>\n<p>Le stade d&rsquo;<strong>alerte renforc\u00e9e<\/strong>\u00a0concerne cinq communes du bassin versant de la Cagne: Cagnes-sur-Mer, La Gaude, Saint-Jeannet, Saint-Paul-de-Vence et Vence.\u00a0<\/p>\n<p>Les autres bassins versants des Alpes-Maritimes restent en \u00e9tat de vigilance, sans restriction d&rsquo;eau.\u00a0<\/p>\n<p>                                <strong>Quelles sont les restrictions d&rsquo;eau mises en place?<\/strong><\/p>\n<p>Pour les quarante communes du d\u00e9partement plac\u00e9es en alerte, les mesures suivantes s&rsquo;appliquent d\u00e8s ce mardi:\u00a0<\/p>\n<p>&#8211; interdiction d&rsquo;<strong>arroser<\/strong> les pelouses, massifs fleuris, espaces verts et jardins potagers entre 8h et 20h;<\/p>\n<p>&#8211; interdiction des <strong>jeux d&rsquo;eau<\/strong>;\u00a0<\/p>\n<p>&#8211; interdiction de <strong>remplir et vidanger les piscines non collectives<\/strong>, la mise \u00e0 niveau reste autoris\u00e9e;\u00a0<\/p>\n<p>&#8211; fermeture des <strong>fontaines<\/strong>, \u00e0 l&rsquo;exception de celles fonctionnant en circuit ferm\u00e9 ou \u00e0 l&rsquo;aide d&rsquo;un bouton poussoir;\u00a0<\/p>\n<p>&#8211; interdiction de <strong>laver son v\u00e9hicule \u00e0 domicile<\/strong> et limitation des programmes pour les stations de lavage automobile ne disposant pas d&rsquo;un syst\u00e8me de recyclage \u00e0 plus de 70%;<\/p>\n<p>&#8211; interdiction de <strong>laver les engins nautiques<\/strong>, sauf pour les professionnels utilisant du mat\u00e9riel haute pression et un syst\u00e8me de recyclage de l&rsquo;eau;\u00a0<\/p>\n<p>&#8211; pour les professionnels: interdiction d&rsquo;<strong>irriguer<\/strong> en gravitaire de 9h \u00e0 19h et r\u00e9duction de 20% des\u00a0consommations ou pr\u00e9l\u00e8vements;<\/p>\n<p>&#8211; pour les <strong>golfs<\/strong>: interdiction d&rsquo;arroser de 8h \u00e0 20h et r\u00e9duction de 20% des pr\u00e9l\u00e8vements et consommations d&rsquo;eau;\u00a0<\/p>\n<p>&#8211; pour les usages industriels hors ICPE: r\u00e9duction de 20% des pr\u00e9l\u00e8vements journaliers d&rsquo;eau et des consommations.\u00a0<\/p>\n<p>En plus de ces mesures, les cinq communes en alerte renforc\u00e9e sont \u00e9galement concern\u00e9es par:\u00a0<\/p>\n<p>&#8211; l&rsquo;interdiction d&rsquo;arroser les espaces verts, \u00e0 l&rsquo;exception des arbres et arbustes de moins de trois ans avant 8h et apr\u00e8s 20h;\u00a0<\/p>\n<p>&#8211; la fermeture des <strong>douches de plage<\/strong>, sauf sur les handiplages.\u00a0<\/p>\n<p>Des \u00ab\u00a0<strong>contr\u00f4les<\/strong>\u00a0\u00bb seront diligent\u00e9s sur le terrain par les \u00ab\u00a0agents habilit\u00e9s\u00a0\u00bb, pr\u00e9cise la pr\u00e9fecture des Alpes-Maritimes.\u00a0<\/p>\n","protected":false},"excerpt":{"rendered":"Les averses de la veille n&rsquo;ont pas suffi. Quarante communes des Alpes-Maritimes passent ce mardi 29 juillet 2025&hellip;\n","protected":false},"author":2,"featured_media":281621,"comment_status":"","ping_status":"","sticky":false,"template":"","format":"standard","meta":{"footnotes":""},"categories":[4],"tags":[11,1129,1011,27,12,25],"class_list":{"0":"post-281620","1":"post","2":"type-post","3":"status-publish","4":"format-standard","5":"has-post-thumbnail","7":"category-france","8":"tag-actualites","9":"tag-climat","10":"tag-fr","11":"tag-france","12":"tag-news","13":"tag-republique-francaise"},"share_on_mastodon":{"url":"https:\/\/pubeurope.com\/@fr\/114935916391090467","error":""},"_links":{"self":[{"href":"https:\/\/www.europesays.com\/fr\/wp-json\/wp\/v2\/posts\/281620","targetHints":{"allow":["GET"]}}],"collection":[{"href":"https:\/\/www.europesays.com\/fr\/wp-json\/wp\/v2\/posts"}],"about":[{"href":"https:\/\/www.europesays.com\/fr\/wp-json\/wp\/v2\/types\/post"}],"author":[{"embeddable":true,"href":"https:\/\/www.europesays.com\/fr\/wp-json\/wp\/v2\/users\/2"}],"replies":[{"embeddable":true,"href":"https:\/\/www.europesays.com\/fr\/wp-json\/wp\/v2\/comments?post=281620"}],"version-history":[{"count":0,"href":"https:\/\/www.europesays.com\/fr\/wp-json\/wp\/v2\/posts\/281620\/revisions"}],"wp:featuredmedia":[{"embeddable":true,"href":"https:\/\/www.europesays.com\/fr\/wp-json\/wp\/v2\/media\/281621"}],"wp:attachment":[{"href":"https:\/\/www.europesays.com\/fr\/wp-json\/wp\/v2\/media?parent=281620"}],"wp:term":[{"taxonomy":"category","embeddable":true,"href":"https:\/\/www.europesays.com\/fr\/wp-json\/wp\/v2\/categories?post=281620"},{"taxonomy":"post_tag","embeddable":true,"href":"https:\/\/www.europesays.com\/fr\/wp-json\/wp\/v2\/tags?post=281620"}],"curies":[{"name":"wp","href":"https:\/\/api.w.org\/{rel}","templated":true}]}}