{"id":281624,"date":"2025-07-29T09:55:09","date_gmt":"2025-07-29T09:55:09","guid":{"rendered":"https:\/\/www.europesays.com\/fr\/281624\/"},"modified":"2025-07-29T09:55:09","modified_gmt":"2025-07-29T09:55:09","slug":"loire-apres-des-mois-de-travaux-la-piscine-de-cette-ville-rouvre-cet-ete","status":"publish","type":"post","link":"https:\/\/www.europesays.com\/fr\/281624\/","title":{"rendered":"Loire. Apr\u00e8s des mois de travaux, la piscine de cette ville rouvre cet \u00e9t\u00e9"},"content":{"rendered":"<p>            Par<br \/>\n        <strong><br \/>\n            <a href=\"https:\/\/actu.fr\/auteur\/mathias-souteyrat\" title=\"Consulter tous les articles de Mathias Souteyrat\" target=\"_blank\" rel=\"noopener\">Mathias Souteyrat<\/a><br \/>\n        <\/strong><\/p>\n<p>        Publi\u00e9 le<\/p>\n<p>            29 juil. 2025 \u00e0 11h38        <\/p>\n<p>Ferm\u00e9e le 20\u00a0octobre 2024, la piscine municipale Andr\u00e9 Wogenscky de <a href=\"https:\/\/actu.fr\/auvergne-rhone-alpes\/firminy_42095\" target=\"_blank\" rel=\"noopener\">Firminy<\/a> (Loire), pr\u00e8s de <a href=\"https:\/\/actu.fr\/saint-etienne\/\" target=\"_blank\" rel=\"noopener\">Saint-\u00c9tienne<\/a>, va de nouveau pouvoir accueillir les nageurs.<\/p>\n<p class=\" wall-content\">La r\u00e9ouverture des bassins est annonc\u00e9e pour le mardi 5\u00a0ao\u00fbt 2025, \u00ab\u2009apr\u00e8s plusieurs mois de travaux structurels\u2009\u00bb, pr\u00e9cise la municipalit\u00e9 dans un communiqu\u00e9.<\/p>\n<p>R\u00e9novation de la toiture et de la structure<\/p>\n<p class=\" wall-content\">Voici ce qui a chang\u00e9\u2009:<\/p>\n<ul class=\" wall-content\">\n<li>R\u00e9novation de la toiture\u2009: remplacement des \u00e9l\u00e9ments endommag\u00e9s pour garantir l\u2019\u00e9tanch\u00e9it\u00e9 et la durabilit\u00e9 de la structure.<\/li>\n<li>Reprise structurelle\u2009: renforcement des parties affaiblies du toit pour assurer la s\u00e9curit\u00e9 et la stabilit\u00e9 du b\u00e2timent.<\/li>\n<li>Am\u00e9lioration \u00e9nerg\u00e9tique\u2009: isolation thermique du toit pour r\u00e9duire les pertes de chaleur et am\u00e9liorer la performance \u00e9nerg\u00e9tique.<\/li>\n<\/ul>\n<p class=\" wall-content\">Pour am\u00e9liorer l\u2019esth\u00e9tique et le confort des usagers, d\u2019autres travaux ont \u00e9t\u00e9 effectu\u00e9s\u2009:<\/p>\n<ul class=\" wall-content\">\n<li>Rafra\u00eechissement des murs et espaces int\u00e9rieurs pour offrir un cadre plus accueillant et moderne.<\/li>\n<li>Modernisation des installations.<\/li>\n<\/ul>\n<blockquote class=\"ac-article-quote wall-content\">\n<p>Ces travaux \u00e9taient essentiels pour pr\u00e9server le b\u00e2timent, am\u00e9liorer sa performance \u00e9nerg\u00e9tique et r\u00e9pondre aux normes environnementales actuelles.<\/p>\n<p>    <strong>Ville de Firminy<\/strong>\n            <\/p><\/blockquote>\n<p>Un bassin de 25\u00a0m\u00e8tres avec six lignes d\u2019eau<\/p>\n<p class=\" wall-content\">Pour rappel, la piscine Wogenscky poss\u00e8de un bassin de 25\u00a0m\u00e8tres <strong>avec six lignes d\u2019eau<\/strong>, fosse \u00e0 plongeon, bassin ludique, pataugeoire et toboggan.<\/p>\n<p class=\" wall-content\">De plus, l\u2019\u00e9tablissement dispose d\u2019un espace remise en forme avec des appareils de cardio-training, un jacuzzi, un hammam et un sauna.<\/p>\n<p>Horaires d\u2019ouverture \u00e0 partir du 5 ao\u00fbt\u2009: Lundi\u2009: ferm\u00e9 \u2013 Mardi \/ Jeudi \/ Samedi\u2009: 12h-18h \u2013 Mercredi \/ Vendredi\u2009: 12h-17h \/ 18h-20h \u2013 Dimanche\u2009: ferm\u00e9<\/p>\n<p>Infos pratiques\u2009: Pensez \u00e0 vous munir de votre maillot de bain, bonnet obligatoire et d\u2019une serviette. Pour des raisons de s\u00e9curit\u00e9, l\u2019acc\u00e8s aux enfants de moins de 12\u00a0ans est accept\u00e9 uniquement en pr\u00e9sence d\u2019un adulte.<\/p>\n<p class=\" wall-content\">Suivez toute l\u2019actualit\u00e9 de vos villes et m\u00e9dias favoris en vous inscrivant \u00e0 <a href=\"https:\/\/moncompte.actu.fr\" title=\"D\u00e9couvez Mon Actu\" rel=\"nofollow noopener\" data-trk=\"{&quot;cta&quot;:{&quot;action&quot;:&quot;https:\\\/\\\/moncompte.actu.fr&quot;,&quot;category&quot;:&quot;mon compte&quot;,&quot;from&quot;:&quot;article footer&quot;,&quot;name&quot;:&quot;Mon actu&quot;,&quot;type&quot;:&quot;cta&quot;}}\" target=\"_blank\">Mon Actu<\/a>.<\/p>\n<ul class=\"ac-article-tag wall-content\">\n<li><a href=\"https:\/\/actu.fr\/tag\/travaux\" data-trk=\"{&quot;cta&quot;:{&quot;action&quot;:&quot;Travaux&quot;,&quot;category&quot;:&quot;tag&quot;,&quot;from&quot;:&quot;article footer&quot;,&quot;name&quot;:&quot;Travaux&quot;,&quot;type&quot;:&quot;cta&quot;}}\" target=\"_blank\" rel=\"noopener\">#Travaux<\/a><\/li>\n<li><a href=\"https:\/\/actu.fr\/tag\/vacances-scolaires\" data-trk=\"{&quot;cta&quot;:{&quot;action&quot;:&quot;Vacances scolaires&quot;,&quot;category&quot;:&quot;tag&quot;,&quot;from&quot;:&quot;article footer&quot;,&quot;name&quot;:&quot;Vacances scolaires&quot;,&quot;type&quot;:&quot;cta&quot;}}\" target=\"_blank\" rel=\"noopener\">#Vacances scolaires<\/a><\/li>\n<\/ul>\n","protected":false},"excerpt":{"rendered":"Par Mathias Souteyrat Publi\u00e9 le 29 juil. 2025 \u00e0 11h38 Ferm\u00e9e le 20\u00a0octobre 2024, la piscine municipale Andr\u00e9&hellip;\n","protected":false},"author":2,"featured_media":281625,"comment_status":"","ping_status":"","sticky":false,"template":"","format":"standard","meta":{"footnotes":""},"categories":[9653],"tags":[1111,11,2430,1777,674,1011,27,12,25,4001,104,2086,3176],"class_list":{"0":"post-281624","1":"post","2":"type-post","3":"status-publish","4":"format-standard","5":"has-post-thumbnail","7":"category-saint-etienne","8":"tag-actu","9":"tag-actualites","10":"tag-auvergne-rhone-alpes","11":"tag-eu","12":"tag-europe","13":"tag-fr","14":"tag-france","15":"tag-news","16":"tag-republique-francaise","17":"tag-saint-etienne","18":"tag-societe","19":"tag-travaux","20":"tag-vacances-scolaires"},"share_on_mastodon":{"url":"https:\/\/pubeurope.com\/@fr\/114935924270909105","error":""},"_links":{"self":[{"href":"https:\/\/www.europesays.com\/fr\/wp-json\/wp\/v2\/posts\/281624","targetHints":{"allow":["GET"]}}],"collection":[{"href":"https:\/\/www.europesays.com\/fr\/wp-json\/wp\/v2\/posts"}],"about":[{"href":"https:\/\/www.europesays.com\/fr\/wp-json\/wp\/v2\/types\/post"}],"author":[{"embeddable":true,"href":"https:\/\/www.europesays.com\/fr\/wp-json\/wp\/v2\/users\/2"}],"replies":[{"embeddable":true,"href":"https:\/\/www.europesays.com\/fr\/wp-json\/wp\/v2\/comments?post=281624"}],"version-history":[{"count":0,"href":"https:\/\/www.europesays.com\/fr\/wp-json\/wp\/v2\/posts\/281624\/revisions"}],"wp:featuredmedia":[{"embeddable":true,"href":"https:\/\/www.europesays.com\/fr\/wp-json\/wp\/v2\/media\/281625"}],"wp:attachment":[{"href":"https:\/\/www.europesays.com\/fr\/wp-json\/wp\/v2\/media?parent=281624"}],"wp:term":[{"taxonomy":"category","embeddable":true,"href":"https:\/\/www.europesays.com\/fr\/wp-json\/wp\/v2\/categories?post=281624"},{"taxonomy":"post_tag","embeddable":true,"href":"https:\/\/www.europesays.com\/fr\/wp-json\/wp\/v2\/tags?post=281624"}],"curies":[{"name":"wp","href":"https:\/\/api.w.org\/{rel}","templated":true}]}}