{"id":281649,"date":"2025-07-29T10:09:15","date_gmt":"2025-07-29T10:09:15","guid":{"rendered":"https:\/\/www.europesays.com\/fr\/281649\/"},"modified":"2025-07-29T10:09:15","modified_gmt":"2025-07-29T10:09:15","slug":"une-fuite-de-gaz-provoque-levacuation-de-59-enfants-dun-centre-periscolaire","status":"publish","type":"post","link":"https:\/\/www.europesays.com\/fr\/281649\/","title":{"rendered":"une fuite de gaz provoque l&rsquo;\u00e9vacuation de 59 enfants d&rsquo;un centre p\u00e9riscolaire"},"content":{"rendered":"<p>            Par<br \/>\n        <strong><br \/>\n            <a href=\"https:\/\/actu.fr\/auteur\/ivan-capecchi\" title=\"Consulter tous les articles de Ivan CAPECCHI\" rel=\"nofollow noopener\" target=\"_blank\">Ivan CAPECCHI<\/a><br \/>\n        <\/strong><\/p>\n<p>        Publi\u00e9 le<\/p>\n<p>            29 juil. 2025 \u00e0 11h39        <\/p>\n<p>Ce mardi matin \u00e0 <strong>Achenheim (Bas-Rhin)<\/strong>, 75 personnes, dont <strong>59 enfants<\/strong> accueillis au sein d\u2019un centre p\u00e9riscolaire, ont d\u00fb \u00eatre <strong>\u00e9vacu\u00e9s<\/strong> apr\u00e8s une <strong>fuite de gaz<\/strong>.<\/p>\n<p>Fuite de gaz sur la voie publique<\/p>\n<p class=\" wall-content\">D\u2019apr\u00e8s les <a href=\"https:\/\/actu.fr\/tag\/pompiers\" rel=\"nofollow noopener\" target=\"_blank\">pompiers<\/a>, la fuite de gaz a eu lieu sur la voie publique, au niveau de la <strong>route de Strasbourg<\/strong>.<\/p>\n<p class=\" wall-content\">Toujours selon les secours, elle a \u00e9t\u00e9 \u00ab\u00a0cons\u00e9cutive \u00e0 des <a href=\"https:\/\/actu.fr\/tag\/travaux\" rel=\"nofollow noopener\" target=\"_blank\">travaux<\/a> sur la chauss\u00e9e\u00a0\u00bb. \u00ab\u00a0<strong>Une tractopelle\u00a0avait endommag\u00e9 une canalisation<\/strong>\u00ab\u00a0, pr\u00e9cisent-ils.<\/p>\n<p>Intervention de GRDF<\/p>\n<p class=\" wall-content\">GRDF, principal op\u00e9rateur du r\u00e9seau de distribution de gaz naturel en France, a proc\u00e9d\u00e9 \u00e0 <strong>l\u2019\u00e9crasement de la canalisation endommag\u00e9e<\/strong>.<\/p>\n<p class=\" wall-content\">Trois habitants d\u00fb \u00eatre <strong>confin\u00e9s<\/strong> pendant la dur\u00e9e des op\u00e9rations.<\/p>\n<p class=\" wall-content\">Suivez toute l\u2019actualit\u00e9 de vos villes et m\u00e9dias favoris en vous inscrivant \u00e0 <a href=\"https:\/\/moncompte.actu.fr\" title=\"D\u00e9couvez Mon Actu\" rel=\"nofollow noopener\" data-trk=\"{&quot;cta&quot;:{&quot;action&quot;:&quot;https:\\\/\\\/moncompte.actu.fr&quot;,&quot;category&quot;:&quot;mon compte&quot;,&quot;from&quot;:&quot;article footer&quot;,&quot;name&quot;:&quot;Mon actu&quot;,&quot;type&quot;:&quot;cta&quot;}}\" target=\"_blank\">Mon Actu<\/a>.<\/p>\n","protected":false},"excerpt":{"rendered":"Par Ivan CAPECCHI Publi\u00e9 le 29 juil. 2025 \u00e0 11h39 Ce mardi matin \u00e0 Achenheim (Bas-Rhin), 75 personnes,&hellip;\n","protected":false},"author":2,"featured_media":281650,"comment_status":"","ping_status":"","sticky":false,"template":"","format":"standard","meta":{"footnotes":""},"categories":[2820],"tags":[1111,11,1777,674,118,1011,27,775,12,25,640,2086],"class_list":{"0":"post-281649","1":"post","2":"type-post","3":"status-publish","4":"format-standard","5":"has-post-thumbnail","7":"category-strasbourg","8":"tag-actu","9":"tag-actualites","10":"tag-eu","11":"tag-europe","12":"tag-faits-divers","13":"tag-fr","14":"tag-france","15":"tag-grand-est","16":"tag-news","17":"tag-republique-francaise","18":"tag-strasbourg","19":"tag-travaux"},"share_on_mastodon":{"url":"https:\/\/pubeurope.com\/@fr\/114935979332376156","error":""},"_links":{"self":[{"href":"https:\/\/www.europesays.com\/fr\/wp-json\/wp\/v2\/posts\/281649","targetHints":{"allow":["GET"]}}],"collection":[{"href":"https:\/\/www.europesays.com\/fr\/wp-json\/wp\/v2\/posts"}],"about":[{"href":"https:\/\/www.europesays.com\/fr\/wp-json\/wp\/v2\/types\/post"}],"author":[{"embeddable":true,"href":"https:\/\/www.europesays.com\/fr\/wp-json\/wp\/v2\/users\/2"}],"replies":[{"embeddable":true,"href":"https:\/\/www.europesays.com\/fr\/wp-json\/wp\/v2\/comments?post=281649"}],"version-history":[{"count":0,"href":"https:\/\/www.europesays.com\/fr\/wp-json\/wp\/v2\/posts\/281649\/revisions"}],"wp:featuredmedia":[{"embeddable":true,"href":"https:\/\/www.europesays.com\/fr\/wp-json\/wp\/v2\/media\/281650"}],"wp:attachment":[{"href":"https:\/\/www.europesays.com\/fr\/wp-json\/wp\/v2\/media?parent=281649"}],"wp:term":[{"taxonomy":"category","embeddable":true,"href":"https:\/\/www.europesays.com\/fr\/wp-json\/wp\/v2\/categories?post=281649"},{"taxonomy":"post_tag","embeddable":true,"href":"https:\/\/www.europesays.com\/fr\/wp-json\/wp\/v2\/tags?post=281649"}],"curies":[{"name":"wp","href":"https:\/\/api.w.org\/{rel}","templated":true}]}}