{"id":281651,"date":"2025-07-29T10:10:09","date_gmt":"2025-07-29T10:10:09","guid":{"rendered":"https:\/\/www.europesays.com\/fr\/281651\/"},"modified":"2025-07-29T10:10:09","modified_gmt":"2025-07-29T10:10:09","slug":"le-temps-mediocre-va-persister-jusqua-mardi-prochain-au-moins","status":"publish","type":"post","link":"https:\/\/www.europesays.com\/fr\/281651\/","title":{"rendered":"Le temps m\u00e9diocre va persister jusqu&rsquo;\u00e0 mardi prochain au moins"},"content":{"rendered":"<p>            Par<br \/>\n        <strong><br \/>\n            <a href=\"https:\/\/actu.fr\/auteur\/ivan-capecchi\" title=\"Consulter tous les articles de Ivan CAPECCHI\" target=\"_blank\" rel=\"noopener\">Ivan CAPECCHI<\/a><br \/>\n        <\/strong><\/p>\n<p>        Publi\u00e9 le<\/p>\n<p>            29 juil. 2025 \u00e0 12h04        <\/p>\n<p>Bien que des mod\u00e8les pr\u00e9disent le <a href=\"https:\/\/actu.fr\/meteo\/vers-un-retour-des-fortes-chaleurs-et-du-soleil-partout-en-france-en-aout-ce-que-disent-les-modeles-meteo_62968110.html\" target=\"_blank\" rel=\"noopener\">retour d\u2019un temps plus estival en ao\u00fbt<\/a>, particuli\u00e8rement apr\u00e8s le 8 ao\u00fbt, \u00ab\u00a0le <strong>temps m\u00e9diocre<\/strong> va persister jusqu\u2019\u00e0 mardi ou mercredi prochains\u00a0\u00bb \u00e0 <strong>Strasbourg<\/strong>, pr\u00e9vient Christophe Mertz, m\u00e9t\u00e9orologue chez <a href=\"https:\/\/atmo-risk.fr\/\" target=\"_blank\" rel=\"noopener\">Atmo-Risk<\/a>.<\/p>\n<p class=\" wall-content\">Voici le d\u00e9tail des pr\u00e9visions.<\/p>\n<p>De la pluie \u00e0 pr\u00e9voir ces prochains jours<\/p>\n<p class=\" wall-content\">Pour ce mardi et ce mercredi, il faut s\u2019attendre \u00e0 un \u00ab\u00a0<strong>ciel souvent variable, entre \u00e9claircies et nuages, avec assez peu d\u2019averses<\/strong>\u00ab\u00a0.<\/p>\n<blockquote class=\"ac-article-quote wall-content\">\n<p>Entre jeudi et samedi, les nuages seront fr\u00e9quents voire auront souvent l\u2019avantage. Des averses \u00e0 nouveau un peu plus fr\u00e9quentes sont \u00e0 pr\u00e9voir vendredi et samedi. Il y aura peut-\u00eatre une accalmie dimanche, puis de nouveau de la pluie ou des averses lundi.<\/p>\n<p>    <strong>Christophe Mertz<\/strong><br \/>\n        M\u00e9t\u00e9orologue chez Atmo-Risk    <\/p><\/blockquote>\n<p class=\" wall-content\">\u00ab\u00a0Les <strong>temp\u00e9ratures resteront stationnaires<\/strong>, <strong>sous les normales de saison<\/strong> avec 20 \u00e0 23\u00b0C en g\u00e9n\u00e9ral les apr\u00e8s-midis, et 14-15\u00b0C les matins\u00a0\u00bb, compl\u00e8te le sp\u00e9cialiste.<\/p>\n<p>Possible retour d\u2019une m\u00e9t\u00e9o plus cl\u00e9mente ensuite<\/p>\n<p class=\" wall-content\">Pour ce qui est des pr\u00e9visions \u00e0 plus long terme, M. Mertz se montre prudent : \u00ab\u00a0Au-del\u00e0 de 10 jours, <strong>la fiabilit\u00e9 n\u2019est pas au rendez-vous.<\/strong>\u00ab\u00a0<\/p>\n<p class=\" wall-content\">\u00c0 peine se risque-t-il \u00e0 dire que \u00ab\u00a0la tendance majoritaire va en effet <strong>vers le retour de conditions plus anticycloniques<\/strong> ensuite, donc une <strong>am\u00e9lioration possible et une hausse du mercure<\/strong>\u00ab\u00a0.<\/p>\n<p class=\" wall-content\">Suivez toute l\u2019actualit\u00e9 de vos villes et m\u00e9dias favoris en vous inscrivant \u00e0 <a href=\"https:\/\/moncompte.actu.fr\" title=\"D\u00e9couvez Mon Actu\" rel=\"nofollow noopener\" data-trk=\"{&quot;cta&quot;:{&quot;action&quot;:&quot;https:\\\/\\\/moncompte.actu.fr&quot;,&quot;category&quot;:&quot;mon compte&quot;,&quot;from&quot;:&quot;article footer&quot;,&quot;name&quot;:&quot;Mon actu&quot;,&quot;type&quot;:&quot;cta&quot;}}\" target=\"_blank\">Mon Actu<\/a>.<\/p>\n","protected":false},"excerpt":{"rendered":"Par Ivan CAPECCHI Publi\u00e9 le 29 juil. 2025 \u00e0 12h04 Bien que des mod\u00e8les pr\u00e9disent le retour d\u2019un&hellip;\n","protected":false},"author":2,"featured_media":281652,"comment_status":"","ping_status":"","sticky":false,"template":"","format":"standard","meta":{"footnotes":""},"categories":[2820],"tags":[1111,11,1777,674,1011,27,775,2487,2357,12,4459,25,640],"class_list":{"0":"post-281651","1":"post","2":"type-post","3":"status-publish","4":"format-standard","5":"has-post-thumbnail","7":"category-strasbourg","8":"tag-actu","9":"tag-actualites","10":"tag-eu","11":"tag-europe","12":"tag-fr","13":"tag-france","14":"tag-grand-est","15":"tag-meteo","16":"tag-meteo-france","17":"tag-news","18":"tag-pluie","19":"tag-republique-francaise","20":"tag-strasbourg"},"share_on_mastodon":{"url":"https:\/\/pubeurope.com\/@fr\/114935983246055279","error":""},"_links":{"self":[{"href":"https:\/\/www.europesays.com\/fr\/wp-json\/wp\/v2\/posts\/281651","targetHints":{"allow":["GET"]}}],"collection":[{"href":"https:\/\/www.europesays.com\/fr\/wp-json\/wp\/v2\/posts"}],"about":[{"href":"https:\/\/www.europesays.com\/fr\/wp-json\/wp\/v2\/types\/post"}],"author":[{"embeddable":true,"href":"https:\/\/www.europesays.com\/fr\/wp-json\/wp\/v2\/users\/2"}],"replies":[{"embeddable":true,"href":"https:\/\/www.europesays.com\/fr\/wp-json\/wp\/v2\/comments?post=281651"}],"version-history":[{"count":0,"href":"https:\/\/www.europesays.com\/fr\/wp-json\/wp\/v2\/posts\/281651\/revisions"}],"wp:featuredmedia":[{"embeddable":true,"href":"https:\/\/www.europesays.com\/fr\/wp-json\/wp\/v2\/media\/281652"}],"wp:attachment":[{"href":"https:\/\/www.europesays.com\/fr\/wp-json\/wp\/v2\/media?parent=281651"}],"wp:term":[{"taxonomy":"category","embeddable":true,"href":"https:\/\/www.europesays.com\/fr\/wp-json\/wp\/v2\/categories?post=281651"},{"taxonomy":"post_tag","embeddable":true,"href":"https:\/\/www.europesays.com\/fr\/wp-json\/wp\/v2\/tags?post=281651"}],"curies":[{"name":"wp","href":"https:\/\/api.w.org\/{rel}","templated":true}]}}