{"id":281653,"date":"2025-07-29T10:11:12","date_gmt":"2025-07-29T10:11:12","guid":{"rendered":"https:\/\/www.europesays.com\/fr\/281653\/"},"modified":"2025-07-29T10:11:12","modified_gmt":"2025-07-29T10:11:12","slug":"une-tortue-luth-retrouvee-morte-flottant-dans-la-rade-de-villefranche","status":"publish","type":"post","link":"https:\/\/www.europesays.com\/fr\/281653\/","title":{"rendered":"Une tortue luth retrouv\u00e9e morte flottant dans la rade de Villefranche"},"content":{"rendered":"<p>              <img ci-src=\"https:\/\/www.nicematin.com\/environnement\/protec\/DATA_ART_15989630-UTIrGwfQ.jpg?vh=b37518&amp;ci_seal=dee8f265e0\" alt=\"\"\/><br \/>\n        Plus grosse esp\u00e8ce des sept vari\u00e9t\u00e9s de tortues marines, son poids peut all\u00e8grement d\u00e9passer les 300kg. <strong>Jean-Michel Grosgogeat.<\/strong> <\/p>\n<p>Triste d\u00e9couverte ce mardi matin <b>en rade de Villefranche-sur-Mer<\/b>. Des plaisanciers sont tomb\u00e9s sur <b>une tortue luth flottant \u00e0 la surface<\/b>, au niveau de la batterie des Deux-Ribes, \u00e0 quelques encablures seulement du rivage.<\/p>\n<p>Malheureusement l\u2019animal \u00e9tait mort. Cette d\u00e9couverte n\u2019en est pas moins exceptionnelle. <b\/>, confie Eric Duli\u00e8re, le pr\u00e9sident d\u2019Anao, l\u2019association de plongeurs arch\u00e9ologues amateurs qui chaque ann\u00e9e fouille les fonds de la rade.<\/p>\n<p>Plus grosse esp\u00e8ce de tortue<\/p>\n<p>La tortue luth est en effet une r\u00e9miniscence de la Pr\u00e9histoire. Plus grosse esp\u00e8ce des sept vari\u00e9t\u00e9s de tortues marines, <b>son poids peut all\u00e8grement d\u00e9passer les 300kg<\/b>. Celle retrouv\u00e9e dans la rade ce mardi matin n\u2019a pas encore \u00e9t\u00e9 pes\u00e9e.<\/p>\n<p>Une d\u00e9couverte que l\u2019on doit au fils de l\u2019ancien maire de la commune, Jean-Michel Grosgogeat.<\/p>\n","protected":false},"excerpt":{"rendered":"Plus grosse esp\u00e8ce des sept vari\u00e9t\u00e9s de tortues marines, son poids peut all\u00e8grement d\u00e9passer les 300kg. Jean-Michel Grosgogeat.&hellip;\n","protected":false},"author":2,"featured_media":281654,"comment_status":"","ping_status":"","sticky":false,"template":"","format":"standard","meta":{"footnotes":""},"categories":[2819],"tags":[1111,11,436,1777,674,1011,27,12,2401,882,25],"class_list":{"0":"post-281653","1":"post","2":"type-post","3":"status-publish","4":"format-standard","5":"has-post-thumbnail","7":"category-nice","8":"tag-actu","9":"tag-actualites","10":"tag-environnement","11":"tag-eu","12":"tag-europe","13":"tag-fr","14":"tag-france","15":"tag-news","16":"tag-nice","17":"tag-provence-alpes-cote-dazur","18":"tag-republique-francaise"},"share_on_mastodon":{"url":"https:\/\/pubeurope.com\/@fr\/114935987231579467","error":""},"_links":{"self":[{"href":"https:\/\/www.europesays.com\/fr\/wp-json\/wp\/v2\/posts\/281653","targetHints":{"allow":["GET"]}}],"collection":[{"href":"https:\/\/www.europesays.com\/fr\/wp-json\/wp\/v2\/posts"}],"about":[{"href":"https:\/\/www.europesays.com\/fr\/wp-json\/wp\/v2\/types\/post"}],"author":[{"embeddable":true,"href":"https:\/\/www.europesays.com\/fr\/wp-json\/wp\/v2\/users\/2"}],"replies":[{"embeddable":true,"href":"https:\/\/www.europesays.com\/fr\/wp-json\/wp\/v2\/comments?post=281653"}],"version-history":[{"count":0,"href":"https:\/\/www.europesays.com\/fr\/wp-json\/wp\/v2\/posts\/281653\/revisions"}],"wp:featuredmedia":[{"embeddable":true,"href":"https:\/\/www.europesays.com\/fr\/wp-json\/wp\/v2\/media\/281654"}],"wp:attachment":[{"href":"https:\/\/www.europesays.com\/fr\/wp-json\/wp\/v2\/media?parent=281653"}],"wp:term":[{"taxonomy":"category","embeddable":true,"href":"https:\/\/www.europesays.com\/fr\/wp-json\/wp\/v2\/categories?post=281653"},{"taxonomy":"post_tag","embeddable":true,"href":"https:\/\/www.europesays.com\/fr\/wp-json\/wp\/v2\/tags?post=281653"}],"curies":[{"name":"wp","href":"https:\/\/api.w.org\/{rel}","templated":true}]}}