{"id":281655,"date":"2025-07-29T10:12:12","date_gmt":"2025-07-29T10:12:12","guid":{"rendered":"https:\/\/www.europesays.com\/fr\/281655\/"},"modified":"2025-07-29T10:12:12","modified_gmt":"2025-07-29T10:12:12","slug":"china-moses-a-la-tv-sur-m6-a-loccasion-du-nice-jazz-festival","status":"publish","type":"post","link":"https:\/\/www.europesays.com\/fr\/281655\/","title":{"rendered":"China Moses \u00e0 la TV sur M6 \u00e0 l&rsquo;occasion du Nice Jazz Festival !"},"content":{"rendered":"<p data-start=\"69\" data-end=\"470\">C\u2019est <strong data-start=\"75\" data-end=\"105\">une v\u00e9ritable cons\u00e9cration<\/strong> pour <strong data-start=\"111\" data-end=\"126\">China Moses<\/strong>, grande voix du jazz contemporain. \u00c0 <strong data-start=\"164\" data-end=\"174\">47 ans<\/strong>, l&rsquo;artiste <strong data-start=\"186\" data-end=\"207\">n\u00e9e \u00e0 Los Angeles<\/strong> continue de faire vibrer les sc\u00e8nes europ\u00e9ennes avec sa musique riche, puissante et \u00e9motive. <a href=\"https:\/\/www.jazzradio.fr\/news\/musique\/41584\/china-moses-intense-et-sublime-dans-son-tout-nouveau-clip-it-s-okay-i-m-not-alone\" target=\"_blank\" rel=\"noopener\">Alors qu&rsquo;elle a r\u00e9cemment d\u00e9voil\u00e9 son <strong data-start=\"339\" data-end=\"358\">magnifique clip<\/strong> \u00ab\u00a0It&rsquo;s Okay (I&rsquo;m Not Alone)\u00a0\u00bb,<\/a> elle encha\u00eene actuellement les dates dans les plus grands <strong data-start=\"448\" data-end=\"469\">festivals de jazz<\/strong>.<\/p>\n<p data-start=\"472\" data-end=\"776\"><a href=\"https:\/\/www.jazzradio.fr\/news\/soiree\/41630\/jazz-a-sete-pour-ses-30-ans-le-festival-met-les-petits-plats-dans-les-grands\" target=\"_blank\" rel=\"noopener\">Pr\u00e9sente au <strong data-start=\"484\" data-end=\"508\">festival Jazz \u00e0 S\u00e8te<\/strong>, qui s\u2019est tenu du <strong data-start=\"528\" data-end=\"548\">15 au 21 juillet<\/strong><\/a>, <strong data-start=\"550\" data-end=\"565\">China Moses<\/strong> a \u00e9galement enflamm\u00e9 le prestigieux <strong data-start=\"602\" data-end=\"624\">Nice Jazz Festival<\/strong>, du <strong data-start=\"629\" data-end=\"649\">24 au 27 juillet<\/strong>. Mais cette tourn\u00e9e estivale a pris une dimension encore plus forte gr\u00e2ce \u00e0 un passage remarqu\u00e9 \u00e0 la <strong data-start=\"751\" data-end=\"775\">t\u00e9l\u00e9vision nationale<\/strong>.<\/p>\n<p data-start=\"778\" data-end=\"1029\">La chanteuse a en effet \u00e9t\u00e9 <strong data-start=\"806\" data-end=\"828\">interview\u00e9e sur M6<\/strong>, dans le cadre du <strong data-start=\"847\" data-end=\"868\">journal \u00ab\u00a0Le 1945\u00a0\u00bb<\/strong>, \u00e0 l&rsquo;occasion de son concert ni\u00e7ois. Une <strong data-start=\"910\" data-end=\"929\">visibilit\u00e9 rare<\/strong> pour une artiste de jazz, que China a salu\u00e9e avec beaucoup d\u2019\u00e9motion sur <strong data-start=\"1003\" data-end=\"1027\">son compte Instagram<\/strong> :<\/p>\n<blockquote data-start=\"1031\" data-end=\"1619\"><p>&#13;<\/p>\n<p data-start=\"1033\" data-end=\"1619\">\u00ab\u00a0Si on m\u2019avait dit que le journal viendrait au Nice Jazz Fest faire un sujet sur mon concert et mon nouvel album\u2026 Je ne l\u2019aurais pas cru. Et tant qu\u2019artiste ce n\u2019est pas \u00e9vident d\u2019avoir acc\u00e8s aux m\u00e9dias nationaux. Il y a tr\u00e8s peu de place pour la culture en g\u00e9n\u00e9ral et bien s\u00fbr c\u2019est dommage \u2013 it is what it is \u2013 donc en tant qu\u2019<strong data-start=\"1363\" data-end=\"1386\">artiste-productrice<\/strong>, j\u2019\u00e9tais \u00e9mue quand on m\u2019a propos\u00e9 de discuter avec <strong data-start=\"1439\" data-end=\"1458\">Nils et Olivier<\/strong>. Ils \u00e9taient <strong data-start=\"1472\" data-end=\"1489\">bienveillants<\/strong> et vraiment int\u00e9ress\u00e9s par ma musique et mes propos. Je ne prends absolument pas \u00e0 la l\u00e9g\u00e8re cet <strong data-start=\"1587\" data-end=\"1616\">espace qui m\u2019a \u00e9t\u00e9 offert<\/strong>.\u00a0\u00bb<\/p>\n<p>&#13;\n<\/p><\/blockquote>\n<p data-start=\"1621\" data-end=\"1949\" data-is-last-node=\"\" data-is-only-node=\"\">Ce moment fort marque <strong data-start=\"1643\" data-end=\"1684\">une \u00e9tape importante dans la carri\u00e8re<\/strong> de China Moses, qui m\u00eale avec \u00e9l\u00e9gance engagement, ind\u00e9pendance artistique et passion du jazz. Un bel hommage rendu \u00e0 une artiste singuli\u00e8re, qui continue de faire rayonner la <strong data-start=\"1861\" data-end=\"1877\">musique jazz<\/strong> sur toutes les sc\u00e8nes \u2013 et d\u00e9sormais, sur les <strong data-start=\"1924\" data-end=\"1948\">\u00e9crans de t\u00e9l\u00e9vision<\/strong>.<\/p>\n<blockquote class=\"instagram-media\" style=\"background: #FFF; border: 0; border-radius: 3px; box-shadow: 0 0 1px 0 rgba(0,0,0,0.5),0 1px 10px 0 rgba(0,0,0,0.15); margin: 1px; max-width: 540px; min-width: 326px; padding: 0; width: calc(100% - 2px);\" data-instgrm-captioned=\"\" data-instgrm-permalink=\"https:\/\/www.instagram.com\/reel\/DMm06zUNicq\/?utm_source=ig_embed&amp;utm_campaign=loading\" data-instgrm-version=\"14\"><p>&#13;<br \/>\n&#13;\n<\/p><\/blockquote>\n<p>\t\t\t\t\t\t\t\t\t\t\t\t\t\t\t\t\t\t\t<script async src=\"\/\/www.instagram.com\/embed.js\"><\/script><\/p>\n","protected":false},"excerpt":{"rendered":"C\u2019est une v\u00e9ritable cons\u00e9cration pour China Moses, grande voix du jazz contemporain. \u00c0 47 ans, l&rsquo;artiste n\u00e9e \u00e0&hellip;\n","protected":false},"author":2,"featured_media":281656,"comment_status":"","ping_status":"","sticky":false,"template":"","format":"standard","meta":{"footnotes":""},"categories":[2819],"tags":[1111,11,19272,19271,8784,3526,903,11500,1777,674,1011,27,3620,19274,6910,19269,330,19278,19277,19275,1361,873,19276,12,2401,19273,3551,882,1825,19270,25,1858,15457,3610,11714,3655],"class_list":{"0":"post-281655","1":"post","2":"type-post","3":"status-publish","4":"format-standard","5":"has-post-thumbnail","7":"category-nice","8":"tag-actu","9":"tag-actualites","10":"tag-black-music","11":"tag-blues","12":"tag-classic","13":"tag-classique","14":"tag-concours","15":"tag-electro","16":"tag-eu","17":"tag-europe","18":"tag-fr","19":"tag-france","20":"tag-funk","21":"tag-gospel","22":"tag-jazz","23":"tag-jazz-radio","24":"tag-jeux","25":"tag-latin","26":"tag-lounge","27":"tag-manouche","28":"tag-music","29":"tag-musique","30":"tag-new-orleans","31":"tag-news","32":"tag-nice","33":"tag-prog","34":"tag-programmation","35":"tag-provence-alpes-cote-dazur","36":"tag-radio","37":"tag-radio-jazz","38":"tag-republique-francaise","39":"tag-services","40":"tag-sexy","41":"tag-soul","42":"tag-swing","43":"tag-webradio"},"share_on_mastodon":{"url":"https:\/\/pubeurope.com\/@fr\/114935991083730901","error":""},"_links":{"self":[{"href":"https:\/\/www.europesays.com\/fr\/wp-json\/wp\/v2\/posts\/281655","targetHints":{"allow":["GET"]}}],"collection":[{"href":"https:\/\/www.europesays.com\/fr\/wp-json\/wp\/v2\/posts"}],"about":[{"href":"https:\/\/www.europesays.com\/fr\/wp-json\/wp\/v2\/types\/post"}],"author":[{"embeddable":true,"href":"https:\/\/www.europesays.com\/fr\/wp-json\/wp\/v2\/users\/2"}],"replies":[{"embeddable":true,"href":"https:\/\/www.europesays.com\/fr\/wp-json\/wp\/v2\/comments?post=281655"}],"version-history":[{"count":0,"href":"https:\/\/www.europesays.com\/fr\/wp-json\/wp\/v2\/posts\/281655\/revisions"}],"wp:featuredmedia":[{"embeddable":true,"href":"https:\/\/www.europesays.com\/fr\/wp-json\/wp\/v2\/media\/281656"}],"wp:attachment":[{"href":"https:\/\/www.europesays.com\/fr\/wp-json\/wp\/v2\/media?parent=281655"}],"wp:term":[{"taxonomy":"category","embeddable":true,"href":"https:\/\/www.europesays.com\/fr\/wp-json\/wp\/v2\/categories?post=281655"},{"taxonomy":"post_tag","embeddable":true,"href":"https:\/\/www.europesays.com\/fr\/wp-json\/wp\/v2\/tags?post=281655"}],"curies":[{"name":"wp","href":"https:\/\/api.w.org\/{rel}","templated":true}]}}