{"id":281667,"date":"2025-07-29T10:18:16","date_gmt":"2025-07-29T10:18:16","guid":{"rendered":"https:\/\/www.europesays.com\/fr\/281667\/"},"modified":"2025-07-29T10:18:16","modified_gmt":"2025-07-29T10:18:16","slug":"pourquoi-des-stations-velotoulouse-sont-inaccessibles-ce-mardi-204-bornes-a-larret-la-galere-des-usagers","status":"publish","type":"post","link":"https:\/\/www.europesays.com\/fr\/281667\/","title":{"rendered":"Pourquoi des stations V\u00e9l\u00f4Toulouse sont inaccessibles ce mardi ? 204 bornes \u00e0 l&rsquo;arr\u00eat, la gal\u00e8re des usagers"},"content":{"rendered":"<p>            Par<br \/>\n        <strong><br \/>\n            <a href=\"https:\/\/actu.fr\/auteur\/nina-hossein-zadeh\" title=\"Consulter tous les articles de Nina Hossein-Zadeh\" rel=\"nofollow noopener\" target=\"_blank\">Nina Hossein-Zadeh<\/a><br \/>\n        <\/strong><\/p>\n<p>        Publi\u00e9 le<\/p>\n<p>            29 juil. 2025 \u00e0 12h09        <\/p>\n<p>\u00ab\u2009Il y a plein de stations de <a href=\"https:\/\/actu.fr\/occitanie\/toulouse_31555\/velo-toulouse-cinq-choses-a-savoir-sur-l-arrivee-des-velos-electriques-et-pas-que_61517810.html\" rel=\"nofollow noopener\" target=\"_blank\"><strong>V\u00e9l\u00d4Toulouse<\/strong><\/a> qui sont inaccessibles ce matin. J\u2019ai voulu en prendre un, et je me suis fait avoir\u2009\u00bb, confie une habitante de <a href=\"https:\/\/actu.fr\/toulouse\/\" rel=\"nofollow noopener\" target=\"_blank\"><strong>Toulouse<\/strong><\/a> \u00e0 Actu Toulouse ce mardi 29\u00a0juillet 2025. Depuis quelques heures,<strong> de nombreuses bornes \u00e0 v\u00e9lo <\/strong>ne sont<strong>\u00a0pas disponibles sur l\u2019application<\/strong> des v\u00e9los en libre-service de la Ville rose. Les usagers ne peuvent en effet pas emprunter ce moyen de locomotion de plus en plus pl\u00e9biscit\u00e9 dans la Ville rose. Voici ce qu\u2019il se passe.<\/p>\n<p>L\u2019op\u00e9rateur Vodafone en panne<\/p>\n<p class=\" wall-content\">Sur l\u2019application V\u00e9l\u00d4Toulouse, une note d\u2019information a \u00e9t\u00e9 communiqu\u00e9e aux utilisateurs <strong>peu apr\u00e8s 10\u00a0heures du matin.<\/strong> On y d\u00e9couvre que le service est perturb\u00e9 en raison d\u2019un souci technique chez l\u2019op\u00e9rateur.<\/p>\n<p class=\" wall-content\">\u00ab\u2009<strong>Un incident chez l\u2019op\u00e9rateur Vodafone perturbe actuellement l\u2019acc\u00e8s au service.<\/strong> Nos \u00e9quipes sont pleinement mobilis\u00e9es pour le r\u00e9soudre au plus vite\u2009\u00bb, peut-on lire.<\/p>\n<p class=\" wall-content\">Contact\u00e9e par Actu Toulouse, Tiss\u00e9o confirme la situation : \u00ab\u2009Un probl\u00e8me de<strong> connexion \u00e9lectrique\u2009\u00bb<\/strong> emp\u00eache le bon fonctionnement des stations V\u00e9l\u00d4Toulouse. <strong>Sur les 400 bornes, 204 sont \u00ab\u2009d\u00e9connect\u00e9es\u2009\u00bb.<\/strong><\/p>\n<blockquote class=\"ac-article-quote wall-content\">\n<p>JC Decaux met tout en \u0153uvre pour r\u00e9gler le probl\u00e8me.<\/p>\n<p>    <strong>Tiss\u00e9o<\/strong>\n            <\/p><\/blockquote>\n<p>Une grande quantit\u00e9 de quartiers concern\u00e9s<\/p>\n<p class=\" wall-content\">Sur la carte interactive de l\u2019application qui permet de trouver les diff\u00e9rentes bornes et le nombre de v\u00e9los disponibles, plusieurs sont agr\u00e9ment\u00e9es d\u2019un logo de panne r\u00e9seau.<\/p>\n<p class=\" wall-content\">En centre-ville,<strong> les all\u00e9es Jean-Jaur\u00e8s, ou encore le Boulevard Lazare Carnot <\/strong>sont par exemple concern\u00e9s, ainsi que le Boulevard de Strasbourg.<\/p>\n<p class=\" wall-content\">Plusieurs quartiers sont touch\u00e9s comme la <strong>Roseraie, Borderouge, Barri\u00e8re de Paris, les Minimes, Patte d\u2019Oie <\/strong>et <strong>Saint-Cyprien<\/strong>, <strong>Bagatelle<\/strong> ou encore <strong>La Reynerie<\/strong>.<\/p>\n<p>    <img   decoding=\"async\" loading=\"lazy\" src=\"https:\/\/www.europesays.com\/fr\/wp-content\/uploads\/2025\/07\/img-4228-960x640.png\" alt=\"Les stations indisponibles en r\u00e9seau d'un incident sur l'op\u00e9rateur Vodafone sont repr\u00e9sent\u00e9es par un logo de panne r\u00e9seau.\" width=\"960\" height=\"640\"\/><br \/>\n    Les stations indisponibles en r\u00e9seau d\u2019un incident sur l\u2019op\u00e9rateur Vodafone sont repr\u00e9sent\u00e9es par un logo de panne r\u00e9seau. (\u00a9Capture d\u2019\u00e9cran application V\u00e9l\u00d4Toulouse)\u00ab\u2009Les utilisateurs ne seront pas factur\u00e9s\u2009\u00bb<\/p>\n<p class=\" wall-content\">En centre-ville,<strong> les v\u00e9los se font donc tr\u00e8s rares<\/strong> ce mardi 29\u00a0juillet 2025 dans la matin\u00e9e. Il semble compliqu\u00e9 de circuler avec les v\u00e9los mis \u00e0 disposition par Tiss\u00e9o, mais pas que.<\/p>\n<p class=\" wall-content\">Lorsque les utilisateurs ram\u00e8nent leur v\u00e9lo en borne, \u00ab\u2009l\u2019application indique qu\u2019il n\u2019a <strong>pas \u00e9t\u00e9 raccord\u00e9\u2009\u00bb.<\/strong> Pas de panique, \u00ab\u2009les utilisateurs ne seront <strong>pas factur\u00e9s\u2009\u00bb,<\/strong> rassure Tiss\u00e9o.<\/p>\n<p class=\" wall-content\">Suivez toute l\u2019actualit\u00e9 de vos villes et m\u00e9dias favoris en vous inscrivant \u00e0 <a href=\"https:\/\/moncompte.actu.fr\" title=\"D\u00e9couvez Mon Actu\" rel=\"nofollow noopener\" data-trk=\"{&quot;cta&quot;:{&quot;action&quot;:&quot;https:\\\/\\\/moncompte.actu.fr&quot;,&quot;category&quot;:&quot;mon compte&quot;,&quot;from&quot;:&quot;article footer&quot;,&quot;name&quot;:&quot;Mon actu&quot;,&quot;type&quot;:&quot;cta&quot;}}\" target=\"_blank\">Mon Actu<\/a>.<\/p>\n","protected":false},"excerpt":{"rendered":"Par Nina Hossein-Zadeh Publi\u00e9 le 29 juil. 2025 \u00e0 12h09 \u00ab\u2009Il y a plein de stations de V\u00e9l\u00d4Toulouse&hellip;\n","protected":false},"author":2,"featured_media":281668,"comment_status":"","ping_status":"","sticky":false,"template":"","format":"standard","meta":{"footnotes":""},"categories":[2816],"tags":[1111,11,1777,674,1011,27,12,2680,25,104,5400,2312],"class_list":{"0":"post-281667","1":"post","2":"type-post","3":"status-publish","4":"format-standard","5":"has-post-thumbnail","7":"category-toulouse","8":"tag-actu","9":"tag-actualites","10":"tag-eu","11":"tag-europe","12":"tag-fr","13":"tag-france","14":"tag-news","15":"tag-occitanie","16":"tag-republique-francaise","17":"tag-societe","18":"tag-tisseo","19":"tag-toulouse"},"share_on_mastodon":{"url":"https:\/\/pubeurope.com\/@fr\/114936014632024812","error":""},"_links":{"self":[{"href":"https:\/\/www.europesays.com\/fr\/wp-json\/wp\/v2\/posts\/281667","targetHints":{"allow":["GET"]}}],"collection":[{"href":"https:\/\/www.europesays.com\/fr\/wp-json\/wp\/v2\/posts"}],"about":[{"href":"https:\/\/www.europesays.com\/fr\/wp-json\/wp\/v2\/types\/post"}],"author":[{"embeddable":true,"href":"https:\/\/www.europesays.com\/fr\/wp-json\/wp\/v2\/users\/2"}],"replies":[{"embeddable":true,"href":"https:\/\/www.europesays.com\/fr\/wp-json\/wp\/v2\/comments?post=281667"}],"version-history":[{"count":0,"href":"https:\/\/www.europesays.com\/fr\/wp-json\/wp\/v2\/posts\/281667\/revisions"}],"wp:featuredmedia":[{"embeddable":true,"href":"https:\/\/www.europesays.com\/fr\/wp-json\/wp\/v2\/media\/281668"}],"wp:attachment":[{"href":"https:\/\/www.europesays.com\/fr\/wp-json\/wp\/v2\/media?parent=281667"}],"wp:term":[{"taxonomy":"category","embeddable":true,"href":"https:\/\/www.europesays.com\/fr\/wp-json\/wp\/v2\/categories?post=281667"},{"taxonomy":"post_tag","embeddable":true,"href":"https:\/\/www.europesays.com\/fr\/wp-json\/wp\/v2\/tags?post=281667"}],"curies":[{"name":"wp","href":"https:\/\/api.w.org\/{rel}","templated":true}]}}