{"id":281669,"date":"2025-07-29T10:20:10","date_gmt":"2025-07-29T10:20:10","guid":{"rendered":"https:\/\/www.europesays.com\/fr\/281669\/"},"modified":"2025-07-29T10:20:10","modified_gmt":"2025-07-29T10:20:10","slug":"un-garcon-de-15-ans-prend-des-risques-pour-echapper-a-la-police-en-vain","status":"publish","type":"post","link":"https:\/\/www.europesays.com\/fr\/281669\/","title":{"rendered":"un gar\u00e7on de 15 ans prend des risques pour \u00e9chapper \u00e0 la police, en vain"},"content":{"rendered":"<p>            Par<br \/>\n        <strong><br \/>\n            <a href=\"https:\/\/actu.fr\/auteur\/margot-nicodeme\" title=\"Consulter tous les articles de Margot Nicod\u00e8me\" rel=\"nofollow noopener\" target=\"_blank\">Margot Nicod\u00e8me<\/a><br \/>\n        <\/strong><\/p>\n<p>        Publi\u00e9 le<\/p>\n<p>            29 juil. 2025 \u00e0 12h11        <\/p>\n<p>Un<b>\u00a0mineur<\/b> s\u2019est rendu coupable d\u2019un <a href=\"https:\/\/actu.fr\/hauts-de-france\/lille_59350\/lille-la-police-met-fin-a-un-refus-dobtemperer-et-enchaine-les-decouvertes-compromettantes_62333747.html\" rel=\"nofollow noopener\" target=\"_blank\"><b>refus d\u2019obtemp\u00e9rer<\/b><\/a>, au guidon de sa <b>trottinette<\/b>, le 25 juillet 2025. Il est vu, au milieu de l\u2019apr\u00e8s-midi, <b>franchir un feu rouge<\/b> par la police nationale, qui effectuait une patrouille, \u00e0 proximit\u00e9 du <a href=\"https:\/\/actu.fr\/hauts-de-france\/lille_59350\/lille-deux-marques-iconiques-reviennent-en-force-a-westfield-euralille-dans-des-boutiques-xxl_62882866.html\" rel=\"nofollow noopener\" target=\"_blank\">quartier Euralille<\/a>. Alors que les fonctionnaires veulent le contr\u00f4ler, il prend la fuite. <b>Il n\u2019est \u00e2g\u00e9 que de 15 ans<\/b>.<\/p>\n<p>\u00c2g\u00e9 de 15 ans, il emprunte des rues \u00e0 contresens avec sa trottinette pour fuir la police<\/p>\n<p class=\" wall-content\">L\u2019adolescent fait des embard\u00e9es pour semer la police, et prend tous les risques, notamment celui d\u2019emprunter des rues \u00e0 contresens. Il finit par arr\u00eater sa course, et jette sa trottinette sur le trottoir. Il n\u2019ira pas bien loin \u00e0 pied : les agents le rattrapent et l\u2019interpellent.<\/p>\n<p class=\" wall-content\">Le mineur a \u00e9t\u00e9 plac\u00e9 en garde \u00e0 vue.<\/p>\n<p class=\" wall-content\">Suivez toute l\u2019actualit\u00e9 de vos villes et m\u00e9dias favoris en vous inscrivant \u00e0 <a href=\"https:\/\/moncompte.actu.fr\" title=\"D\u00e9couvez Mon Actu\" rel=\"nofollow noopener\" data-trk=\"{&quot;cta&quot;:{&quot;action&quot;:&quot;https:\\\/\\\/moncompte.actu.fr&quot;,&quot;category&quot;:&quot;mon compte&quot;,&quot;from&quot;:&quot;article footer&quot;,&quot;name&quot;:&quot;Mon actu&quot;,&quot;type&quot;:&quot;cta&quot;}}\" target=\"_blank\">Mon Actu<\/a>.<\/p>\n<ul class=\"ac-article-tag wall-content\">\n<li><a href=\"https:\/\/actu.fr\/tag\/police\" data-trk=\"{&quot;cta&quot;:{&quot;action&quot;:&quot;Police&quot;,&quot;category&quot;:&quot;tag&quot;,&quot;from&quot;:&quot;article footer&quot;,&quot;name&quot;:&quot;Police&quot;,&quot;type&quot;:&quot;cta&quot;}}\" rel=\"nofollow noopener\" target=\"_blank\">#Police<\/a><\/li>\n<li><a href=\"https:\/\/actu.fr\/tag\/trottinette-electrique\" data-trk=\"{&quot;cta&quot;:{&quot;action&quot;:&quot;Trottinette \\u00e9lectrique&quot;,&quot;category&quot;:&quot;tag&quot;,&quot;from&quot;:&quot;article footer&quot;,&quot;name&quot;:&quot;Trottinette \\u00e9lectrique&quot;,&quot;type&quot;:&quot;cta&quot;}}\" rel=\"nofollow noopener\" target=\"_blank\">#Trottinette \u00e9lectrique<\/a><\/li>\n<\/ul>\n","protected":false},"excerpt":{"rendered":"Par Margot Nicod\u00e8me Publi\u00e9 le 29 juil. 2025 \u00e0 12h11 Un\u00a0mineur s\u2019est rendu coupable d\u2019un refus d\u2019obtemp\u00e9rer, au&hellip;\n","protected":false},"author":2,"featured_media":281670,"comment_status":"","ping_status":"","sticky":false,"template":"","format":"standard","meta":{"footnotes":""},"categories":[2815],"tags":[1111,11,1777,674,118,1011,27,811,1307,12,1072,25,6960],"class_list":{"0":"post-281669","1":"post","2":"type-post","3":"status-publish","4":"format-standard","5":"has-post-thumbnail","7":"category-lille","8":"tag-actu","9":"tag-actualites","10":"tag-eu","11":"tag-europe","12":"tag-faits-divers","13":"tag-fr","14":"tag-france","15":"tag-hauts-de-france","16":"tag-lille","17":"tag-news","18":"tag-police","19":"tag-republique-francaise","20":"tag-trottinette-electrique"},"share_on_mastodon":{"url":"https:\/\/pubeurope.com\/@fr\/114936022532718898","error":""},"_links":{"self":[{"href":"https:\/\/www.europesays.com\/fr\/wp-json\/wp\/v2\/posts\/281669","targetHints":{"allow":["GET"]}}],"collection":[{"href":"https:\/\/www.europesays.com\/fr\/wp-json\/wp\/v2\/posts"}],"about":[{"href":"https:\/\/www.europesays.com\/fr\/wp-json\/wp\/v2\/types\/post"}],"author":[{"embeddable":true,"href":"https:\/\/www.europesays.com\/fr\/wp-json\/wp\/v2\/users\/2"}],"replies":[{"embeddable":true,"href":"https:\/\/www.europesays.com\/fr\/wp-json\/wp\/v2\/comments?post=281669"}],"version-history":[{"count":0,"href":"https:\/\/www.europesays.com\/fr\/wp-json\/wp\/v2\/posts\/281669\/revisions"}],"wp:featuredmedia":[{"embeddable":true,"href":"https:\/\/www.europesays.com\/fr\/wp-json\/wp\/v2\/media\/281670"}],"wp:attachment":[{"href":"https:\/\/www.europesays.com\/fr\/wp-json\/wp\/v2\/media?parent=281669"}],"wp:term":[{"taxonomy":"category","embeddable":true,"href":"https:\/\/www.europesays.com\/fr\/wp-json\/wp\/v2\/categories?post=281669"},{"taxonomy":"post_tag","embeddable":true,"href":"https:\/\/www.europesays.com\/fr\/wp-json\/wp\/v2\/tags?post=281669"}],"curies":[{"name":"wp","href":"https:\/\/api.w.org\/{rel}","templated":true}]}}