{"id":281673,"date":"2025-07-29T10:22:13","date_gmt":"2025-07-29T10:22:13","guid":{"rendered":"https:\/\/www.europesays.com\/fr\/281673\/"},"modified":"2025-07-29T10:22:13","modified_gmt":"2025-07-29T10:22:13","slug":"olympique-de-marseille-la-delirante-rumeur-de-la-venue-de-neymar-prend-de-lampleur","status":"publish","type":"post","link":"https:\/\/www.europesays.com\/fr\/281673\/","title":{"rendered":"Olympique de Marseille. La d\u00e9lirante rumeur de la venue de Neymar prend de l&rsquo;ampleur"},"content":{"rendered":"<p>            Par<br \/>\n        <strong><br \/>\n            <a href=\"https:\/\/actu.fr\/auteur\/thomas-blanc\" title=\"Consulter tous les articles de Thomas Blanc\" target=\"_blank\" rel=\"noopener\">Thomas Blanc<\/a><br \/>\n        <\/strong><\/p>\n<p>        Publi\u00e9 le<\/p>\n<p>            29 juil. 2025 \u00e0 12h13        <\/p>\n<p>Un ancien parisien \u00e0 l\u2019<a href=\"https:\/\/actu.fr\/tag\/olympique-de-marseille-om\" target=\"_blank\" rel=\"noopener\">Olympique de Marseille<\/a>\u2009? La r\u00e9cente aventure entre le club phoc\u00e9en et <a href=\"https:\/\/actu.fr\/tag\/adrien-rabiot\" target=\"_blank\" rel=\"noopener\">Adrien Rabiot<\/a> montre que cela peut r\u00e9ussir, et m\u00eame tr\u00e8s bien. La mauvaise relation entre <a href=\"https:\/\/actu.fr\/tag\/neymar\" target=\"_blank\" rel=\"noopener\">Neymar<\/a> et les supporters de son club formateur, <strong>Santos<\/strong>, qu\u2019il a retrouv\u00e9 fin janvier\u00a02025 \u00e0 S\u00e3o Paulo au Br\u00e9sil, pourrait pr\u00e9cipiter le d\u00e9part du joueur qui ciblerait la <a href=\"https:\/\/actu.fr\/sports\/football\/ligue-1\" target=\"_blank\" rel=\"noopener\">Ligue\u00a01<\/a> comme porte d\u2019entr\u00e9e en Europe.<\/p>\n<p>Une d\u00e9cision contrainte par un incident<\/p>\n<p class=\" wall-content\">Ce sont les m\u00e9dias sud-am\u00e9ricains qui ont allum\u00e9 la m\u00e8che. Un journal argentin a publi\u00e9 dans la soir\u00e9e du lundi 29\u00a0juillet <a href=\"https:\/\/www.tycsports.com\/futbol-internacional\/se-va-santos-neymar-negocia-olympique-marsella-eterno-rival-psg-id676484.html\" target=\"_blank\" rel=\"noopener\">un article<\/a> faisant \u00e9tat de <strong>n\u00e9gociations entre l\u2019OM et Neymar<\/strong>.<\/p>\n<p class=\" wall-content\">Le mauvais classement de son club au Br\u00e9sil et les critiques des supporters de la star br\u00e9silienne sur \u00ab\u2009ses performances sur le terrain et certaines de ses actions en dehors\u2009\u00bb d\u2019apr\u00e8s Tyc Sports, m\u00e9dia argentin \u00e0 l\u2019origine de l\u2019information. Parmi les griefs reproch\u00e9s \u00e0 Neymar se trouve <strong>une altercation verbale<\/strong> avec un supporter \u00e0 la fin d\u2019un match le 24\u00a0juillet.<\/p>\n<p class=\" wall-content\">\n<p class=\" wall-content\">Cette situation le pousserait \u00e0 <strong>revenir en Europe<\/strong> o\u00f9 il a d\u00e9j\u00e0 jou\u00e9 pour le FC Barcelone et le <a href=\"https:\/\/actu.fr\/tag\/paris-saint-germain-psg\" target=\"_blank\" rel=\"noopener\">Paris Saint-Germain<\/a>, \u00e9quipe pour laquelle il a pris part \u00e0 plus de <strong>200 matchs<\/strong> afin d\u2019apaiser les tensions.<\/p>\n<p>Une rumeur plus qu\u2019une information<\/p>\n<p class=\" wall-content\">Pour ce faire, le joueur de 33\u00a0ans tablerait sur l\u2019Olympique de Marseille, dont la <strong>qualification pour la Ligue des Champions<\/strong> 2025-2026 \u00ab\u2009pourrait \u00eatre une option int\u00e9ressante dans la perspective de la Coupe du monde de l\u2019ann\u00e9e prochaine\u2009\u00bb toujours selon Tyc Sports et placerait l\u2019OM en favori pour accueillir le joueur.<\/p>\n<p class=\" wall-content\">L\u2019information plus que surprenante fait le tour des m\u00e9dias fran\u00e7ais ce mardi 29\u00a0juillet mais n\u2019a, pour l\u2019heure, \u00e9t\u00e9 confirm\u00e9e d\u2019aucun m\u00e9dia br\u00e9silien proche de Santos et encore moins par l\u2019entourage du joueur, plut\u00f4t muet depuis l\u2019incident avec un supporter du club \u00e0 l\u2019origine des tensions. L\u2019Olympique de Marseille n\u2019a \u00e9galement pas pris la parole \u00e0 ce sujet.<\/p>\n<p class=\" wall-content\">Suivez toute l\u2019actualit\u00e9 de vos villes et m\u00e9dias favoris en vous inscrivant \u00e0 <a href=\"https:\/\/moncompte.actu.fr\" title=\"D\u00e9couvez Mon Actu\" rel=\"nofollow noopener\" data-trk=\"{&quot;cta&quot;:{&quot;action&quot;:&quot;https:\\\/\\\/moncompte.actu.fr&quot;,&quot;category&quot;:&quot;mon compte&quot;,&quot;from&quot;:&quot;article footer&quot;,&quot;name&quot;:&quot;Mon actu&quot;,&quot;type&quot;:&quot;cta&quot;}}\" target=\"_blank\">Mon Actu<\/a>.<\/p>\n","protected":false},"excerpt":{"rendered":"Par Thomas Blanc Publi\u00e9 le 29 juil. 2025 \u00e0 12h13 Un ancien parisien \u00e0 l\u2019Olympique de Marseille\u2009? La&hellip;\n","protected":false},"author":2,"featured_media":281674,"comment_status":"","ping_status":"","sticky":false,"template":"","format":"standard","meta":{"footnotes":""},"categories":[2814],"tags":[1111,11,1777,674,1011,27,884,12,23921,2333,2332,882,25,104],"class_list":{"0":"post-281673","1":"post","2":"type-post","3":"status-publish","4":"format-standard","5":"has-post-thumbnail","7":"category-marseille","8":"tag-actu","9":"tag-actualites","10":"tag-eu","11":"tag-europe","12":"tag-fr","13":"tag-france","14":"tag-marseille","15":"tag-news","16":"tag-neymar","17":"tag-olympique-de-marseille-om","18":"tag-paris-saint-germain-psg","19":"tag-provence-alpes-cote-dazur","20":"tag-republique-francaise","21":"tag-societe"},"share_on_mastodon":{"url":"https:\/\/pubeurope.com\/@fr\/114936030399382511","error":""},"_links":{"self":[{"href":"https:\/\/www.europesays.com\/fr\/wp-json\/wp\/v2\/posts\/281673","targetHints":{"allow":["GET"]}}],"collection":[{"href":"https:\/\/www.europesays.com\/fr\/wp-json\/wp\/v2\/posts"}],"about":[{"href":"https:\/\/www.europesays.com\/fr\/wp-json\/wp\/v2\/types\/post"}],"author":[{"embeddable":true,"href":"https:\/\/www.europesays.com\/fr\/wp-json\/wp\/v2\/users\/2"}],"replies":[{"embeddable":true,"href":"https:\/\/www.europesays.com\/fr\/wp-json\/wp\/v2\/comments?post=281673"}],"version-history":[{"count":0,"href":"https:\/\/www.europesays.com\/fr\/wp-json\/wp\/v2\/posts\/281673\/revisions"}],"wp:featuredmedia":[{"embeddable":true,"href":"https:\/\/www.europesays.com\/fr\/wp-json\/wp\/v2\/media\/281674"}],"wp:attachment":[{"href":"https:\/\/www.europesays.com\/fr\/wp-json\/wp\/v2\/media?parent=281673"}],"wp:term":[{"taxonomy":"category","embeddable":true,"href":"https:\/\/www.europesays.com\/fr\/wp-json\/wp\/v2\/categories?post=281673"},{"taxonomy":"post_tag","embeddable":true,"href":"https:\/\/www.europesays.com\/fr\/wp-json\/wp\/v2\/tags?post=281673"}],"curies":[{"name":"wp","href":"https:\/\/api.w.org\/{rel}","templated":true}]}}