{"id":281675,"date":"2025-07-29T10:23:15","date_gmt":"2025-07-29T10:23:15","guid":{"rendered":"https:\/\/www.europesays.com\/fr\/281675\/"},"modified":"2025-07-29T10:23:15","modified_gmt":"2025-07-29T10:23:15","slug":"deces-a-lyon-larchitecte-dinterieur-pierre-chaduc-sest-eteint-a-84-ans","status":"publish","type":"post","link":"https:\/\/www.europesays.com\/fr\/281675\/","title":{"rendered":"D\u00e9c\u00e8s \u00e0 Lyon. L\u2019architecte d\u2019int\u00e9rieur Pierre Chaduc s\u2019est \u00e9teint \u00e0 84 ans &#8211;"},"content":{"rendered":"<p>\t\t\t\t<img fetchpriority=\"high\" decoding=\"async\" width=\"900\" height=\"602\" src=\"https:\/\/www.europesays.com\/fr\/wp-content\/uploads\/2025\/07\/Pierre-chaduc-lyon.jpg\" alt=\"\" title=\"Pierre chaduc lyon\"   class=\"wp-image-163585\"\/><\/p>\n<p>Il restera une figure embl\u00e9matique du design lyonnais \u2013 Photos Lyon People et DR<\/p>\n<p><strong>Texte\u00a0: Laurence Ponsonnet<\/strong> \u2013 Ce grand nom de l\u2019architecture d\u2019int\u00e9rieur \u00e0 Lyon, s\u2019en est all\u00e9, ce dimanche 27 juillet 2025, laissant derri\u00e8re lui un h\u00e9ritage riche et ind\u00e9l\u00e9bile dans le paysage de la d\u00e9coration int\u00e9rieure fran\u00e7aise.<\/p>\n<p>Pendant plusieurs d\u00e9cennies, <strong>Pierre Chaduc<\/strong> a marqu\u00e9 de son empreinte les plus beaux \u00e9tablissements de la ville et au-del\u00e0, devenant une r\u00e9f\u00e9rence incontournable dans son domaine. <a href=\"https:\/\/www.lyonpeople.com\/news\/p3chaduc.html\" rel=\"nofollow noopener\" target=\"_blank\"><strong>Il \u00e9tait surnomm\u00e9 \u00ab\u00a0Dieu\u00a0\u00bb par ses confr\u00e8res<\/strong><\/a>, \u00e9crivait <strong>Mehdi Navah<\/strong> sur notre antenne au d\u00e9but du si\u00e8cle.<\/p>\n<p><img loading=\"lazy\" decoding=\"async\" aria-describedby=\"caption-attachment-163587\" class=\"wp-image-163587 size-full\" src=\"data:image\/svg+xml,%3Csvg%20xmlns=\" http:=\"\" alt=\"\" width=\"756\" height=\"900\" data-lazy- data-lazy- data-lazy-src=\"https:\/\/www.europesays.com\/fr\/wp-content\/uploads\/2025\/07\/Pierre-Chaduc-en-couverture-de-Lyon-People-juin-2002.jpg\"\/><\/p>\n<p id=\"caption-attachment-163587\" class=\"wp-caption-text\">Pierre Chaduc en couverture de Lyon People \u2013 juin 2002<\/p>\n<p>Tout commence \u00e0 l\u2019\u00c9cole des Beaux-Arts de Lyon, o\u00f9 le jeune Pierre suit avec rigueur un cursus artistique g\u00e9n\u00e9raliste de cinq ann\u00e9es. Ce passage fondateur ouvre la voie \u00e0 une carri\u00e8re singuli\u00e8re \u00e0 une \u00e9poque o\u00f9 la d\u00e9coration int\u00e9rieure \u00e9tait encore l\u2019apanage des \u00ab installateurs \u00bb, il ose s\u2019imposer dans un domaine peu explor\u00e9 par les artistes et en red\u00e9finit les contours avec sensibilit\u00e9 et exigence.<\/p>\n<p><strong>Sa carri\u00e8re d\u00e9bute par la d\u00e9coration de commerces lyonnais. <\/strong><\/p>\n<p>Son talent est vite remarqu\u00e9 et les projets prestigieux s\u2019encha\u00eenent, faisant de lui l\u2019un des architectes d\u2019int\u00e9rieur les plus sollicit\u00e9s de la r\u00e9gion. Parmi ses r\u00e9alisations majeures figurent les h\u00f4tels Sofitel Bellecour, Carlton, et Royal, ainsi que de nombreux lieux embl\u00e9matiques de la gastronomie lyonnaise : la Brasserie Georges, le Bistrot de Lyon, L\u00e9on de Lyon\u2026 pour <strong>Jean-Paul Lacombe<\/strong>.<\/p>\n<p><img loading=\"lazy\" decoding=\"async\" class=\" wp-image-163586 alignleft\" src=\"data:image\/svg+xml,%3Csvg%20xmlns=\" http:=\"\" alt=\"\" width=\"242\" height=\"361\" data-lazy-src=\"https:\/\/www.europesays.com\/fr\/wp-content\/uploads\/2025\/07\/Pierre-Chaduc-atelier.jpg\"\/>\u00ab Tout comme Jean-Paul Lacombe, il \u00e9tait d\u2019une discr\u00e9tion totale, alors qu\u2019on \u00e9tait en pleine chasse aux scoops\u00a0\u00bb rembobine <strong>Marco Polisson<\/strong>, cofondateur du site Lyon People. \u00ab\u00a0A nos d\u00e9buts, on adorait jouer au chat et \u00e0 la souris avec eux pour d\u00e9couvrir en avant-premi\u00e8re et \u00e0 l\u2019insu de leur plein gr\u00e9 les projets et les r\u00e9alisations dont ils voulaient garder le secret.\u00a0\u00bb<\/p>\n<p>Il signe \u00e9galement l\u2019am\u00e9nagement de l\u2019H\u00f4tel des Ventes des Brotteaux, de nombreux bureaux, appartements et villas. Son travail de sc\u00e9nographe au Hameau du Vin pour <strong>Georges Duboeuf<\/strong> et sa collaboration sur l\u2019\u00e9clairage de b\u00e2timents remarquables t\u00e9moignent de l\u2019ampleur et de la diversit\u00e9 de son savoir-faire. Sans oublier les 25 discoth\u00e8ques qu\u2019il a marqu\u00e9 de son empreinte.<\/p>\n<p>Artisan du beau et de l\u2019\u00e9quilibre, Pierre Chaduc savait allier \u00e9l\u00e9gance, fonctionnalit\u00e9 et \u00e2me dans chacun de ses projets. Son style, reconnaissable entre tous, a contribu\u00e9 \u00e0 fa\u00e7onner une certaine id\u00e9e du luxe et du raffinement. Pr\u00e8s de 25 discoth\u00e8ques en 22 ans, parmi lesquelles un certain nombre d\u2019incontournables des quais de Sa\u00f4ne tel l\u2019Alibi ou le Flamenco Rock qui t\u00e9moignent d\u2019une \u00e9poque r\u00e9solument diff\u00e9rente.<\/p>\n<p><strong>Au-del\u00e0 de son \u0153uvre professionnelle, Pierre Chaduc \u00e9tait un homme de passions. <\/strong><\/p>\n<p>Fils d\u2019un \u00e9b\u00e9niste et d\u2019une modiste, il a grandi dans un univers o\u00f9 la main et l\u2019\u0153il exer\u00e7aient ensemble leur talent. Amoureux de photographie et de sculpture, il cultivait aussi un go\u00fbt pour la musique : dans sa jeunesse, il jouait de l\u2019accord\u00e9on dans les bals musette pour arrondir ses fins de mois, une activit\u00e9 qu\u2019il avait pratiqu\u00e9e avec beaucoup de plaisir.<\/p>\n<p><img loading=\"lazy\" decoding=\"async\" aria-describedby=\"caption-attachment-163592\" class=\"size-full wp-image-163592\" src=\"data:image\/svg+xml,%3Csvg%20xmlns=\" http:=\"\" alt=\"\" width=\"900\" height=\"636\" data-lazy- data-lazy- data-lazy-src=\"https:\/\/www.europesays.com\/fr\/wp-content\/uploads\/2025\/07\/Flamenco-Rock.jpg\"\/><\/p>\n<p id=\"caption-attachment-163592\" class=\"wp-caption-text\">L\u2019ar\u00e8ne du Flamenco Rock, une des cr\u00e9ations de Pierre Chaduc qui con\u00e7u les d\u00e9cors de 25 discoth\u00e8ques au cours de sa carri\u00e8re<\/p>\n<p>Avec la disparition de Pierre Chaduc, c\u2019est une grande figure de l\u2019architecture lyonnaise qui s\u2019\u00e9teint. Son regard, sa sensibilit\u00e9 et son exigence continueront d\u2019inspirer celles et ceux qui fa\u00e7onnent les lieux de vie de demain. Il laisse dans la peine sa fille unique, <strong>Astrid<\/strong>, elle-m\u00eame architecte, sans doute inspir\u00e9e par son p\u00e8re, dont elle avait partag\u00e9 tr\u00e8s t\u00f4t l\u2019univers et la passion.<\/p>\n<p><strong>&gt; Les obs\u00e8ques seront c\u00e9l\u00e9br\u00e9es en l\u2019\u00e9glise Saint Vincent (date et heure \u00e0 confirmer)<\/strong><\/p>\n","protected":false},"excerpt":{"rendered":"Il restera une figure embl\u00e9matique du design lyonnais \u2013 Photos Lyon People et DR Texte\u00a0: Laurence Ponsonnet \u2013&hellip;\n","protected":false},"author":2,"featured_media":281676,"comment_status":"","ping_status":"","sticky":false,"template":"","format":"standard","meta":{"footnotes":""},"categories":[1889],"tags":[4257,1111,11,2430,1777,674,1011,27,2428,12,42117,25],"class_list":{"0":"post-281675","1":"post","2":"type-post","3":"status-publish","4":"format-standard","5":"has-post-thumbnail","7":"category-lyon","8":"tag-0top","9":"tag-actu","10":"tag-actualites","11":"tag-auvergne-rhone-alpes","12":"tag-eu","13":"tag-europe","14":"tag-fr","15":"tag-france","16":"tag-lyon","17":"tag-news","18":"tag-pierre-chaduc","19":"tag-republique-francaise"},"share_on_mastodon":{"url":"https:\/\/pubeurope.com\/@fr\/114936034396473420","error":""},"_links":{"self":[{"href":"https:\/\/www.europesays.com\/fr\/wp-json\/wp\/v2\/posts\/281675","targetHints":{"allow":["GET"]}}],"collection":[{"href":"https:\/\/www.europesays.com\/fr\/wp-json\/wp\/v2\/posts"}],"about":[{"href":"https:\/\/www.europesays.com\/fr\/wp-json\/wp\/v2\/types\/post"}],"author":[{"embeddable":true,"href":"https:\/\/www.europesays.com\/fr\/wp-json\/wp\/v2\/users\/2"}],"replies":[{"embeddable":true,"href":"https:\/\/www.europesays.com\/fr\/wp-json\/wp\/v2\/comments?post=281675"}],"version-history":[{"count":0,"href":"https:\/\/www.europesays.com\/fr\/wp-json\/wp\/v2\/posts\/281675\/revisions"}],"wp:featuredmedia":[{"embeddable":true,"href":"https:\/\/www.europesays.com\/fr\/wp-json\/wp\/v2\/media\/281676"}],"wp:attachment":[{"href":"https:\/\/www.europesays.com\/fr\/wp-json\/wp\/v2\/media?parent=281675"}],"wp:term":[{"taxonomy":"category","embeddable":true,"href":"https:\/\/www.europesays.com\/fr\/wp-json\/wp\/v2\/categories?post=281675"},{"taxonomy":"post_tag","embeddable":true,"href":"https:\/\/www.europesays.com\/fr\/wp-json\/wp\/v2\/tags?post=281675"}],"curies":[{"name":"wp","href":"https:\/\/api.w.org\/{rel}","templated":true}]}}