{"id":281677,"date":"2025-07-29T10:24:10","date_gmt":"2025-07-29T10:24:10","guid":{"rendered":"https:\/\/www.europesays.com\/fr\/281677\/"},"modified":"2025-07-29T10:24:10","modified_gmt":"2025-07-29T10:24:10","slug":"lyon-fin-de-partie-pour-ce-grand-promoteur-immobilier-place-en-liquidation-judiciaire","status":"publish","type":"post","link":"https:\/\/www.europesays.com\/fr\/281677\/","title":{"rendered":"Lyon. Fin de partie pour ce grand promoteur immobilier plac\u00e9 en liquidation judiciaire"},"content":{"rendered":"<p>            Par<br \/>\n        <strong><br \/>\n            <a href=\"https:\/\/actu.fr\/auteur\/nicolas-zaugra\" title=\"Consulter tous les articles de Nicolas Zaugra\" rel=\"nofollow noopener\" target=\"_blank\">Nicolas Zaugra<\/a><br \/>\n        <\/strong><\/p>\n<p>        Publi\u00e9 le<\/p>\n<p>            29 juil. 2025 \u00e0 12h01        <\/p>\n<p>Clap de fin pour le <a href=\"https:\/\/actu.fr\/auvergne-rhone-alpes\/lyon_69123\/lyon-ce-mastodonte-de-l-immobilier-frappe-par-la-crise-est-en-redressement-judiciaire_62347959.html\" rel=\"nofollow noopener\" target=\"_blank\">promoteur lyonnais Capelli<\/a> qui a \u00e9t\u00e9 plac\u00e9 en liquidation judiciaire le 16 juillet dernier. \u00ab\u00a0La soci\u00e9t\u00e9 Capelli, soci\u00e9t\u00e9 m\u00e8re du groupe Capelli, annonce que le tribunal des activit\u00e9s \u00e9conomiques de Paris a prononc\u00e9 par jugement du 16 juillet 2025, la conversion de la proc\u00e9dure de redressement judiciaire\u00a0\u00bb, peut-on lire dans un communiqu\u00e9 officiel publi\u00e9 le 25 juillet dernier.<\/p>\n<p class=\" wall-content\">En mars dernier, on apprenait que le promoteur n\u00e9 dans les ann\u00e9es 70 avait \u00e9t\u00e9 plac\u00e9 en <strong>redressement judiciaire<\/strong> pour six mois dans le cadre d\u2019une p\u00e9riode d\u2019observation.<\/p>\n<p>Grave crise de l\u2019immobilier<\/p>\n<p class=\" wall-content\">Les d\u00e9convenues se sont multipli\u00e9es ces derni\u00e8res ann\u00e9es pour le promoteur dont le si\u00e8ge est \u00e0 <a href=\"https:\/\/actu.fr\/auvergne-rhone-alpes\/lyon_69123\" rel=\"nofollow noopener\" target=\"_blank\">Lyon<\/a> et qui a des activit\u00e9s dans toute la France.<\/p>\n<p class=\" wall-content\">Baisse du nombre de salari\u00e9s, chantiers en pause ou abandonn\u00e9s, <strong>crise majeure de l\u2019immobilier neuf<\/strong>, suspension de sa cotation en Bourse depuis septembre, 415,9 millions d\u2019euros de dettes nettes enregistr\u00e9es \u00e0 l\u2019exercice 2023-2024, fonds propres n\u00e9gatifs de 26 millions d\u2019euros\u2026<\/p>\n<p>Une centaine d\u2019emplois menac\u00e9s<\/p>\n<p class=\" wall-content\">Le groupe avait d\u00e9j\u00e0 coup\u00e9 dans les effectifs ces derniers mois, passant d\u2019environ 200 \u00e0 100 salari\u00e9s. Une centaine d\u2019emplois sont donc menac\u00e9s. Un d\u00e9lai de deux ans a \u00e9t\u00e9 fix\u00e9 pour examiner la cl\u00f4ture de la liquidation.<\/p>\n<p class=\" wall-content\">Le promoteur avait des activit\u00e9s dans la construction de maisons et d\u2019immeubles de logements dans plusieurs r\u00e9gions (Ile-de-France, Occitanie, PACA\u2026). Un projet parisien majeur \u00e9tait \u00e0 l\u2019arr\u00eat ces derniers mois, la <a href=\"https:\/\/actu.fr\/ile-de-france\/paris_75056\/immobilier-a-paris-quai-de-grenelle-le-projet-de-rehabilitation-de-l-ancien-garage-renault-a-la-derive_62363703.html\" rel=\"nofollow noopener\" target=\"_blank\">r\u00e9novation d\u2019un immeuble important quai de Grenelle le long de la Seine<\/a>.<\/p>\n<p class=\" wall-content\">Suivez toute l\u2019actualit\u00e9 de vos villes et m\u00e9dias favoris en vous inscrivant \u00e0 <a href=\"https:\/\/moncompte.actu.fr\" title=\"D\u00e9couvez Mon Actu\" rel=\"nofollow noopener\" data-trk=\"{&quot;cta&quot;:{&quot;action&quot;:&quot;https:\\\/\\\/moncompte.actu.fr&quot;,&quot;category&quot;:&quot;mon compte&quot;,&quot;from&quot;:&quot;article footer&quot;,&quot;name&quot;:&quot;Mon actu&quot;,&quot;type&quot;:&quot;cta&quot;}}\" target=\"_blank\">Mon Actu<\/a>.<\/p>\n","protected":false},"excerpt":{"rendered":"Par Nicolas Zaugra Publi\u00e9 le 29 juil. 2025 \u00e0 12h01 Clap de fin pour le promoteur lyonnais Capelli&hellip;\n","protected":false},"author":2,"featured_media":281678,"comment_status":"","ping_status":"","sticky":false,"template":"","format":"standard","meta":{"footnotes":""},"categories":[1889],"tags":[1111,11,2430,33,341,1777,674,1011,27,1116,303,2428,12,25],"class_list":{"0":"post-281677","1":"post","2":"type-post","3":"status-publish","4":"format-standard","5":"has-post-thumbnail","7":"category-lyon","8":"tag-actu","9":"tag-actualites","10":"tag-auvergne-rhone-alpes","11":"tag-economie","12":"tag-emploi","13":"tag-eu","14":"tag-europe","15":"tag-fr","16":"tag-france","17":"tag-immobilier","18":"tag-justice","19":"tag-lyon","20":"tag-news","21":"tag-republique-francaise"},"share_on_mastodon":{"url":"https:\/\/pubeurope.com\/@fr\/114936038177114822","error":""},"_links":{"self":[{"href":"https:\/\/www.europesays.com\/fr\/wp-json\/wp\/v2\/posts\/281677","targetHints":{"allow":["GET"]}}],"collection":[{"href":"https:\/\/www.europesays.com\/fr\/wp-json\/wp\/v2\/posts"}],"about":[{"href":"https:\/\/www.europesays.com\/fr\/wp-json\/wp\/v2\/types\/post"}],"author":[{"embeddable":true,"href":"https:\/\/www.europesays.com\/fr\/wp-json\/wp\/v2\/users\/2"}],"replies":[{"embeddable":true,"href":"https:\/\/www.europesays.com\/fr\/wp-json\/wp\/v2\/comments?post=281677"}],"version-history":[{"count":0,"href":"https:\/\/www.europesays.com\/fr\/wp-json\/wp\/v2\/posts\/281677\/revisions"}],"wp:featuredmedia":[{"embeddable":true,"href":"https:\/\/www.europesays.com\/fr\/wp-json\/wp\/v2\/media\/281678"}],"wp:attachment":[{"href":"https:\/\/www.europesays.com\/fr\/wp-json\/wp\/v2\/media?parent=281677"}],"wp:term":[{"taxonomy":"category","embeddable":true,"href":"https:\/\/www.europesays.com\/fr\/wp-json\/wp\/v2\/categories?post=281677"},{"taxonomy":"post_tag","embeddable":true,"href":"https:\/\/www.europesays.com\/fr\/wp-json\/wp\/v2\/tags?post=281677"}],"curies":[{"name":"wp","href":"https:\/\/api.w.org\/{rel}","templated":true}]}}