{"id":281679,"date":"2025-07-29T10:28:11","date_gmt":"2025-07-29T10:28:11","guid":{"rendered":"https:\/\/www.europesays.com\/fr\/281679\/"},"modified":"2025-07-29T10:28:11","modified_gmt":"2025-07-29T10:28:11","slug":"a-paris-un-parieur-pmu-tres-heureux-mais-tres-discret","status":"publish","type":"post","link":"https:\/\/www.europesays.com\/fr\/281679\/","title":{"rendered":"\u00e0 Paris, un parieur PMU \u00ab\u00a0tr\u00e8s heureux mais tr\u00e8s discret\u00a0\u00bb"},"content":{"rendered":"<p>            Par<br \/>\n        <strong><br \/>\n            <a href=\"https:\/\/actu.fr\/auteur\/redaction-paris\" title=\"Consulter tous les articles de R\u00e9daction Paris\" target=\"_blank\" rel=\"noopener\">R\u00e9daction Paris<\/a><br \/>\n        <\/strong><\/p>\n<p>        Publi\u00e9 le<\/p>\n<p>            29 juil. 2025 \u00e0 12h12        <\/p>\n<p>Et de quatre. Vendredi 18\u00a0juillet 2025, un parieur PMU\u00ae est entr\u00e9 dans la famille tr\u00e8s s\u00e9lecte des \u00ab\u2009grands gagnants\u2009\u00bb apr\u00e8s avoir remport\u00e9 une <strong>somme sup\u00e9rieure \u00e0 100\u2009000\u00a0euros<\/strong> en jouant au Quint\u00e9 +\u00a0spOt\u00ae, dans le bar Le Centenaire dans le 7e arrondissement de Paris.<\/p>\n<p>\u00ab\u2009Il \u00e9tait tr\u00e8s heureux mais tr\u00e8s discret\u2009\u00bb<\/p>\n<p class=\" wall-content\">Le montant\u2009: <strong>129\u2009793\u00a0euros<\/strong>. Une tr\u00e8s bonne nouvelle pour le joueur, mais aussi pour Monsieur Girard, le propri\u00e9taire de l\u2019\u00e9tablissement. \u00ab\u2009Cela fait deux ans que je d\u00e9tiens mon point de vente et <strong>c\u2019est la premi\u00e8re fois<\/strong> qu\u2019un tel gain est gagn\u00e9. Il n\u2019y a plus qu\u2019\u00e0 esp\u00e9rer que de nouveaux nombreux gains seront vite remport\u00e9s\u2009\u00bb, a-t-il confi\u00e9 \u00e0 la <a href=\"https:\/\/actu.fr\/tag\/francaise-des-jeux\" target=\"_blank\" rel=\"noopener\">Fran\u00e7aise des Jeux<\/a> (FDJ) avant de donner quelques informations sur le parieur, \u00ab\u2009un habitu\u00e9 qui vient r\u00e9guli\u00e8rement\u2009\u00bb et qui lui a fait part de sa victoire \u00ab\u2009discr\u00e8tement\u2009\u00bb, en venant r\u00e9cup\u00e9rer son argent, \u00ab\u2009deux jours apr\u00e8s l\u2019avoir remport\u00e9. Il \u00e9tait tr\u00e8s heureux mais tr\u00e8s discret.\u2009\u00bb<\/p>\n<p class=\" wall-content\">Depuis le d\u00e9but de l\u2019ann\u00e9e 2025, trois autres personnes ont remport\u00e9 des sommes importantes\u2009\u00e0 Paris\u2009: le premier dans le 13e en mars avec <strong>247\u2009873\u00a0euros<\/strong>, le deuxi\u00e8me en avril avec <strong>204\u2009712\u00a0euros<\/strong> dans le 9e arrondissement et le troisi\u00e8me en juin dans le 17e avec <strong>290\u2009073\u00a0euros<\/strong>.<\/p>\n<p class=\" wall-content\">Suivez toute l\u2019actualit\u00e9 de vos villes et m\u00e9dias favoris en vous inscrivant \u00e0 <a href=\"https:\/\/moncompte.actu.fr\" title=\"D\u00e9couvez Mon Actu\" rel=\"nofollow noopener\" data-trk=\"{&quot;cta&quot;:{&quot;action&quot;:&quot;https:\\\/\\\/moncompte.actu.fr&quot;,&quot;category&quot;:&quot;mon compte&quot;,&quot;from&quot;:&quot;article footer&quot;,&quot;name&quot;:&quot;Mon actu&quot;,&quot;type&quot;:&quot;cta&quot;}}\" target=\"_blank\">Mon Actu<\/a>.<\/p>\n","protected":false},"excerpt":{"rendered":"Par R\u00e9daction Paris Publi\u00e9 le 29 juil. 2025 \u00e0 12h12 Et de quatre. Vendredi 18\u00a0juillet 2025, un parieur&hellip;\n","protected":false},"author":2,"featured_media":268194,"comment_status":"","ping_status":"","sticky":false,"template":"","format":"standard","meta":{"footnotes":""},"categories":[1888],"tags":[1111,1928,11,1927,1777,674,1011,1029,27,12,1926,626,1925,25,104],"class_list":{"0":"post-281679","1":"post","2":"type-post","3":"status-publish","4":"format-standard","5":"has-post-thumbnail","7":"category-paris","8":"tag-actu","9":"tag-actu-paris","10":"tag-actualites","11":"tag-actualites-paris","12":"tag-eu","13":"tag-europe","14":"tag-fr","15":"tag-francaise-des-jeux","16":"tag-france","17":"tag-news","18":"tag-news-paris","19":"tag-paris","20":"tag-paris-news","21":"tag-republique-francaise","22":"tag-societe"},"share_on_mastodon":{"url":"https:\/\/pubeurope.com\/@fr\/114936054403699717","error":""},"_links":{"self":[{"href":"https:\/\/www.europesays.com\/fr\/wp-json\/wp\/v2\/posts\/281679","targetHints":{"allow":["GET"]}}],"collection":[{"href":"https:\/\/www.europesays.com\/fr\/wp-json\/wp\/v2\/posts"}],"about":[{"href":"https:\/\/www.europesays.com\/fr\/wp-json\/wp\/v2\/types\/post"}],"author":[{"embeddable":true,"href":"https:\/\/www.europesays.com\/fr\/wp-json\/wp\/v2\/users\/2"}],"replies":[{"embeddable":true,"href":"https:\/\/www.europesays.com\/fr\/wp-json\/wp\/v2\/comments?post=281679"}],"version-history":[{"count":0,"href":"https:\/\/www.europesays.com\/fr\/wp-json\/wp\/v2\/posts\/281679\/revisions"}],"wp:featuredmedia":[{"embeddable":true,"href":"https:\/\/www.europesays.com\/fr\/wp-json\/wp\/v2\/media\/268194"}],"wp:attachment":[{"href":"https:\/\/www.europesays.com\/fr\/wp-json\/wp\/v2\/media?parent=281679"}],"wp:term":[{"taxonomy":"category","embeddable":true,"href":"https:\/\/www.europesays.com\/fr\/wp-json\/wp\/v2\/categories?post=281679"},{"taxonomy":"post_tag","embeddable":true,"href":"https:\/\/www.europesays.com\/fr\/wp-json\/wp\/v2\/tags?post=281679"}],"curies":[{"name":"wp","href":"https:\/\/api.w.org\/{rel}","templated":true}]}}