{"id":28168,"date":"2025-04-16T02:19:34","date_gmt":"2025-04-16T02:19:34","guid":{"rendered":"https:\/\/www.europesays.com\/fr\/28168\/"},"modified":"2025-04-16T02:19:34","modified_gmt":"2025-04-16T02:19:34","slug":"une-aventure-humaine-impressionnante","status":"publish","type":"post","link":"https:\/\/www.europesays.com\/fr\/28168\/","title":{"rendered":"\u00ab\u00a0Une aventure humaine impressionnante \u00bb"},"content":{"rendered":"<p>            Par<br \/>\n        <strong><br \/>\n            <a href=\"https:\/\/actu.fr\/auteur\/laredaction\" title=\"Consulter tous les articles de R\u00e9daction Normandie\" rel=\"nofollow noopener\" target=\"_blank\">R\u00e9daction Normandie<\/a><br \/>\n        <\/strong><\/p>\n<p>        Publi\u00e9 le<\/p>\n<p>            13 avr. 2025 \u00e0 11h08        <\/p>\n<p><strong>Ils seront 500 sur la sc\u00e8ne<\/strong> du <a href=\"https:\/\/actu.fr\/tag\/zenith-de-rouen\/page\/9\" rel=\"nofollow noopener\" target=\"_blank\">Z\u00e9nith de Rouen<\/a>, le 25 avril 2025. Autant de voix pour la Team de Rouen et autant dans toutes les grandes villes. Un spectacle qui r\u00e9unira <strong>15 000 choristes amateurs dans 30 Z\u00e9nith de France<\/strong>. Ils viennent de tous les horizons professionnels, certains sont musiciens, d\u2019autres ne savent pas lire une partition\u2026 qu\u2019importe ! Ils ont tous la m\u00eame envie, chanter ensemble.<\/p>\n<p>Trois grands week-ends de r\u00e9p\u00e9titions<\/p>\n<p class=\" wall-content\">De 7 \u00e0 85\u00a0ans pour la Team de Rouen, ils se retrouvent pour sublimer, cette ann\u00e9e, le r\u00e9pertoire de la chanson fran\u00e7aise. \u00ab Je me suis inscrite sur le site d\u00e9di\u00e9 de David Hardit Production. J\u2019ai re\u00e7u les MP3 et les partitions pour m\u2019entra\u00eener seule, suivant ma tessiture. Le mat\u00e9riel d\u2019apprentissage est vraiment bien fait \u00bb, explique une choriste.<\/p>\n<p class=\" wall-content\">Ils chantent sous la douche, en cuisinant, dans la voiture ! Une fois par mois, des chefs de ch\u0153urs locaux <strong>proposent des r\u00e9p\u00e9titions communes par petits groupes<\/strong>. Mais, ce qu\u2019il ne faut pas manquer, ce sont les week-ends de r\u00e9p\u00e9titions g\u00e9n\u00e9rales avec les deux chefs de ch\u0153urs du projet Carole Ruinet et Franck Lecacheur. N\u2019oublions pas le talentueux Nico au piano et la superbe voix de Lilou. Samedi 15\u00a0mars, le deuxi\u00e8me grand week-end de chants s\u2019est d\u00e9roul\u00e9 \u00e0 la salle Franklin Roosevelt d\u2019Elbeuf.<\/p>\n<p>Deux chefs de ch\u0153ur charismatiques<\/p>\n<p class=\" wall-content\">Carole Ruinet est cheffe du groupe vocal Vagabondage, \u00e0 <strong>Romilly-sur-Andelle (Eure)<\/strong>. Elle a commenc\u00e9 l\u2019aventure du Z\u00e9nith avec le Johnny Symphonique Tour et Yvan Cassar, il y a trois ans : \u00ab J\u2019ai continu\u00e9 l\u2019ann\u00e9e derni\u00e8re avec les 500 voix pour Queen. J\u2019organise des week-ends chantants un peu partout en France et j\u2019ai un projet, pour l\u2019ann\u00e9e prochaine, de week-ends chantants en Suisse \u00bb.<\/p>\n<p>      <img   decoding=\"async\" loading=\"lazy\" class=\"size-large\" src=\"https:\/\/www.europesays.com\/fr\/wp-content\/uploads\/2025\/04\/69d2bc076ae76add2bc076ae791e2bv-960x640.jpg\" alt=\"Rouen Z\u00e9nith 500 choristes\" width=\"960\" height=\"640\"\/><br \/>\n    Le rendez-vous aura lieu au Z\u00e9nith, le 25 avril. \u00a9Le Bulletin<\/p>\n<p class=\" wall-content\">Franck Lecacheur est chef de ch\u0153ur depuis 2003. Il dirige des ensembles vocaux dans le secteur du\u00a0<strong>Havre<\/strong> et de <strong>F\u00e9camp<\/strong>, notamment les Voix de Normandie. \u00ab J\u2019ai \u00e9t\u00e9 contact\u00e9 par la production des 500\u00a0voix qui a regard\u00e9 nos vid\u00e9os sur les r\u00e9seaux \u00bb, pr\u00e9cise-t-il.<\/p>\n<p class=\" wall-content\">Tous les deux exigeants et perfectionnistes, ils savent valoriser les choristes pour qu\u2019ils donnent le meilleur d\u2019eux-m\u00eames. Ils font toujours preuve de bienveillance et les r\u00e9p\u00e9titions sont ponctu\u00e9es des clins d\u2019\u0153il humoristiques de Nico.<\/p>\n<p>Comment diriger 500\u00a0personnes ?<\/p>\n<p class=\" wall-content\">C\u2019est un gros travail de pr\u00e9paration pour les chefs de ch\u0153urs qui doivent ma\u00eetriser <strong>22 chants de quatre \u00e0 six voix<\/strong>. \u00ab Cela prend beaucoup de temps de pr\u00e9paration, mais en soi, il n\u2019y a pas de r\u00e9elle difficult\u00e9. Quand on est devant les choristes, il faut penser \u00e0 diriger haut pour \u00eatre vus de tous \u00bb, explique Carole. \u00ab Les gens ont travaill\u00e9, on est l\u00e0 pour cr\u00e9er l\u2019osmose. Les harmonisations de Florian Martinet sont tr\u00e8s bien faites, ce qui facilite le travail de tous \u00bb, ajoute Franck. De Emmenez-moi, Le blues du business man, au Sud de Nino Ferrer, ce sont 22 titres qui seront interpr\u00e9t\u00e9s. \u00ab C\u2019est la production qui a choisi les titres en accord avec les solistes \u00bb.<\/p>\n<p>La Team de Rouen, une super Team !<\/p>\n<p class=\" wall-content\">\u00ab Ce que j\u2019aime, c\u2019est voir le sourire des gens quand ils chantent, toutes g\u00e9n\u00e9rations confondues. <strong>C\u2019est une grande chorale familiale<\/strong>. \u00catre sur la sc\u00e8ne du Z\u00e9nith, c\u2019est une aventure humaine impressionnante \u00bb, confie Franck.<\/p>\n<p class=\" wall-content\">\u00ab J\u2019aime couvrir tout ce r\u00e9pertoire harmonis\u00e9, j\u2019aime le live des r\u00e9p\u00e9titions, les rencontres. Tout ce travail en amont est plaisant, et, \u00e9videmment, le challenge du Z\u00e9nith \u00bb, poursuit Carole, qui ajoute que \u00ab ce genre de projet est formateur pour les choristes et pour les chefs de ch\u0153urs \u00bb. Les deux chefs s\u2019accordent \u00e0 dire que\u00a0dans la Team de Rouen, \u00ab on sent une coh\u00e9sion, les gens sont bienveillants. Ils viennent pour se faire plaisir. Et ils nous font plaisir. <strong>On est impressionn\u00e9 par leur travail !<\/strong> \u00bb.<\/p>\n<p class=\" wall-content\">Et les choristes, qu\u2019en pensent-ils ?<\/p>\n<p class=\" wall-content\">Les plus jeunes sont venus avec leurs parents ou grands-parents. \u00ab Moi, j\u2019ai fait le spectacle de Queen l\u2019ann\u00e9e derni\u00e8re avec ma m\u00e8re. \u00c7a m\u2019a plu. J\u2019ai amen\u00e9 une amie avec moi cette ann\u00e9e \u00bb, confie une jeune choriste de 11\u00a0ans. Quant aux adultes, ils viennent pour sortir de leur quotidien, faire des rencontres. Certains ont toujours r\u00eav\u00e9 d\u2019\u00eatre chanteurs alors, se retrouver sur la sc\u00e8ne du Z\u00e9nith, c\u2019est un peu leur r\u00eave r\u00e9alis\u00e9.<\/p>\n<p>Charlie, une des solistes<\/p>\n<p class=\" wall-content\">Pensez \u00e0 r\u00e9server votre soir\u00e9e du 25\u00a0avril au Z\u00e9nith. Vous d\u00e9couvrirez 500 choristes dirig\u00e9s par des chefs de ch\u0153ur talentueux. Et, pour cette soir\u00e9e exceptionnelle, ils accompagneront des solistes professionnels que vous connaissez certainement : Charlie, qui a pr\u00e9sent\u00e9 la tourn\u00e9e des 500\u00a0voix pour Queen, l\u2019ann\u00e9e derni\u00e8re et vient d\u2019\u00eatre s\u00e9lectionn\u00e9e pour The Voice, Virginie Rohart, Olympe, Marco Lena et Odem.<\/p>\n<p>500 voix pour Les plus belles chansons fran\u00e7aises, vendredi 25 avril, \u00e0 20 h 30 au Z\u00e9nith de Rouen. R\u00e9servation Fnac, billetteries habituelles ou en ligne.<\/p>\n<p class=\" wall-content\">Suivez toute l\u2019actualit\u00e9 de vos villes et m\u00e9dias favoris en vous inscrivant \u00e0 <a href=\"https:\/\/moncompte.actu.fr\" title=\"D\u00e9couvez Mon Actu\" rel=\"nofollow noopener\" data-trk=\"{&quot;cta&quot;:{&quot;action&quot;:&quot;https:\\\/\\\/moncompte.actu.fr&quot;,&quot;category&quot;:&quot;mon compte&quot;,&quot;from&quot;:&quot;article footer&quot;,&quot;name&quot;:&quot;Mon actu&quot;,&quot;type&quot;:&quot;cta&quot;}}\" target=\"_blank\">Mon Actu<\/a>.<\/p>\n","protected":false},"excerpt":{"rendered":"Par R\u00e9daction Normandie Publi\u00e9 le 13 avr. 2025 \u00e0 11h08 Ils seront 500 sur la sc\u00e8ne du Z\u00e9nith&hellip;\n","protected":false},"author":2,"featured_media":28169,"comment_status":"","ping_status":"","sticky":false,"template":"","format":"standard","meta":{"footnotes":""},"categories":[9587],"tags":[1111,11,1777,674,1011,27,1757,1652,873,12,5161,25,9590,9894],"class_list":{"0":"post-28168","1":"post","2":"type-post","3":"status-publish","4":"format-standard","5":"has-post-thumbnail","7":"category-rouen","8":"tag-actu","9":"tag-actualites","10":"tag-eu","11":"tag-europe","12":"tag-fr","13":"tag-france","14":"tag-insolite","15":"tag-loisirs-culture","16":"tag-musique","17":"tag-news","18":"tag-normandie","19":"tag-republique-francaise","20":"tag-rouen","21":"tag-zenith-de-rouen"},"share_on_mastodon":{"url":"https:\/\/pubeurope.com\/@fr\/114345250836233583","error":""},"_links":{"self":[{"href":"https:\/\/www.europesays.com\/fr\/wp-json\/wp\/v2\/posts\/28168","targetHints":{"allow":["GET"]}}],"collection":[{"href":"https:\/\/www.europesays.com\/fr\/wp-json\/wp\/v2\/posts"}],"about":[{"href":"https:\/\/www.europesays.com\/fr\/wp-json\/wp\/v2\/types\/post"}],"author":[{"embeddable":true,"href":"https:\/\/www.europesays.com\/fr\/wp-json\/wp\/v2\/users\/2"}],"replies":[{"embeddable":true,"href":"https:\/\/www.europesays.com\/fr\/wp-json\/wp\/v2\/comments?post=28168"}],"version-history":[{"count":0,"href":"https:\/\/www.europesays.com\/fr\/wp-json\/wp\/v2\/posts\/28168\/revisions"}],"wp:featuredmedia":[{"embeddable":true,"href":"https:\/\/www.europesays.com\/fr\/wp-json\/wp\/v2\/media\/28169"}],"wp:attachment":[{"href":"https:\/\/www.europesays.com\/fr\/wp-json\/wp\/v2\/media?parent=28168"}],"wp:term":[{"taxonomy":"category","embeddable":true,"href":"https:\/\/www.europesays.com\/fr\/wp-json\/wp\/v2\/categories?post=28168"},{"taxonomy":"post_tag","embeddable":true,"href":"https:\/\/www.europesays.com\/fr\/wp-json\/wp\/v2\/tags?post=28168"}],"curies":[{"name":"wp","href":"https:\/\/api.w.org\/{rel}","templated":true}]}}