{"id":281687,"date":"2025-07-29T10:33:11","date_gmt":"2025-07-29T10:33:11","guid":{"rendered":"https:\/\/www.europesays.com\/fr\/281687\/"},"modified":"2025-07-29T10:33:11","modified_gmt":"2025-07-29T10:33:11","slug":"apres-son-blitzkrieg-rate-contre-les-agences-anticorruption-zelensky-revoit-sa-copie","status":"publish","type":"post","link":"https:\/\/www.europesays.com\/fr\/281687\/","title":{"rendered":"Apr\u00e8s son \u201cblitzkrieg\u201d rat\u00e9 contre les agences anticorruption, Zelensky revoit sa copie"},"content":{"rendered":"\n<p>\u201cAu cours des onze ans qui se sont \u00e9coul\u00e9s depuis la \u2018r\u00e9volution de la dignit\u00e9\u2019, \u00e9crit Valeriy\u00a0Pekar <a class=\"ithalc\" data-ithal=\"lien_externe\" data-ithalc=\"[nav_article]\" target=\"_blank\" href=\"https:\/\/gazeta.ua\/blog\/63793\/vlada-porushila-suspilnu-ugodu-suspilstvo-stomilosya-probachati\" rel=\"nofollow noopener\">dans le quotidien <strong>Gazeta<\/strong><\/a><strong>,<\/strong> il y a eu un accord tacite entre le gouvernement [ukrainien] et la soci\u00e9t\u00e9\u00a0: vous ne modifiez pas notre orientation d\u00e9mocratique en faveur d\u2019une int\u00e9gration europ\u00e9enne, et nous, nous ne faisons pas tanguer la barque.\u201d<\/p>\n<p>Or, <a class=\"ithalc\" data-ithal=\"lien_externe\" data-ithalc=\"[nav_article]\" target=\"_blank\" href=\"https:\/\/censor.net\/ua\/blogs\/3565639\/yak-ukrayina-vtratyla-shans-na-chesnomu-slovi-yi-na-odnomu-zakoni-dotyagnuty-do-yes\" rel=\"nofollow noopener\">souligne le site d\u2019information <strong>Tsenzor<\/strong><\/a><strong>,<\/strong> c\u2019est justement ce qu\u2019a tent\u00e9 le pr\u00e9sident Volodymyr Zelensky en promulguant le 22\u00a0juillet une loi controvers\u00e9e pour prendre le contr\u00f4le des agences anticorruption\u00a0:<\/p>\n<blockquote><p>\u201cAvec son blitzkrieg, il a essay\u00e9 de nous d\u00e9tourner des fondations de l\u2019int\u00e9gration europ\u00e9enne [\u2026] en compromettant l\u2019ind\u00e9pendance des institutions appel\u00e9es \u00e0 lutter contre la corruption.\u201d<\/p><\/blockquote>\n<p>Mais la mobilisation de la soci\u00e9t\u00e9 civile, avec deux jours cons\u00e9cutifs de manifestations de plusieurs milliers de personnes \u00e0 Kiev, a fini par faire reculer le gouvernement. \u201cD\u00e8s le 24\u00a0juillet, <a class=\"ithalc\" data-ithal=\"lien_externe\" data-ithalc=\"[nav_article]\" target=\"_blank\" href=\"https:\/\/www.obozrevatel.com\/ukr\/politics-news\/najgolovnishe-realni-instrumenti-zelenskij-zayaviv-pro-uzgodzhennya-zakonoproektu-yakij-mae-garantuvati-nezalezhnist-nabu-i-sap.htm\" rel=\"nofollow noopener\">indique le site d\u2019information <strong>Obozrevatel<\/strong><\/a><strong>,<\/strong> le gouvernement a soumis au Parlement un projet de loi qui va garantir le renforcement r\u00e9el [\u2026] de l\u2019ind\u00e9pendance des organismes anticorruption.\u201d<\/p>\n<p> \u201cLes gens ont le droit de dire ce qu\u2019ils pensent\u201d <\/p>\n<p>Zelensky promet que \u201cle nouveau projet de loi va \u00e9galement assurer une protection solide contre une quelconque influence r<\/p>\n","protected":false},"excerpt":{"rendered":"\u201cAu cours des onze ans qui se sont \u00e9coul\u00e9s depuis la \u2018r\u00e9volution de la dignit\u00e9\u2019, \u00e9crit Valeriy\u00a0Pekar dans&hellip;\n","protected":false},"author":2,"featured_media":281688,"comment_status":"","ping_status":"","sticky":false,"template":"","format":"standard","meta":{"footnotes":""},"categories":[1590],"tags":[11,1770,1777,674,1892,131,12,316,220],"class_list":{"0":"post-281687","1":"post","2":"type-post","3":"status-publish","4":"format-standard","5":"has-post-thumbnail","7":"category-ukraine","8":"tag-actualites","9":"tag-corruption","10":"tag-eu","11":"tag-europe","12":"tag-gu00e9opolitique","13":"tag-guerre-en-ukraine","14":"tag-news","15":"tag-politique","16":"tag-ukraine"},"share_on_mastodon":{"url":"https:\/\/pubeurope.com\/@fr\/114936073589638396","error":""},"_links":{"self":[{"href":"https:\/\/www.europesays.com\/fr\/wp-json\/wp\/v2\/posts\/281687","targetHints":{"allow":["GET"]}}],"collection":[{"href":"https:\/\/www.europesays.com\/fr\/wp-json\/wp\/v2\/posts"}],"about":[{"href":"https:\/\/www.europesays.com\/fr\/wp-json\/wp\/v2\/types\/post"}],"author":[{"embeddable":true,"href":"https:\/\/www.europesays.com\/fr\/wp-json\/wp\/v2\/users\/2"}],"replies":[{"embeddable":true,"href":"https:\/\/www.europesays.com\/fr\/wp-json\/wp\/v2\/comments?post=281687"}],"version-history":[{"count":0,"href":"https:\/\/www.europesays.com\/fr\/wp-json\/wp\/v2\/posts\/281687\/revisions"}],"wp:featuredmedia":[{"embeddable":true,"href":"https:\/\/www.europesays.com\/fr\/wp-json\/wp\/v2\/media\/281688"}],"wp:attachment":[{"href":"https:\/\/www.europesays.com\/fr\/wp-json\/wp\/v2\/media?parent=281687"}],"wp:term":[{"taxonomy":"category","embeddable":true,"href":"https:\/\/www.europesays.com\/fr\/wp-json\/wp\/v2\/categories?post=281687"},{"taxonomy":"post_tag","embeddable":true,"href":"https:\/\/www.europesays.com\/fr\/wp-json\/wp\/v2\/tags?post=281687"}],"curies":[{"name":"wp","href":"https:\/\/api.w.org\/{rel}","templated":true}]}}