{"id":281689,"date":"2025-07-29T10:34:10","date_gmt":"2025-07-29T10:34:10","guid":{"rendered":"https:\/\/www.europesays.com\/fr\/281689\/"},"modified":"2025-07-29T10:34:10","modified_gmt":"2025-07-29T10:34:10","slug":"les-usa-et-lue-saccordent-sur-des-droits-de-douane-de-15","status":"publish","type":"post","link":"https:\/\/www.europesays.com\/fr\/281689\/","title":{"rendered":"Les USA et l&rsquo;UE s&rsquo;accordent sur des droits de douane de 15 %"},"content":{"rendered":"<p><strong>Ce dimanche, Donald Trump, pr\u00e9sident des \u00c9tats-Unis, et Ursula von der Leyen, pr\u00e9sidente de la Commission europ\u00e9enne, ont annonc\u00e9 avoir trouv\u00e9 un terrain d\u2019entente sur un nouvel accord commercial.<\/strong><\/p>\n<p>L\u2019annonce a \u00e9t\u00e9 faite lors d\u2019une conf\u00e9rence de presse \u00e0 Trump Turnberry, en \u00c9cosse, \u00e0 l\u2019issue de n\u00e9gociations. L\u2019accord pr\u00e9voit que les \u00c9tats-Unis appliqueront un droit de douane de 15 % sur les produits de l\u2019Union europ\u00e9enne. Ce taux constitue une limite maximale, car il n\u2019est pas automatique pour toutes les importations.<\/p>\n<p>Certaines exclusions ont \u00e9t\u00e9 pr\u00e9cis\u00e9es. Les produits pharmaceutiques ne seront pas soumis \u00e0 ces droits. En revanche, les droits de 50 % d\u00e9j\u00e0 en place sur l\u2019acier et l\u2019aluminium europ\u00e9ens resteront en vigueur.<\/p>\n<p>Les deux parties ont pr\u00e9sent\u00e9 cet accord comme une \u00e9tape vers un \u00ab r\u00e9tablissement de l\u2019\u00e9quilibre commercial \u00bb et une volont\u00e9 de renforcer le commerce bilat\u00e9ral. Les \u00c9tats-Unis auront la possibilit\u00e9 d\u2019imposer ce droit de 15 %, tout en laissant certaines exportations am\u00e9ricaines strat\u00e9giques b\u00e9n\u00e9ficier d\u2019un acc\u00e8s sans droits.<\/p>\n<p>De leur c\u00f4t\u00e9, l\u2019Union europ\u00e9enne s\u2019est engag\u00e9e \u00e0 acheter pour 750 milliards de dollars d\u2019\u00e9nergie am\u00e9ricaine, tout en investissant 600 milliards de dollars suppl\u00e9mentaires aux \u00c9tats-Unis.<\/p>\n<p>Au cours de la conf\u00e9rence, Donald Trump a exprim\u00e9 son espoir que cet accord permettrait aux voitures am\u00e9ricaines de revenir sur le march\u00e9 europ\u00e9en et faciliterait l\u2019exportation agricole vers l\u2019Europe. Ursula von der Leyen a insist\u00e9 sur le fait que cet accord doit apporter stabilit\u00e9 et pr\u00e9visibilit\u00e9 aux deux partenaires, tout en pr\u00e9cisant que certains secteurs, comme celui des spiritueux, restent \u00e0 d\u00e9battre.<\/p>\n<p>L\u2019accord a n\u00e9anmoins \u00e9t\u00e9 accueilli avec des r\u00e9serves par certains responsables europ\u00e9ens. Bernd Lange, pr\u00e9sident de la commission du commerce au Parlement europ\u00e9en, a critiqu\u00e9 l\u2019ambitieux programme d\u2019investissements am\u00e9ricains, notamment dans la technologie militaire, qu\u2019il juge contraire aux int\u00e9r\u00eats europ\u00e9ens. Il souligne que cet accord pourrait freiner le d\u00e9veloppement \u00e9conomique de l\u2019UE et peser n\u00e9gativement sur son PIB.<\/p>\n<p>Selon l\u2019Institut Kiel pour l\u2019\u00e9conomie mondiale, ces droits de douane pourraient r\u00e9duire le PIB allemand de 0,15 % en un an, ce qui repr\u00e9sente une perte de 6,5 milliards d\u2019euros. Le PIB total de l\u2019UE pourrait aussi diminuer de 0,1 %.<\/p>\n<p>Le ministre finlandais du commerce ext\u00e9rieur, Ville Tavio, partage ces inqui\u00e9tudes, estimant que le niveau des droits de douane reste trop \u00e9lev\u00e9, malgr\u00e9 une certaine apaisement. La suite des n\u00e9gociations reste donc cruciale pour pr\u00e9ciser les contours de cet accord.<\/p>\n","protected":false},"excerpt":{"rendered":"Ce dimanche, Donald Trump, pr\u00e9sident des \u00c9tats-Unis, et Ursula von der Leyen, pr\u00e9sidente de la Commission europ\u00e9enne, ont&hellip;\n","protected":false},"author":2,"featured_media":281690,"comment_status":"","ping_status":"","sticky":false,"template":"","format":"standard","meta":{"footnotes":""},"categories":[1589],"tags":[11,73,1866,12,1864,1865,1863,308],"class_list":{"0":"post-281689","1":"post","2":"type-post","3":"status-publish","4":"format-standard","5":"has-post-thumbnail","7":"category-etats-unis","8":"tag-actualites","9":"tag-etats-unis","10":"tag-etats-unis-damerique","11":"tag-news","12":"tag-united-states","13":"tag-united-states-of-america","14":"tag-us","15":"tag-usa"},"share_on_mastodon":{"url":"https:\/\/pubeurope.com\/@fr\/114936077645937548","error":""},"_links":{"self":[{"href":"https:\/\/www.europesays.com\/fr\/wp-json\/wp\/v2\/posts\/281689","targetHints":{"allow":["GET"]}}],"collection":[{"href":"https:\/\/www.europesays.com\/fr\/wp-json\/wp\/v2\/posts"}],"about":[{"href":"https:\/\/www.europesays.com\/fr\/wp-json\/wp\/v2\/types\/post"}],"author":[{"embeddable":true,"href":"https:\/\/www.europesays.com\/fr\/wp-json\/wp\/v2\/users\/2"}],"replies":[{"embeddable":true,"href":"https:\/\/www.europesays.com\/fr\/wp-json\/wp\/v2\/comments?post=281689"}],"version-history":[{"count":0,"href":"https:\/\/www.europesays.com\/fr\/wp-json\/wp\/v2\/posts\/281689\/revisions"}],"wp:featuredmedia":[{"embeddable":true,"href":"https:\/\/www.europesays.com\/fr\/wp-json\/wp\/v2\/media\/281690"}],"wp:attachment":[{"href":"https:\/\/www.europesays.com\/fr\/wp-json\/wp\/v2\/media?parent=281689"}],"wp:term":[{"taxonomy":"category","embeddable":true,"href":"https:\/\/www.europesays.com\/fr\/wp-json\/wp\/v2\/categories?post=281689"},{"taxonomy":"post_tag","embeddable":true,"href":"https:\/\/www.europesays.com\/fr\/wp-json\/wp\/v2\/tags?post=281689"}],"curies":[{"name":"wp","href":"https:\/\/api.w.org\/{rel}","templated":true}]}}