{"id":281691,"date":"2025-07-29T10:35:10","date_gmt":"2025-07-29T10:35:10","guid":{"rendered":"https:\/\/www.europesays.com\/fr\/281691\/"},"modified":"2025-07-29T10:35:10","modified_gmt":"2025-07-29T10:35:10","slug":"la-france-en-ebullition-contre-la-loi-duplomb","status":"publish","type":"post","link":"https:\/\/www.europesays.com\/fr\/281691\/","title":{"rendered":"la France en \u00e9bullition contre la loi Duplomb"},"content":{"rendered":"\n<p>Des ruches sont install\u00e9es au pied des arbres, nich\u00e9es au fond du jardin. Les feuilles sont encore humides de la pluie tomb\u00e9e dans la nuit, et seuls les caqu\u00e8tements des poules en goguette sur la pelouse viennent troubler le silence du matin.<\/p>\n<p>Mais malgr\u00e9 l\u2019atmosph\u00e8re paisible de la maison, Carolyn Bouguet, la propri\u00e9taire des lieux, ne peut contenir sa col\u00e8re et son inqui\u00e9tude depuis que l\u2019Assembl\u00e9e nationale a adopt\u00e9 une loi levant l\u2019interdiction de l\u2019ac\u00e9tamipride. Car ce pesticide, d\u00e9plore-t-elle, est une menace pour les abeilles qu\u2019elle accueille depuis une dizaine d\u2019ann\u00e9es dans son jardin de Saint-Ch\u00e9ron, petite commune d\u2019\u00cele-de-France, et plus largement pour la biodiversit\u00e9 et la sant\u00e9 humaine.<\/p>\n<blockquote><p>\u201cLe plus terrifiant dans tout \u00e7a, c\u2019est que j\u2019ai l\u2019impression de jouer ma sant\u00e9 \u00e0 la roulette, d\u2019attendre de savoir quelle maladie va me tomber dessus.\u201d<\/p><\/blockquote>\n<p>Carolyn Bouguet, 58\u00a0ans, administratrice de l\u2019Union nationale de l\u2019apiculture fran\u00e7aise (Unaf), est loin d\u2019\u00eatre la seule \u00e0 s\u2019inqui\u00e9ter. Si l\u2019ac\u00e9tamipride est largement m\u00e9connu du grand public au Royaume-Uni, o\u00f9 cet insecticide a \u00e9t\u00e9 utilis\u00e9 pour traiter 69\u00a0826 hectares de terres cultivables et 14\u00a0010 hectares de vergers en 2022, il d\u00e9cha\u00eene les passions en France depuis le d\u00e9but de l\u2019\u00e9t\u00e9. Sa r\u00e9introduction vient secouer encore un peu<\/p>\n<p> <strong>La\u00a0suite est r\u00e9serv\u00e9e aux abonn\u00e9s\u2026<\/strong>  <\/p>\n<p class=\"article-authors\">                         <a href=\"https:\/\/www.courrierinternational.com\/auteur\/adam-sage\" target=\"_blank\" rel=\"noopener\">Adam Sage<\/a>    <\/p>\n<p class=\"article-vo\"><a href=\"https:\/\/www.thetimes.com\/article\/085fbfd9-aad7-46c0-9a7b-345005a8d80b\" rel=\"noopener\" target=\"_blank\">Lire l\u2019article original<\/a><\/p>\n<p>Source de l\u2019article<\/p>\n<p>   <img decoding=\"async\" class=\"source-logo\" src=\"https:\/\/www.europesays.com\/fr\/wp-content\/uploads\/2025\/04\/1745749512_584_6daa7ca_1643653582538-the-times.jpg\"  alt=\"Logo\" loading=\"lazy\" width=\"32\" height=\"32\"\/>  The Times  (Londres)       <\/p>\n<p>Le plus ancien des quotidiens britanniques (1785) et le plus connu \u00e0 l\u2019\u00e9tranger appartient depuis 1981\u00a0\u00e0 News UK, propri\u00e9t\u00e9 du milliardaire Rupert Murdoch. De tendance conservatrice, il a longtemps \u00e9t\u00e9 le journal de r\u00e9f\u00e9rence et la voix de l\u2019establishment. En 2016, The Times se prononce contre la sortie du Royaume-Uni de l\u2019Union europ\u00e9enne et continue de militer pour la pr\u00e9servation de bonnes relations avec le continent.<\/p>\n<p>Aux quelque 360\u00a0000\u00a0lecteurs du journal en version papier s\u2019ajoutent plus de 400\u00a0000\u00a0abonn\u00e9s num\u00e9riques. Au d\u00e9but de l\u2019agression russe en Ukraine, le 24\u00a0f\u00e9vrier 2022, le site de The Times (partag\u00e9 avec son \u00e9dition dominicale The Sunday Times) enregistre 1\u00a0000\u00a0nouveaux abonnements par jour, reflet de son excellent travail de terrain en mati\u00e8re d\u2019actualit\u00e9 internationale. Sept reporters couvrent le conflit en permanence, sur le terrain.<\/p>\n<p>En 2020, News UK a lanc\u00e9 Times Radio, station de radio g\u00e9n\u00e9raliste pens\u00e9e pour concurrencer BBC Radio 4, l\u2019\u00e9quivalent britannique de France Inter. Anim\u00e9es en partie par des journalistes de la r\u00e9daction de The Times, ses \u00e9missions attirent un demi-million d\u2019auditeurs par semaine.<\/p>\n<p>      <a href=\"https:\/\/www.courrierinternational.com\/notule-source\/the-times\" class=\"source-link\" target=\"_blank\" rel=\"noopener\">Lire la suite<\/a>                 <\/p>\n<p>Nos services<\/p>\n","protected":false},"excerpt":{"rendered":"Des ruches sont install\u00e9es au pied des arbres, nich\u00e9es au fond du jardin. Les feuilles sont encore humides&hellip;\n","protected":false},"author":2,"featured_media":281692,"comment_status":"","ping_status":"","sticky":false,"template":"","format":"standard","meta":{"footnotes":""},"categories":[1588],"tags":[30906,11,327,1777,674,27,3821,12,2091,316,473,1853,1857,174,1851,1850,1852],"class_list":{"0":"post-281691","1":"post","2":"type-post","3":"status-publish","4":"format-standard","5":"has-post-thumbnail","7":"category-royaume-uni","8":"tag-abeilles","9":"tag-actualites","10":"tag-agriculture","11":"tag-eu","12":"tag-europe","13":"tag-france","14":"tag-la-france-vue-de-lu2019u00e9tranger","15":"tag-news","16":"tag-pesticides","17":"tag-politique","18":"tag-royaume-uni","19":"tag-royaume-uni-de-grande-bretagne-et-dirlande-du-nord","20":"tag-sociu00e9tu00e9","21":"tag-u00e9cologie","22":"tag-uk","23":"tag-united-kingdom","24":"tag-united-kingdom-of-great-britain-and-northern-ireland"},"share_on_mastodon":{"url":"https:\/\/pubeurope.com\/@fr\/114936081688012282","error":""},"_links":{"self":[{"href":"https:\/\/www.europesays.com\/fr\/wp-json\/wp\/v2\/posts\/281691","targetHints":{"allow":["GET"]}}],"collection":[{"href":"https:\/\/www.europesays.com\/fr\/wp-json\/wp\/v2\/posts"}],"about":[{"href":"https:\/\/www.europesays.com\/fr\/wp-json\/wp\/v2\/types\/post"}],"author":[{"embeddable":true,"href":"https:\/\/www.europesays.com\/fr\/wp-json\/wp\/v2\/users\/2"}],"replies":[{"embeddable":true,"href":"https:\/\/www.europesays.com\/fr\/wp-json\/wp\/v2\/comments?post=281691"}],"version-history":[{"count":0,"href":"https:\/\/www.europesays.com\/fr\/wp-json\/wp\/v2\/posts\/281691\/revisions"}],"wp:featuredmedia":[{"embeddable":true,"href":"https:\/\/www.europesays.com\/fr\/wp-json\/wp\/v2\/media\/281692"}],"wp:attachment":[{"href":"https:\/\/www.europesays.com\/fr\/wp-json\/wp\/v2\/media?parent=281691"}],"wp:term":[{"taxonomy":"category","embeddable":true,"href":"https:\/\/www.europesays.com\/fr\/wp-json\/wp\/v2\/categories?post=281691"},{"taxonomy":"post_tag","embeddable":true,"href":"https:\/\/www.europesays.com\/fr\/wp-json\/wp\/v2\/tags?post=281691"}],"curies":[{"name":"wp","href":"https:\/\/api.w.org\/{rel}","templated":true}]}}