{"id":281693,"date":"2025-07-29T10:36:22","date_gmt":"2025-07-29T10:36:22","guid":{"rendered":"https:\/\/www.europesays.com\/fr\/281693\/"},"modified":"2025-07-29T10:36:22","modified_gmt":"2025-07-29T10:36:22","slug":"euro-espoirs-2025-comment-voir-la-demi-finale-entre-la-france-et-lallemagne","status":"publish","type":"post","link":"https:\/\/www.europesays.com\/fr\/281693\/","title":{"rendered":"Euro Espoirs 2025 : Comment voir la demi-finale entre la France et l&rsquo;Allemagne ?"},"content":{"rendered":"<p>Les Bleuets ne sont plus qu\u2019\u00e0 deux matchs d\u2019un deuxi\u00e8me sacre continental, 37 ans apr\u00e8s leur unique victoire \u00e0 l\u2019<strong>Euro Espoirs<\/strong> en 1988.<\/p>\n<p>Pour entretenir ce r\u00eave, ils devront se d\u00e9faire d&rsquo;une redoutable \u00e9quipe allemande en demi-finale, mercredi 25 juin.<\/p>\n<p>Seule nation \u00e0 avoir r\u00e9alis\u00e9 un sans-faute lors de la phase de groupes, la Mannschaft Espoirs impressionne depuis le d\u00e9but du tournoi, port\u00e9e par l&rsquo;attaquant du VfB Stuttgart <strong>Nick Woltemade<\/strong>, auteur de 5 buts et 3 passes d\u00e9cisives en quatre matchs.<\/p>\n<p>Les Allemands ont toutefois d\u00fb puiser dans leurs r\u00e9serves pour \u00e9liminer l&rsquo;Italie en quart de finale. R\u00e9duits \u00e0 neuf, les Italiens ont pouss\u00e9 l\u2019Allemagne en prolongation avant de s\u2019incliner 3-2 au terme d\u2019un match \u00e9pique.<\/p>\n<p>Les Bleuets, de leur c\u00f4t\u00e9, ont une nouvelle fois montr\u00e9 leur force de caract\u00e8re pour venir \u00e0 bout du Danemark en quart. Men\u00e9s 1-0 puis 2-1, les hommes de <strong>G\u00e9rald Baticle<\/strong> ont renvers\u00e9 la situation en fin de rencontre, gr\u00e2ce \u00e0 deux buts sign\u00e9s Quentin Merlin (84e) et Mathys Tel (85e) en l&rsquo;espace d&rsquo;une minute. Un mental d\u2019acier qu\u2019ils devront \u00e0 nouveau mobiliser face \u00e0 l\u2019Allemagne mercredi.<\/p>\n<p>L\u2019autre demi-finale opposera l\u2019Angleterre aux Pays-Bas, trois heures avant le match des Fran\u00e7ais.<\/p>\n<p>D\u00e9couvrez comment suivre en direct la demi-finale de l&rsquo;Euro U21 entre la France et l&rsquo;Allemagne.<\/p>\n","protected":false},"excerpt":{"rendered":"Les Bleuets ne sont plus qu\u2019\u00e0 deux matchs d\u2019un deuxi\u00e8me sacre continental, 37 ans apr\u00e8s leur unique victoire&hellip;\n","protected":false},"author":2,"featured_media":281694,"comment_status":"","ping_status":"","sticky":false,"template":"","format":"standard","meta":{"footnotes":""},"categories":[1587],"tags":[11,672,1804,1805,1803,1777,674,1801,12,1802],"class_list":{"0":"post-281693","1":"post","2":"type-post","3":"status-publish","4":"format-standard","5":"has-post-thumbnail","7":"category-allemagne","8":"tag-actualites","9":"tag-allemagne","10":"tag-bundesrepublik-deutschland","11":"tag-de","12":"tag-deutschland","13":"tag-eu","14":"tag-europe","15":"tag-germany","16":"tag-news","17":"tag-republique-federale-dallemagne"},"share_on_mastodon":{"url":"https:\/\/pubeurope.com\/@fr\/114936085577273534","error":""},"_links":{"self":[{"href":"https:\/\/www.europesays.com\/fr\/wp-json\/wp\/v2\/posts\/281693","targetHints":{"allow":["GET"]}}],"collection":[{"href":"https:\/\/www.europesays.com\/fr\/wp-json\/wp\/v2\/posts"}],"about":[{"href":"https:\/\/www.europesays.com\/fr\/wp-json\/wp\/v2\/types\/post"}],"author":[{"embeddable":true,"href":"https:\/\/www.europesays.com\/fr\/wp-json\/wp\/v2\/users\/2"}],"replies":[{"embeddable":true,"href":"https:\/\/www.europesays.com\/fr\/wp-json\/wp\/v2\/comments?post=281693"}],"version-history":[{"count":0,"href":"https:\/\/www.europesays.com\/fr\/wp-json\/wp\/v2\/posts\/281693\/revisions"}],"wp:featuredmedia":[{"embeddable":true,"href":"https:\/\/www.europesays.com\/fr\/wp-json\/wp\/v2\/media\/281694"}],"wp:attachment":[{"href":"https:\/\/www.europesays.com\/fr\/wp-json\/wp\/v2\/media?parent=281693"}],"wp:term":[{"taxonomy":"category","embeddable":true,"href":"https:\/\/www.europesays.com\/fr\/wp-json\/wp\/v2\/categories?post=281693"},{"taxonomy":"post_tag","embeddable":true,"href":"https:\/\/www.europesays.com\/fr\/wp-json\/wp\/v2\/tags?post=281693"}],"curies":[{"name":"wp","href":"https:\/\/api.w.org\/{rel}","templated":true}]}}