{"id":281704,"date":"2025-07-29T10:44:13","date_gmt":"2025-07-29T10:44:13","guid":{"rendered":"https:\/\/www.europesays.com\/fr\/281704\/"},"modified":"2025-07-29T10:44:13","modified_gmt":"2025-07-29T10:44:13","slug":"un-international-italien-affole-le-marche-la-rochelle-et-le-rct-dans-le-coup","status":"publish","type":"post","link":"https:\/\/www.europesays.com\/fr\/281704\/","title":{"rendered":"un international italien affole le march\u00e9, La Rochelle et le RCT dans le coup"},"content":{"rendered":"<p>Plusieurs gros clubs fran\u00e7ais sont \u00e0 la recherche d\u2019un centre pour 2026. Le Stade Toulousain, le Stade Rochelais et le Rugby Club Toulonnais sont directement concern\u00e9s et pourraient s\u2019affronter sur le march\u00e9 des transferts. Alors que le nom d\u2019Emilien Gailleton est suivi par ces trois \u00e9quipes, lui dont le contrat prend fin en juin prochain avec la Section Paloise, l\u2019international fran\u00e7ais n\u2019est pas le seul candidat.<\/p>\n<p>Toulon et La Rochelle \u00e0 fond sur Menoncello<\/p>\n<p>Comme le rapporte <a href=\"https:\/\/www.rugbyrama.fr\/2025\/07\/27\/transfertstop-14-gailleton-menoncello-nouchi-les-gros-dossiers-du-marche-12847260.php\" rel=\"nofollow noopener\" target=\"_blank\">Rubgyrama<\/a>, Tommaso Menoncello est \u00e9galement une cible prioritaire pour le RCT et le Stade Rochelais, le Stade Toulousain restant \u00e9galement \u00e0 l\u2019aff\u00fbt. A seulement 22 ans, il compte d\u00e9j\u00e0 31 s\u00e9lections avec l\u2019Italie et est consid\u00e9r\u00e9 comme l\u2019un des meilleurs 13 d\u2019Europe. D\u00e9j\u00e0 proche de quitter Tr\u00e9vise durant l\u2019intersaison, Menoncello va avoir le loisir de faire son choix entre certaines des meilleures \u00e9quipes du Top 14.<\/p>\n<p>Partagez cette info avec vos amis et vos proches en cliquant ici<br \/>Pour r\u00e9sumer<\/p>\n<p>Un grand nom de la s\u00e9lection italienne est dans le viseur de plusieurs gros clubs fran\u00e7ais alors qu\u2019il arrive en fin de contrat \u00e0 l\u2019issue de la saison. Il devrait faire l\u2019objet d\u2019intenses n\u00e9gociations. Tommaso Menoncello int\u00e9resse La Rochelle Toulon et Toulouse.<\/p>\n<p> <img decoding=\"async\" width=\"76\" height=\"76\" loading=\"lazy\" src=\"https:\/\/www.europesays.com\/fr\/wp-content\/uploads\/2025\/04\/avatar-quinze.png\" alt=\"Arnaud D\u00e9chelotte\"\/><\/p>\n","protected":false},"excerpt":{"rendered":"Plusieurs gros clubs fran\u00e7ais sont \u00e0 la recherche d\u2019un centre pour 2026. Le Stade Toulousain, le Stade Rochelais&hellip;\n","protected":false},"author":2,"featured_media":281705,"comment_status":"","ping_status":"","sticky":false,"template":"","format":"standard","meta":{"footnotes":""},"categories":[1416],"tags":[1011,27,479,1468,60],"class_list":{"0":"post-281704","1":"post","2":"type-post","3":"status-publish","4":"format-standard","5":"has-post-thumbnail","7":"category-rugby","8":"tag-fr","9":"tag-france","10":"tag-rugby","11":"tag-rugby-football","12":"tag-sports"},"share_on_mastodon":{"url":"https:\/\/pubeurope.com\/@fr\/114936117036576539","error":""},"_links":{"self":[{"href":"https:\/\/www.europesays.com\/fr\/wp-json\/wp\/v2\/posts\/281704","targetHints":{"allow":["GET"]}}],"collection":[{"href":"https:\/\/www.europesays.com\/fr\/wp-json\/wp\/v2\/posts"}],"about":[{"href":"https:\/\/www.europesays.com\/fr\/wp-json\/wp\/v2\/types\/post"}],"author":[{"embeddable":true,"href":"https:\/\/www.europesays.com\/fr\/wp-json\/wp\/v2\/users\/2"}],"replies":[{"embeddable":true,"href":"https:\/\/www.europesays.com\/fr\/wp-json\/wp\/v2\/comments?post=281704"}],"version-history":[{"count":0,"href":"https:\/\/www.europesays.com\/fr\/wp-json\/wp\/v2\/posts\/281704\/revisions"}],"wp:featuredmedia":[{"embeddable":true,"href":"https:\/\/www.europesays.com\/fr\/wp-json\/wp\/v2\/media\/281705"}],"wp:attachment":[{"href":"https:\/\/www.europesays.com\/fr\/wp-json\/wp\/v2\/media?parent=281704"}],"wp:term":[{"taxonomy":"category","embeddable":true,"href":"https:\/\/www.europesays.com\/fr\/wp-json\/wp\/v2\/categories?post=281704"},{"taxonomy":"post_tag","embeddable":true,"href":"https:\/\/www.europesays.com\/fr\/wp-json\/wp\/v2\/tags?post=281704"}],"curies":[{"name":"wp","href":"https:\/\/api.w.org\/{rel}","templated":true}]}}