{"id":281706,"date":"2025-07-29T10:45:12","date_gmt":"2025-07-29T10:45:12","guid":{"rendered":"https:\/\/www.europesays.com\/fr\/281706\/"},"modified":"2025-07-29T10:45:12","modified_gmt":"2025-07-29T10:45:12","slug":"si-je-gagne-ce-tournoi-je-ne-prendrai-pas-ma-retraite-eugenie-bouchard-remporte-son-premier-match-a-montreal-lequipe","status":"publish","type":"post","link":"https:\/\/www.europesays.com\/fr\/281706\/","title":{"rendered":"\u00ab Si je gagne ce tournoi, je ne prendrai pas ma retraite \u00bb : Eugenie Bouchard remporte son premier match \u00e0 Montr\u00e9al &#8211; L&#039;\u00c9quipe"},"content":{"rendered":"<ol>\n<li><a href=\"https:\/\/news.google.com\/rss\/articles\/CBMi7wFBVV95cUxOekdjZGl1Q3JzS0czVXpkWU43OXgzVExlYThSX21KYWFaWTJ1V21DUUpyRzdpYThWTG1JVnJ5LXRqM1lPb3ZIZ3lvblA3TFlvWko5ckFfMGFaY0t3bkhZbzQ5dmRKd2c0MU9wUWxEM044aGVwSlJtS2hUVjJWcFVWU2t5YU9YRGNaRFY1SjVJckdOc2R3alBPS3ozd3NXN200V0Zjam13bXdOYjFGQkxIRVE2N1NZVlJ5MnBVZURnMFJVTlVTaHMwbmJPRFJoc3lKNDNrNlpLT052MDIyWmVlc2NmNlBkSXhnNGZ6ckY5Yw?oc=5\" target=\"_blank\" rel=\"nofollow noopener\">\u00ab Si je gagne ce tournoi, je ne prendrai pas ma retraite \u00bb : Eugenie Bouchard remporte son premier match \u00e0 Montr\u00e9al<\/a>&nbsp;&nbsp;L&rsquo;\u00c9quipe<\/li>\n<li><a href=\"https:\/\/news.google.com\/rss\/articles\/CBMiyAFBVV95cUxORHNkczN3enhMZGtWdUtYc0hGdVluWEJpUU9YZUpVcFVLWHR0N0lSN3RYUEYtWFh3QXJteFVYOGd1cWVGQkNMNmp3aTRsQzV1ZkpyNUI4anBBYkN2MlhhRU5OdEdzWjlYUlNxQi03a1RIb3ZsbnU3cGFiMG12Z3k4RzA4RGZtVFB4aldPVWtTT3BhNktQV3g0Y0hYb3dJb0VNc2RDV2NEZUZ6SWs0aXI0QXNzelRqaS1xLUJSbXFBbWEyeDBKX0J0eg?oc=5\" target=\"_blank\" rel=\"nofollow noopener\">Bouchard va d\u00e9fier Bencic au 2e tour, pour le dernier match de sa carri\u00e8re?<\/a>&nbsp;&nbsp;rts.ch<\/li>\n<li><a href=\"https:\/\/news.google.com\/rss\/articles\/CBMie0FVX3lxTE02UUs3dXZWQTBHQ3VwVDlMbl9TakdMNDhRWUoxcnAtWlZ2Wlk4VW1iNlIzTzJiVEhHeUZYT2ZaalV1ZUd1X2VCZWdsTHBoVlc0YjhXUU9lV0VoOXhvak5TQTBPQ3pBVDRfT2Rldzg1d0F5X1hLb1ByWmtoTQ?oc=5\" target=\"_blank\" rel=\"nofollow noopener\">ATP &#8211; Montr\u00e9al &gt; Bouchard, le g\u00e9nie retrouv\u00e9&#8230;<\/a>&nbsp;&nbsp;We Love Tennis<\/li>\n<li><a href=\"https:\/\/news.google.com\/rss\/articles\/CBMixwFBVV95cUxQYzdfRkt5M0IzQU91aEpJUzZBSXpDVV9hMTZldTQ4OEdRSGNVQS04aGhiWjZRVGkxcU14M0dabm91OVVIY212SS15V2pNTnNQSS1DTmE1OTAyWk04WWZ5X0xJU2MtSW9qRHNKTzczYXFwc242bDY1S1Z6ZEF6M25peFhaODV6N0lDcTlSMThPeWFKQ3ZKTGh3TkhxcDZMSGVza3cxeDRwc1VGYXVHR1ZHcHN2U3BDVVp3ZW9oa2NvcDJPT2ZtTVlJ?oc=5\" target=\"_blank\" rel=\"nofollow noopener\">Omnium Banque Nationale | Bouchard repousse la retraite d\u2019au moins deux jours<\/a>&nbsp;&nbsp;La Presse<\/li>\n<li><a href=\"https:\/\/news.google.com\/rss\/articles\/CBMiyAFBVV95cUxNLWFfaDZXbnRBNlk3TXNsVXpTeHFpWnZWVDczeDhLMmNEWTk0ZU1VNDh4QzJ3aEtyRk9Nb2ZZWlg2d1JUT0FZNC1fRm9MenozWFhKNXFHR0I0MHZCc0ttelJqaDQtSUFRM242NEJ3blByeW93OGJIc1R6TjQ3ZTNQZlVqYkVhRWlfZ2Jia1RWd0FQejNLRXJGOHlfOEhJZTJZdjVMR3lIRTBLcGptalUxN1Nqb1lHZEwwMU15cXRHT1ZrcDFxMFNNcQ?oc=5\" target=\"_blank\" rel=\"nofollow noopener\">Tennis : Eugenie Bouchard repousse la retraite en gagnant son match de premier tour \u00e0 Montr\u00e9al<\/a>&nbsp;&nbsp;RDS<\/li>\n<\/ol>\n","protected":false},"excerpt":{"rendered":"\u00ab Si je gagne ce tournoi, je ne prendrai pas ma retraite \u00bb : Eugenie Bouchard remporte son&hellip;\n","protected":false},"author":2,"featured_media":281707,"comment_status":"","ping_status":"","sticky":false,"template":"","format":"standard","meta":{"footnotes":""},"categories":[1415],"tags":[1011,27,60,1467],"class_list":{"0":"post-281706","1":"post","2":"type-post","3":"status-publish","4":"format-standard","5":"has-post-thumbnail","7":"category-tennis","8":"tag-fr","9":"tag-france","10":"tag-sports","11":"tag-tennis"},"share_on_mastodon":{"url":"https:\/\/pubeurope.com\/@fr\/114936120936041848","error":""},"_links":{"self":[{"href":"https:\/\/www.europesays.com\/fr\/wp-json\/wp\/v2\/posts\/281706","targetHints":{"allow":["GET"]}}],"collection":[{"href":"https:\/\/www.europesays.com\/fr\/wp-json\/wp\/v2\/posts"}],"about":[{"href":"https:\/\/www.europesays.com\/fr\/wp-json\/wp\/v2\/types\/post"}],"author":[{"embeddable":true,"href":"https:\/\/www.europesays.com\/fr\/wp-json\/wp\/v2\/users\/2"}],"replies":[{"embeddable":true,"href":"https:\/\/www.europesays.com\/fr\/wp-json\/wp\/v2\/comments?post=281706"}],"version-history":[{"count":0,"href":"https:\/\/www.europesays.com\/fr\/wp-json\/wp\/v2\/posts\/281706\/revisions"}],"wp:featuredmedia":[{"embeddable":true,"href":"https:\/\/www.europesays.com\/fr\/wp-json\/wp\/v2\/media\/281707"}],"wp:attachment":[{"href":"https:\/\/www.europesays.com\/fr\/wp-json\/wp\/v2\/media?parent=281706"}],"wp:term":[{"taxonomy":"category","embeddable":true,"href":"https:\/\/www.europesays.com\/fr\/wp-json\/wp\/v2\/categories?post=281706"},{"taxonomy":"post_tag","embeddable":true,"href":"https:\/\/www.europesays.com\/fr\/wp-json\/wp\/v2\/tags?post=281706"}],"curies":[{"name":"wp","href":"https:\/\/api.w.org\/{rel}","templated":true}]}}