{"id":281708,"date":"2025-07-29T10:46:14","date_gmt":"2025-07-29T10:46:14","guid":{"rendered":"https:\/\/www.europesays.com\/fr\/281708\/"},"modified":"2025-07-29T10:46:14","modified_gmt":"2025-07-29T10:46:14","slug":"alencon-et-tarbes-exclus-de-la-lf2-la-ffbb-officialise-leur-absence-pour-2025-2026","status":"publish","type":"post","link":"https:\/\/www.europesays.com\/fr\/281708\/","title":{"rendered":"Alen\u00e7on et Tarbes exclus de la LF2 : la FFBB officialise leur absence pour 2025-2026"},"content":{"rendered":"<p data-start=\"424\" data-end=\"800\">Ce vendredi 25 juillet 2025, la F\u00e9d\u00e9ration fran\u00e7aise de basketball (FFBB) a act\u00e9 la composition officielle de la Ligue F\u00e9minine 2 pour la saison \u00e0 venir. Une annonce attendue qui confirme la non-participation de l\u2019USBD Alen\u00e7on et du\u00a0<a target=\"_blank\" rel=\"noopener nofollow\" href=\"https:\/\/www.bebasket.fr\/equipe\/tarbes\">Tarbes<\/a> Gespe Bigorre, deux clubs rel\u00e9gu\u00e9s administrativement, et qui acte la fin (ou au moins la mise en sommeil) de leur aventure dans le basket professionnel.<\/p>\n<blockquote class=\"twitter-tweet\" data-width=\"550\" data-dnt=\"true\">\n<p lang=\"fr\" dir=\"ltr\">\ud83d\udea8 Le Bureau F\u00e9d\u00e9ral de la FFBB a valid\u00e9 la composition de la Ligue F\u00e9minine 2 (LF2) pour la saison 2025-2026.<\/p>\n<p>+ d&rsquo;infos \ud83d\udc49 <a href=\"https:\/\/t.co\/oStvf07gNo\" rel=\"nofollow\">https:\/\/t.co\/oStvf07gNo<\/a> <a href=\"https:\/\/t.co\/bjnPVJbUKp\" rel=\"nofollow\">pic.twitter.com\/bjnPVJbUKp<\/a><\/p>\n<p>\u2014 F\u00e9d\u00e9ration Fran\u00e7aise de BasketBall (@ffbasketball) <a href=\"https:\/\/twitter.com\/ffbasketball\/status\/1950103841674084353?ref_src=twsrc%5Etfw\" rel=\"nofollow noopener\" target=\"_blank\">July 29, 2025<\/a><\/p>\n<\/blockquote>\n<p><strong>La FFBB acte la disparition d\u2019Alen\u00e7on en LF2<\/strong><\/p>\n<p data-start=\"852\" data-end=\"1237\">D\u00e9j\u00e0 menac\u00e9 de disparition apr\u00e8s sa rel\u00e9gation en championnat r\u00e9gional pour raisons financi\u00e8res, l\u2019USBD Alen\u00e7on ne figure logiquement pas dans la liste des 14 clubs engag\u00e9s pour la saison 2025-2026. Le club ornais, en cessation de paiements et sous la menace d\u2019une liquidation judiciaire, voit ainsi se refermer les portes de la deuxi\u00e8me division, un an seulement apr\u00e8s y avoir acc\u00e9d\u00e9.<\/p>\n<p data-start=\"1239\" data-end=\"1484\">M\u00eame sort pour le Tarbes Gespe Bigorre, \u00e9galement absent de la composition d\u00e9voil\u00e9e par la FFBB. Le finaliste des playoffs 2025 de La Boulang\u00e8re Wonderligue n\u2019appara\u00eet dans aucun championnat national f\u00e9minin pour la saison prochaine, un signe inqui\u00e9tant pour l\u2019avenir du club.<\/p>\n<p>LIRE AUSSI<\/p>\n<p><a href=\"https:\/\/www.bebasket.fr\/le-combat-continue-pour-tarbes-malgre-la-nouvelle-confirmation-de-sa-retrogradation\" rel=\"nofollow noopener\" target=\"_blank\"> <img decoding=\"async\" src=\"https:\/\/www.europesays.com\/fr\/wp-content\/uploads\/2025\/07\/si-tarbes-a-realise-une-superbe-campagne-2024-2025-au-point-datteindre-la-finale-la-situation-financ.jpeg\" alt=\"\"\/> <\/a><\/p>\n<p><strong>Deux rep\u00eachages conditionnels : la SIG et Bihorel appel\u00e9s en renfort<\/strong><\/p>\n<p data-start=\"1560\" data-end=\"1903\">Pour compenser les absences d\u2019Alen\u00e7on et de Tarbes, le Bureau F\u00e9d\u00e9ral de la FFBB a d\u00e9cid\u00e9 de faire appel au ranking de la Nationale F\u00e9minine 1 pour rep\u00eacher deux clubs : la SIG Graffenstaden Basket et le GCO Bihorel. Leur participation est cependant conditionn\u00e9e \u00e0 l\u2019obtention d\u2019un avis favorable de la Commission de Contr\u00f4le de Gestion (CCG).<\/p>\n<p data-start=\"1905\" data-end=\"2055\">Si l\u2019un des deux dossiers venait \u00e0 \u00eatre refus\u00e9, la FFBB indique que la LF2 fonctionnerait alors avec un ou deux clubs exempts sur la saison 2025-2026.<\/p>\n<p><strong>Une LF2 \u00e0 14 clubs\u2026 sous r\u00e9serve<\/strong><\/p>\n<p data-start=\"2095\" data-end=\"2542\">Outre ces deux rep\u00eachages, douze formations ont d\u2019ores et d\u00e9j\u00e0 re\u00e7u un feu vert de la CCG : Aulnoye, Feytiat, Aplemont Le Havre, Mondeville, Montbrison, Nice, Voiron, Saint-Amand, La Tronche Meylan, Monaco Basket Association, Champagne Basket et le P\u00f4le France. Si les engagements de la SIG et de Bihorel sont valid\u00e9s, la LF2 retrouvera bien ses 14 \u00e9quipes. Dans le cas contraire, le championnat pourrait d\u00e9buter le 27 septembre avec des trous dans le calendrier.<\/p>\n<p><script async src=\"https:\/\/platform.twitter.com\/widgets.js\" charset=\"utf-8\"><\/script><\/p>\n","protected":false},"excerpt":{"rendered":"Ce vendredi 25 juillet 2025, la F\u00e9d\u00e9ration fran\u00e7aise de basketball (FFBB) a act\u00e9 la composition officielle de la&hellip;\n","protected":false},"author":2,"featured_media":281709,"comment_status":"","ping_status":"","sticky":false,"template":"","format":"standard","meta":{"footnotes":""},"categories":[1414],"tags":[1465,1464,1011,27,60],"class_list":{"0":"post-281708","1":"post","2":"type-post","3":"status-publish","4":"format-standard","5":"has-post-thumbnail","7":"category-basket","8":"tag-basket","9":"tag-basketball","10":"tag-fr","11":"tag-france","12":"tag-sports"},"share_on_mastodon":{"url":"https:\/\/pubeurope.com\/@fr\/114936125090990015","error":""},"_links":{"self":[{"href":"https:\/\/www.europesays.com\/fr\/wp-json\/wp\/v2\/posts\/281708","targetHints":{"allow":["GET"]}}],"collection":[{"href":"https:\/\/www.europesays.com\/fr\/wp-json\/wp\/v2\/posts"}],"about":[{"href":"https:\/\/www.europesays.com\/fr\/wp-json\/wp\/v2\/types\/post"}],"author":[{"embeddable":true,"href":"https:\/\/www.europesays.com\/fr\/wp-json\/wp\/v2\/users\/2"}],"replies":[{"embeddable":true,"href":"https:\/\/www.europesays.com\/fr\/wp-json\/wp\/v2\/comments?post=281708"}],"version-history":[{"count":0,"href":"https:\/\/www.europesays.com\/fr\/wp-json\/wp\/v2\/posts\/281708\/revisions"}],"wp:featuredmedia":[{"embeddable":true,"href":"https:\/\/www.europesays.com\/fr\/wp-json\/wp\/v2\/media\/281709"}],"wp:attachment":[{"href":"https:\/\/www.europesays.com\/fr\/wp-json\/wp\/v2\/media?parent=281708"}],"wp:term":[{"taxonomy":"category","embeddable":true,"href":"https:\/\/www.europesays.com\/fr\/wp-json\/wp\/v2\/categories?post=281708"},{"taxonomy":"post_tag","embeddable":true,"href":"https:\/\/www.europesays.com\/fr\/wp-json\/wp\/v2\/tags?post=281708"}],"curies":[{"name":"wp","href":"https:\/\/api.w.org\/{rel}","templated":true}]}}