{"id":281710,"date":"2025-07-29T10:47:14","date_gmt":"2025-07-29T10:47:14","guid":{"rendered":"https:\/\/www.europesays.com\/fr\/281710\/"},"modified":"2025-07-29T10:47:14","modified_gmt":"2025-07-29T10:47:14","slug":"motogp-pietro-bagnaia-quand-jai-vu-que-marc-marquez-etait-a-pied-jai-reagi-comme-un-pere-pas-comme-un-fan-ou-un-adversaire-je-lai-ramene","status":"publish","type":"post","link":"https:\/\/www.europesays.com\/fr\/281710\/","title":{"rendered":"MotoGP, Pietro Bagnaia : \u00ab\u00a0quand j\u2019ai vu que Marc Marquez \u00e9tait \u00e0 pied, j\u2019ai r\u00e9agi comme un p\u00e8re, pas comme un fan ou un adversaire. Je l\u2019ai ramen\u00e9\u00a0\u00bb"},"content":{"rendered":"<p><strong>Ce samedi des qualifications MotoGP \u00e0 Brno restera grav\u00e9<br \/>\ndans les m\u00e9moires. Marc Marquez, victime d\u2019une chute dans son<br \/>\ndernier tour lanc\u00e9, se retrouve sans moto. C\u2019est alors que Pietro<br \/>\nBagnaia, p\u00e8re de Pecco, surgit sur un scooter pour le ramener au<br \/>\nstand. Un geste simple, instinctif, mais profond\u00e9ment symbolique.<br \/>\nDans cette interview, Pietro revient sur ce moment inattendu\u2026 et<br \/>\nsur tout ce qui a construit son fils, depuis les premi\u00e8res roues<br \/>\njusqu\u2019au sommet du MotoGP.<\/strong><\/p>\n<p>\u00ab Pecco me demandait chaque jour de faire de la moto \u00bb,<br \/>\nse souvient Pietro. \u00ab M\u00eame quand il ne pouvait pas, <strong>il<br \/>\nprenait son v\u00e9lo en faisant semblant<\/strong>. Il \u00e9tait fascin\u00e9 par<br \/>\nl\u2019odeur, l\u2019air, le bruit. Jamais intimid\u00e9. M\u00eame les chutes ne le<br \/>\nfreinaient pas. Il tombait, se relevait. \u00bb<\/p>\n<p>Les souvenirs remontent vite. Le Superbike \u00e0 la t\u00e9l\u00e9, les h\u00e9ros<br \/>\nde l\u2019\u00e9poque. \u00ab Il adorait Bayliss\u2026 <strong>mais surtout un<br \/>\npilote qui portait le num\u00e9ro 41<\/strong>. Je crois que c\u2019\u00e9tait \u00e0<br \/>\nLaguna Seca. Pecco en parlait sans arr\u00eat. Il l\u2019a m\u00eame choisi pour<br \/>\nsa minimoto. \u00bb<\/p>\n<p>\u00ab Un jour, j\u2019ai vu une invitation de la f\u00e9d\u00e9ration italienne<br \/>\npour tester des mini-motos, pr\u00e8s de chez nous, \u00e0 Pistina. On y est<br \/>\nall\u00e9s\u2026 <strong>et il est devenu fou ! Il \u00e9tait dans son<br \/>\nmonde<\/strong>. \u00bb<\/p>\n<p>Tr\u00e8s vite, une course locale est organis\u00e9e. Pecco insiste :<br \/>\n\u00ab\u00a0Papa, je veux y participer.\u00a0\u00bb Pietro accepte.<br \/>\n\u00ab \u00c0 ce moment-l\u00e0, je ne pensais pas du tout \u00e0 une carri\u00e8re.<br \/>\nPour moi, c\u2019\u00e9tait du jeu<strong>. Il fallait le soutenir, lui<br \/>\napprendre \u00e0 croire en lui<\/strong>, pas \u00e0 lui faire porter un r\u00eave<br \/>\nd\u2019adulte. \u00bb<\/p>\n<p><img decoding=\"async\" class=\"aligncenter\" src=\"https:\/\/www.europesays.com\/fr\/wp-content\/uploads\/2025\/07\/Captura-de-pantalla-2025-07-24-a-las-11.21.05.png\" alt=\"Pietro Bagnaia\"\/><\/p>\n<p><strong>Pietro Bagnaia\u00a0:<br \/>\n\u00ab\u00a0je ne crois pas \u00e0 ces parents qui disent : \u00ab\u00a0Mon<br \/>\nfils sera pilote.\u00a0\u00bb Ce n\u2019est pas<br \/>\nsain\u00a0\u00bb<\/strong><\/p>\n<p>Ce <a href=\"https:\/\/www.paddock-gp.com\/motogp-brno-championnat-huitieme-victoire-de-la-saison-120-points-davance-marc-marquez-peut-profiter-de-ses-vacances\/\" rel=\"nofollow noopener\" target=\"_blank\"><br \/>\n<strong>championnat<\/strong><\/a> ? Une p\u00e9pini\u00e8re de talents. \u00ab<br \/>\nIl y <strong>avait Di Giannantonio, Bezzecchi, Migno, Marini,<br \/>\nEnea\u2026<\/strong> Une g\u00e9n\u00e9ration incroyable. Ils se battaient d\u00e9j\u00e0<br \/>\nentre eux, mais dans le respect et l\u2019insouciance. \u00bb<\/p>\n<p>Mais Pietro insiste : \u00ab je n\u2019ai jamais pens\u00e9 qu\u2019il<br \/>\ndeviendrait pro. Z\u00e9ro. Je ne crois pas \u00e0 ces parents qui disent :<br \/>\n\u00ab\u00a0Mon fils sera pilote.\u00a0\u00bb Ce n\u2019est pas sain<strong>. Il<br \/>\nfaut que l\u2019envie vienne de lui<\/strong>. \u00bb<\/p>\n<p>\u00ab Un jour, Pecco m\u2019a surpris. <strong>Il avait pr\u00e9par\u00e9 la<br \/>\nvalise tout seul pour partir courir<\/strong>. C\u2019est l\u00e0 que j\u2019ai<br \/>\ncompris que \u00e7a le faisait vibrer. Il n\u2019avait peur de rien, m\u00eame pas<br \/>\nd\u2019aller en Espagne, dans un championnat inconnu. \u00bb<\/p>\n<p>C\u2019est l\u00e0 qu\u2019il croise <strong>Emilio Alzamora<\/strong>,<br \/>\nex-manager de <a href=\"https:\/\/www.paddock-gp.com\/motogp-marc-marquez-attaque-juste-pour-rester-concentre-il-cherche-a-se-stimuler-a-samuser-mais-qui-a-dit-ca\/\" rel=\"nofollow noopener\" target=\"_blank\"><br \/>\n<strong>Marc Marquez<\/strong><\/a>. Pietro s\u2019en souvient avec<br \/>\n\u00e9motion : \u00ab <strong>Emilio est un seigneur<\/strong>.<br \/>\nUn professionnel. Il a tout appris \u00e0 Pecco : g\u00e9rer la pression,<br \/>\npenser en pilote, mais aussi rester un \u00eatre humain. Il lui a<br \/>\ntransmis une m\u00e9thode. <strong>Il ne lui a jamais mis de pression,<br \/>\nseulement des outils<\/strong>. \u00bb<\/p>\n<p>Et ce fameux tour en scooter alors\u00a0? \u00ab Ramener Marc ?<br \/>\nC\u2019\u00e9tait normal. On est tous dans ce monde ensemble. Quand j\u2019ai vu<br \/>\nqu\u2019il \u00e9tait \u00e0 pied, j\u2019ai r\u00e9agi comme un p\u00e8re, pas comme un fan ou<br \/>\nun adversaire. Je l\u2019ai ramen\u00e9. <strong>Pecco l\u2019aurait fait<br \/>\naussi<\/strong>. \u00bb<\/p>\n<p>Et il conclut sur <a href=\"https:\/\/www.motosan.es\/motogp\/el-padre-de-bagnaia-el-ejemplo-mas-claro-es-el-de-lorenzo-y-para-mi-es-equivocado\/\" rel=\"nofollow noopener\" target=\"_blank\"><br \/>\nmotosan<\/a> avec humilit\u00e9 : \u00ab ce n\u2019est pas une question de<br \/>\nrivalit\u00e9, <strong>c\u2019est une question d\u2019\u00e9ducation<\/strong>. Pecco<br \/>\naime la course. <strong>Moi, j\u2019ai juste essay\u00e9 de lui apprendre \u00e0<br \/>\naimer aussi les gens<\/strong>. \u00bb<\/p>\n<p>Souvent dans l\u2019ombre, <strong>Pietro Bagnaia<\/strong> est<br \/>\naujourd\u2019hui sous les projecteurs\u2026 et il incarne \u00e0 merveille cette<br \/>\nid\u00e9e qu\u2019un champion ne se construit pas seul. Derri\u00e8re un casque,<br \/>\nil y a toujours une famille. Parfois, un p\u00e8re sur un scooter.<\/p>\n<p><img loading=\"lazy\" decoding=\"async\" class=\"aligncenter size-full wp-image-1314060\" src=\"https:\/\/www.europesays.com\/fr\/wp-content\/uploads\/2025\/07\/Pecco-1.jpg\" alt=\"Pietro Bagnaia \" width=\"784\" height=\"489\"  \/><\/p>\n","protected":false},"excerpt":{"rendered":"Ce samedi des qualifications MotoGP \u00e0 Brno restera grav\u00e9 dans les m\u00e9moires. Marc Marquez, victime d\u2019une chute dans&hellip;\n","protected":false},"author":2,"featured_media":281711,"comment_status":"","ping_status":"","sticky":false,"template":"","format":"standard","meta":{"footnotes":""},"categories":[1413],"tags":[1011,27,1457,1456,60],"class_list":{"0":"post-281710","1":"post","2":"type-post","3":"status-publish","4":"format-standard","5":"has-post-thumbnail","7":"category-moto","8":"tag-fr","9":"tag-france","10":"tag-moto","11":"tag-motocycle","12":"tag-sports"},"share_on_mastodon":{"url":"https:\/\/pubeurope.com\/@fr\/114936128768455187","error":""},"_links":{"self":[{"href":"https:\/\/www.europesays.com\/fr\/wp-json\/wp\/v2\/posts\/281710","targetHints":{"allow":["GET"]}}],"collection":[{"href":"https:\/\/www.europesays.com\/fr\/wp-json\/wp\/v2\/posts"}],"about":[{"href":"https:\/\/www.europesays.com\/fr\/wp-json\/wp\/v2\/types\/post"}],"author":[{"embeddable":true,"href":"https:\/\/www.europesays.com\/fr\/wp-json\/wp\/v2\/users\/2"}],"replies":[{"embeddable":true,"href":"https:\/\/www.europesays.com\/fr\/wp-json\/wp\/v2\/comments?post=281710"}],"version-history":[{"count":0,"href":"https:\/\/www.europesays.com\/fr\/wp-json\/wp\/v2\/posts\/281710\/revisions"}],"wp:featuredmedia":[{"embeddable":true,"href":"https:\/\/www.europesays.com\/fr\/wp-json\/wp\/v2\/media\/281711"}],"wp:attachment":[{"href":"https:\/\/www.europesays.com\/fr\/wp-json\/wp\/v2\/media?parent=281710"}],"wp:term":[{"taxonomy":"category","embeddable":true,"href":"https:\/\/www.europesays.com\/fr\/wp-json\/wp\/v2\/categories?post=281710"},{"taxonomy":"post_tag","embeddable":true,"href":"https:\/\/www.europesays.com\/fr\/wp-json\/wp\/v2\/tags?post=281710"}],"curies":[{"name":"wp","href":"https:\/\/api.w.org\/{rel}","templated":true}]}}