{"id":281712,"date":"2025-07-29T10:48:14","date_gmt":"2025-07-29T10:48:14","guid":{"rendered":"https:\/\/www.europesays.com\/fr\/281712\/"},"modified":"2025-07-29T10:48:14","modified_gmt":"2025-07-29T10:48:14","slug":"heureusement-que-la-course-etait-seche","status":"publish","type":"post","link":"https:\/\/www.europesays.com\/fr\/281712\/","title":{"rendered":"Heureusement que la course \u00e9tait s\u00e8che"},"content":{"rendered":"<p>Apr\u00e8s des semaines compliqu\u00e9es, la deuxi\u00e8me entr\u00e9e dans les points d&rsquo;<a href=\"https:\/\/fr.motorsport.com\/driver\/alexander-albon\/109635\/\" target=\"_blank\" rel=\"noopener nofollow\">Alexander Albon<\/a> en Belgique, \u00e0 la suite de sa huiti\u00e8me place \u00e0 Silverstone, ravive les troupes chez <a href=\"https:\/\/fr.motorsport.com\/team\/williams\/613\/\" target=\"_blank\" rel=\"noopener nofollow\">Williams<\/a>.\u00a0Alors qu&rsquo;il s&rsquo;attendait \u00e0 une course difficile, le Tha\u00eflandais s&rsquo;est r\u00e9joui de son \u00e9preuve, qu&rsquo;il a termin\u00e9e en sixi\u00e8me position.<\/p>\n<p>La FW47 n&rsquo;est, en g\u00e9n\u00e9ral, pas tr\u00e8s \u00e0 l&rsquo;aise\u00a0en conditions pluvieuses. Sous le ciel changeant de Belgique, bien qu&rsquo;il ait perdu une position au d\u00e9part face \u00e0 <a href=\"https:\/\/fr.motorsport.com\/driver\/george-russell\/96626\/\" target=\"_blank\" rel=\"noopener nofollow\">George Russell<\/a>, Albon a pu garder le contact avec la <a href=\"https:\/\/fr.motorsport.com\/team\/mercedes\/611\/\" target=\"_blank\" rel=\"noopener nofollow\">Mercedes<\/a> pendant une bonne partie de la course et a m\u00eame r\u00e9ussi \u00e0 contenir la <a href=\"https:\/\/fr.motorsport.com\/team\/ferrari\/615\/\" target=\"_blank\" rel=\"noopener nofollow\">Ferrari<\/a> de <a href=\"https:\/\/fr.motorsport.com\/driver\/lewis-hamilton\/76878\/\" target=\"_blank\" rel=\"noopener nofollow\">Lewis Hamilton<\/a> jusqu&rsquo;\u00e0 la ligne d&rsquo;arriv\u00e9e.\u00a0<\/p>\n<p>\u00ab\u00a0Franchement, je suis tr\u00e8s content\u00a0\u00bb, a d\u00e9clar\u00e9 le pilote. \u00ab\u00a0Je savais qu&rsquo;on allait un peu gal\u00e9rer avec les pneus pluie. On l&rsquo;a vu \u00e0 Silverstone, on l&rsquo;a encore vu ici. On a du mal avec les interm\u00e9diaires, surtout dans les virages rapides. Ensuite, quand tout le monde a commenc\u00e9 \u00e0 d\u00e9grader, nous on s&rsquo;en sortait plut\u00f4t bien. J&rsquo;\u00e9tais m\u00eame en train de rattraper George vers la fin du relais en inters.\u00a0\u00bb<\/p>\n<p>\u00ab\u00a0Une fois qu&rsquo;on a mis les slicks, on a eu une bonne partie de la course o\u00f9 on \u00e9tait \u00e0 une seconde, une seconde et demie de George, donc c&rsquo;\u00e9tait plut\u00f4t prometteur. J&rsquo;ai un peu d\u00e9croch\u00e9 ensuite, mais honn\u00eatement, c&rsquo;\u00e9tait pas mal du tout. On \u00e9tait \u00e0 12 secondes devant la prochaine voiture du milieu de grille, donc c&rsquo;est tr\u00e8s solide. Et on avait assez de rythme pour r\u00e9sister \u00e0 Lewis.\u00a0\u00bb<\/p>\n<p>Lire aussi :<\/p>\n<p>Lewis Hamilton a \u00e9t\u00e9 l&rsquo;un des premiers \u00e0 s&rsquo;arr\u00eater pour passer les pneus slicks, au 11e tour. Cette strat\u00e9gie anticip\u00e9e lui a permis de remonter du fond du peloton, puisqu&rsquo;il s&rsquo;\u00e9lan\u00e7ait depuis la voie des stands, jusqu&rsquo;\u00e0 la septi\u00e8me place. Mais cette d\u00e9cision n&rsquo;\u00e9tait pas sans risques, car la piste n&rsquo;\u00e9tait pas encore tout \u00e0 fait s\u00e8che. C&rsquo;est pour cette raison qu&rsquo;Albon n&rsquo;a pas suivi le Britannique dans les stands lorsqu&rsquo;il s&rsquo;est arr\u00eat\u00e9.\u00a0<\/p>\n<p>\u00ab\u00a0Je ne voulais pas \u00eatre le premier \u00e0 tenter [de passer les slicks]\u00a0\u00bb, a-t-il expliqu\u00e9. \u00ab\u00a0Il y avait encore beaucoup de flaques dans les zones de freinage, et je ne voulais pas \u00eatre celui qui allait les tester, surtout dans notre position. C&rsquo;\u00e9tait peut-\u00eatre un peu trop prudent, mais vu notre situation, mieux vaut pr\u00e9venir que gu\u00e9rir.\u00a0\u00bb<\/p>\n<p>Un pari qui a pay\u00e9<\/p>\n<p>En amont de l&rsquo;\u00e9preuve, beaucoup de pilotes avaient fait le choix d&rsquo;opter pour des r\u00e9glages de voitures \u00e0 fort appui a\u00e9rodynamique, au vu de la pluie qui devait s&rsquo;abattre sur la piste tout au long de la course. Williams et Albon ont quant \u00e0 eux fait le choix inverse, avec des r\u00e9glages plut\u00f4t tourn\u00e9s vers des conditions s\u00e8ches. Cette d\u00e9cision a sauv\u00e9 la sixi\u00e8me place du Tha\u00eflandais, apr\u00e8s que l&rsquo;\u00e9preuve s&rsquo;est pratiquement enti\u00e8rement d\u00e9roul\u00e9e sous un ciel d\u00e9gag\u00e9.\u00a0<\/p>\n<p>   <img decoding=\"async\" draggable=\"false\" src=\"https:\/\/www.europesays.com\/fr\/wp-content\/uploads\/2025\/07\/george-russell-mercedes-alexan.jpg\" alt=\"George Russell chasse Alexander Albon en d\u00e9but de GP.\" width=\"1200\" height=\"800\" loading=\"lazy\"\/> <\/p>\n<p class=\"title\">George Russell chasse Alexander Albon en d\u00e9but de GP.<\/p>\n<p class=\"photographer\">Photo de: Steven Tee \/ LAT Images via Getty Images<\/p>\n<p>\u00ab\u00a0Au d\u00e9but, \u00e7a semblait avantager ceux partis depuis la voie des stands, ils avaient tous mont\u00e9 de gros ailerons arri\u00e8re\u00a0\u00bb, a-t-il expliqu\u00e9. \u00ab\u00a0Sur un circuit comme celui-ci, sous la pluie, \u00e7a peut faire jusqu&rsquo;\u00e0 une seconde au tour. J&rsquo;\u00e9tais un peu inquiet que Lewis et Kimi [Antonelli] remontent tr\u00e8s vite. Nous, on a fait l&rsquo;inverse, on a r\u00e9duit l&rsquo;aileron, donc on \u00e9tait un peu nerveux. Mais je dirais, heureusement que la course a \u00e9t\u00e9 majoritairement s\u00e8che.\u00a0\u00bb<\/p>\n<p>Apr\u00e8s des semaines difficiles et vierges de points pour l&rsquo;\u00e9quipe britannique, les r\u00e9sultats du Grand Prix de Grande-Bretagne et de Belgique redonnent de l&rsquo;espoir \u00e0 Grove. L&rsquo;\u00e9curie a \u00e9galement introduit des am\u00e9liorations \u00e0 Spa, qui semblent avoir fonctionn\u00e9 comme pr\u00e9vu. Toutefois, Albon garde la t\u00eate sur les \u00e9paules et pr\u00e9f\u00e8re attendre les circuits o\u00f9 la monoplace sera en difficult\u00e9 avant de voir o\u00f9 se trouve r\u00e9ellement Williams\u00a0dans la hi\u00e9rarchie du milieu de grille.\u00a0\u00a0<\/p>\n<p>\u00ab\u00a0On a fait une tr\u00e8s bonne course aujourd&rsquo;hui\u00a0\u00bb, a-t-il confi\u00e9 dimanche. \u00ab\u00a0Le package nous a clairement aid\u00e9s \u00e0 finir l\u00e0 o\u00f9 on a fini, sinon on n&rsquo;y serait pas arriv\u00e9s. Mais il faut encore d&rsquo;autres circuits pour vraiment savoir o\u00f9 on en est. Ce circuit nous a toujours bien convenu. La Hongrie, en revanche, c&rsquo;est rarement bon pour nous, donc on verra l\u00e0-bas. Si on est bons \u00e0 Budapest, alors je pense qu&rsquo;on pourra dire que le reste de la saison s&rsquo;annonce bien. Mais j&rsquo;attends de voir.\u00a0\u00bb<\/p>\n<p style=\"text-align: right;\">Propos recueillis par Benjamin Vinel<\/p>\n<p>Lire aussi :<\/p>\n<p>Dans cet article<\/p>\n<p>Soyez le premier inform\u00e9 et souscrivez aux alertes mails pour recevoir les infos en temps r\u00e9el<\/p>\n<p>    S&rsquo;abonner aux alertes de news<\/p>\n","protected":false},"excerpt":{"rendered":"Apr\u00e8s des semaines compliqu\u00e9es, la deuxi\u00e8me entr\u00e9e dans les points d&rsquo;Alexander Albon en Belgique, \u00e0 la suite de&hellip;\n","protected":false},"author":2,"featured_media":281713,"comment_status":"","ping_status":"","sticky":false,"template":"","format":"standard","meta":{"footnotes":""},"categories":[1412],"tags":[2239,1451,1452,1453,1454,1455,1011,27,38196,19528,60,2771],"class_list":{"0":"post-281712","1":"post","2":"type-post","3":"status-publish","4":"format-standard","5":"has-post-thumbnail","7":"category-f1","8":"tag-alexander-albon","9":"tag-f1","10":"tag-formula-1","11":"tag-formula1","12":"tag-formule-1","13":"tag-formule1","14":"tag-fr","15":"tag-france","16":"tag-gp-de-belgique","17":"tag-spa-francorchamps","18":"tag-sports","19":"tag-williams"},"share_on_mastodon":{"url":"https:\/\/pubeurope.com\/@fr\/114936132753328905","error":""},"_links":{"self":[{"href":"https:\/\/www.europesays.com\/fr\/wp-json\/wp\/v2\/posts\/281712","targetHints":{"allow":["GET"]}}],"collection":[{"href":"https:\/\/www.europesays.com\/fr\/wp-json\/wp\/v2\/posts"}],"about":[{"href":"https:\/\/www.europesays.com\/fr\/wp-json\/wp\/v2\/types\/post"}],"author":[{"embeddable":true,"href":"https:\/\/www.europesays.com\/fr\/wp-json\/wp\/v2\/users\/2"}],"replies":[{"embeddable":true,"href":"https:\/\/www.europesays.com\/fr\/wp-json\/wp\/v2\/comments?post=281712"}],"version-history":[{"count":0,"href":"https:\/\/www.europesays.com\/fr\/wp-json\/wp\/v2\/posts\/281712\/revisions"}],"wp:featuredmedia":[{"embeddable":true,"href":"https:\/\/www.europesays.com\/fr\/wp-json\/wp\/v2\/media\/281713"}],"wp:attachment":[{"href":"https:\/\/www.europesays.com\/fr\/wp-json\/wp\/v2\/media?parent=281712"}],"wp:term":[{"taxonomy":"category","embeddable":true,"href":"https:\/\/www.europesays.com\/fr\/wp-json\/wp\/v2\/categories?post=281712"},{"taxonomy":"post_tag","embeddable":true,"href":"https:\/\/www.europesays.com\/fr\/wp-json\/wp\/v2\/tags?post=281712"}],"curies":[{"name":"wp","href":"https:\/\/api.w.org\/{rel}","templated":true}]}}