{"id":281716,"date":"2025-07-29T10:50:12","date_gmt":"2025-07-29T10:50:12","guid":{"rendered":"https:\/\/www.europesays.com\/fr\/281716\/"},"modified":"2025-07-29T10:50:12","modified_gmt":"2025-07-29T10:50:12","slug":"om-kone-prete-a-sassuolo-officiel-maxifoot","status":"publish","type":"post","link":"https:\/\/www.europesays.com\/fr\/281716\/","title":{"rendered":"OM : Kon\u00e9 pr\u00eat\u00e9 \u00e0 Sassuolo (officiel) &#8211; Maxifoot"},"content":{"rendered":"<ol>\n<li><a href=\"https:\/\/news.google.com\/rss\/articles\/CBMifkFVX3lxTE9zUU9BWUNIb2ZMaTdLRDhoZzg3NWRlS0J0bVE1aDBoOWhnNmVNZ19fSWtQdlRiRWFhNGw3bjYxRlVubXJlUy1oMVVOWnhIUXJZMjNzUkprdmJZeGthWk9LSDg5blFQZ0xveFZxbm9vSHlYTG9hcFpXMEFCeHdLZ9IBfkFVX3lxTE9pR0c0NmFMVGFBWFNCcFg1QVJZNkhiLWdJWjVyQ2RPeFRXMjdza1g1NTc3S2pWR2d2clo1cGJ3SW5oZGw3YV8zNDBSLWFyTzJRRENBUVE0dnJfRW05QUxaVVNSRFJPc29VY3RfQ3RNWS11cmQyZm5lR1dfTkNzdw?oc=5\" target=\"_blank\" rel=\"noopener\">OM : Kon\u00e9 pr\u00eat\u00e9 \u00e0 Sassuolo (officiel)<\/a>&nbsp;&nbsp;Maxifoot<\/li>\n<li><a href=\"https:\/\/news.google.com\/rss\/articles\/CBMi3AFBVV95cUxOajk3YmkybGRySmsyekJXMFljckhDd3pmSXprMU53c2gxeG4yVndscmxLQ0c3aFBmaTlPX1ZQS3lBLUZwRWRvSnVvRGVncVpYNXgySEpzUHRfX0xyRUlRa0V4SWJUcFFNZ3VZcXE3dm5KUDQ3Ym1fYVNGVHRnZWl4dTUwek5abVoxZTd4Ql8yS1lpc2ZmZTBRNDJnQXQzTmVOdnNXMnVPVFRuVURhd0xmVlp6NWMzWVA2cWViTGN5NzNrZzRLOFFieVlsRUkxbVVyaVlaSDdiZ2xvcm96?oc=5\" target=\"_blank\" rel=\"noopener\">DIRECT. Mercato: Marseille pr\u00eate Isma\u00ebl Kon\u00e9 \u00e0 Sassuolo<\/a>&nbsp;&nbsp;RMC Sport<\/li>\n<li><a href=\"https:\/\/news.google.com\/rss\/articles\/CBMioAFBVV95cUxOVGFKVEJWLW9YNVdENHktSk9UaDhyQmxrQllDTnQ4SUtQMHIweXRxeHNxRXdXaDhCOUxYdjVBbnNEdzl3eWQ4dkhQRkpCLWdnU1VZaTdVVDd0MTNObGRpcVdrVHJXQ1pXSmVwbFZqZ0QybjBqMHRDaHZ6dFFMLTV5V21Hd3pRUzQxOEhONVVwWVhxV0xzNFJIU2NqTEtzQmh4?oc=5\" target=\"_blank\" rel=\"noopener\">OM : Isma\u00ebl Kon\u00e9 pr\u00eat\u00e9 avec option d\u2019achat \u00e0 Sassuolo<\/a>&nbsp;&nbsp;Foot Mercato<\/li>\n<li><a href=\"https:\/\/news.google.com\/rss\/articles\/CBMisAFBVV95cUxOcTkzUXJLMENSUy1ZSWlyYXJSNXRuN2o0QXFodXdGVmdVZHJHcGw4OXJIS2NUN0JFSklLanVwaUlzNEZ3Qm14NUtLaHBrazB2T2VCOWNTT3phTzZtMGlaSTM2dTZUYXpIbVpxZDRmSzlYSERXdEw0UTNPVTlyTExvMi1SaF9lWkpjcW1fRU5yNUpuckhnTHpicEJFbVlrTVZBUm92RHZWR2g2OG9sT0h0aw?oc=5\" target=\"_blank\" rel=\"noopener\">L&rsquo;OM pr\u00eate Isma\u00ebl Kon\u00e9 en Serie A &#8211; Italie &#8211; Sassuolo<\/a>&nbsp;&nbsp;SO FOOT.com<\/li>\n<li><a href=\"https:\/\/news.google.com\/rss\/articles\/CBMi0wFBVV95cUxNd05UQXhKMUhWRmxUcnlOSEN3VVVBOUw1cXlqU1M4aUdqQzZmdjJrMkdKRUpxUEpxLS1JT1J4WFN2ZDd2d3pBYTI1QjBZbThYc1ZMc3M2Wjlldk5sR05semliYnprdlVINk1fd1F5c2xtYjBPMF83V1c1MzJ3d1lmeVh1Wm8zdjlndTItRlE3SGdqam04WHJRSC1mSy1leEVnMzNNY0VCN0FmdnRuWGdTRjFGd1kzUlVaQUFwLUkxNHlGc2xwZVFSQy02cktDSHBCXzdB?oc=5\" target=\"_blank\" rel=\"noopener\">Mercato : Il s\u2019imaginait en superstar de Premier League, l\u2019OM lui a remis la t\u00eate \u00e0 l\u2019endroit !<\/a>&nbsp;&nbsp;Foot Marseillais<\/li>\n<\/ol>\n","protected":false},"excerpt":{"rendered":"OM : Kon\u00e9 pr\u00eat\u00e9 \u00e0 Sassuolo (officiel)&nbsp;&nbsp;Maxifoot DIRECT. Mercato: Marseille pr\u00eate Isma\u00ebl Kon\u00e9 \u00e0 Sassuolo&nbsp;&nbsp;RMC Sport OM :&hellip;\n","protected":false},"author":2,"featured_media":281717,"comment_status":"","ping_status":"","sticky":false,"template":"","format":"standard","meta":{"footnotes":""},"categories":[1410],"tags":[2266,2262,2261,1981,83,2260,451,2263,462,2269,2257,63,1011,27,2265,1441,453,66,447,2267,955,2268,241,149,70,1817,93,2264,2258,2259,60,969,455],"class_list":{"0":"post-281716","1":"post","2":"type-post","3":"status-publish","4":"format-standard","5":"has-post-thumbnail","7":"category-football","8":"tag-as-monaco","9":"tag-bundesligua","10":"tag-calcio","11":"tag-classement","12":"tag-coupe-de-france","13":"tag-coupe-de-la-ligue","14":"tag-coupe-du-monde","15":"tag-equipe","16":"tag-fc-nantes","17":"tag-fifa","18":"tag-foot","19":"tag-football","20":"tag-fr","21":"tag-france","22":"tag-girondins-bordeaux","23":"tag-joueur","24":"tag-liga","25":"tag-ligue-1","26":"tag-ligue-des-champions","27":"tag-losc","28":"tag-match","29":"tag-ogc-nice","30":"tag-ol","31":"tag-om","32":"tag-premier-league","33":"tag-pronostic","34":"tag-psg","35":"tag-rc-lens","36":"tag-resultat","37":"tag-score","38":"tag-sports","39":"tag-transfert","40":"tag-uefa"},"share_on_mastodon":{"url":"https:\/\/pubeurope.com\/@fr\/114936140563855389","error":""},"_links":{"self":[{"href":"https:\/\/www.europesays.com\/fr\/wp-json\/wp\/v2\/posts\/281716","targetHints":{"allow":["GET"]}}],"collection":[{"href":"https:\/\/www.europesays.com\/fr\/wp-json\/wp\/v2\/posts"}],"about":[{"href":"https:\/\/www.europesays.com\/fr\/wp-json\/wp\/v2\/types\/post"}],"author":[{"embeddable":true,"href":"https:\/\/www.europesays.com\/fr\/wp-json\/wp\/v2\/users\/2"}],"replies":[{"embeddable":true,"href":"https:\/\/www.europesays.com\/fr\/wp-json\/wp\/v2\/comments?post=281716"}],"version-history":[{"count":0,"href":"https:\/\/www.europesays.com\/fr\/wp-json\/wp\/v2\/posts\/281716\/revisions"}],"wp:featuredmedia":[{"embeddable":true,"href":"https:\/\/www.europesays.com\/fr\/wp-json\/wp\/v2\/media\/281717"}],"wp:attachment":[{"href":"https:\/\/www.europesays.com\/fr\/wp-json\/wp\/v2\/media?parent=281716"}],"wp:term":[{"taxonomy":"category","embeddable":true,"href":"https:\/\/www.europesays.com\/fr\/wp-json\/wp\/v2\/categories?post=281716"},{"taxonomy":"post_tag","embeddable":true,"href":"https:\/\/www.europesays.com\/fr\/wp-json\/wp\/v2\/tags?post=281716"}],"curies":[{"name":"wp","href":"https:\/\/api.w.org\/{rel}","templated":true}]}}